  {"id":181861,"date":"2019-03-11T12:24:44","date_gmt":"2019-03-11T16:24:44","guid":{"rendered":"https:\/\/www.un.org\/pga\/73\/2019\/03\/11\/opening-of-the-63rd-session-of-the-commission-on-the-status-of-women-csw\/"},"modified":"2019-03-11T12:28:52","modified_gmt":"2019-03-11T16:28:52","slug":"opening-of-the-63rd-session-of-the-commission-on-the-status-of-women-csw","status":"publish","type":"post","link":"https:\/\/www.un.org\/pga\/73\/es\/2019\/03\/11\/opening-of-the-63rd-session-of-the-commission-on-the-status-of-women-csw\/","title":{"rendered":"Apertura del 63\u00ba periodo de sesiones de la Comisi\u00f3n de la Condici\u00f3n Jur\u00eddica y Social de la Mujer (CSW)"},"content":{"rendered":"<p>[et_pb_section bb_built=\u00bb1&#8243;][et_pb_row][et_pb_column type=\u00bb4_4&#8243;][et_pb_text _builder_version=\u00bb3.17.4&#8243; border_style=\u00bbsolid\u00bb background_position=\u00bbtop_left\u00bb background_repeat=\u00bbrepeat\u00bb background_size=\u00bbinitial\u00bb]<\/p>\n<p style=\"text-align: center\"><strong><em>&#8211; Como Pronunciado &#8211;<\/em><\/strong><\/p>\n<p class=\"Body\" style=\"line-height: normal;margin: 0.25in 0in 12pt;text-align: left\" align=\"center\"><b><span lang=\"ES-TRAD\" style=\"font-size: 14.0pt\">INTERVENCI\u00d3N DE LA PRESIDENTA DEL 73\u00ba PERIODO DE SESIONES DE LA ASAMBLEA GENERAL, S.E. MARIA FERNANDA ESPINOSA<\/span><\/b><\/p>\n<p><strong><span class=\"updated\">11 de Marzo 2019<\/span><\/strong><\/p>\n<p><img loading=\"lazy\" decoding=\"async\" class=\"alignleft wp-image-181837 \" src=\"https:\/\/www.un.org\/pga\/73\/wp-content\/uploads\/sites\/53\/2019\/03\/Capturespeech-300x181.png\" alt=\"\" width=\"380\" height=\"229\" srcset=\"https:\/\/www.un.org\/pga\/wp-content\/uploads\/sites\/53\/2019\/03\/Capturespeech-300x181.png 300w, https:\/\/www.un.org\/pga\/wp-content\/uploads\/sites\/53\/2019\/03\/Capturespeech-150x91.png 150w, https:\/\/www.un.org\/pga\/wp-content\/uploads\/sites\/53\/2019\/03\/Capturespeech-768x464.png 768w, https:\/\/www.un.org\/pga\/wp-content\/uploads\/sites\/53\/2019\/03\/Capturespeech-627x376.png 627w, https:\/\/www.un.org\/pga\/wp-content\/uploads\/sites\/53\/2019\/03\/Capturespeech-440x264.png 440w, https:\/\/www.un.org\/pga\/wp-content\/uploads\/sites\/53\/2019\/03\/Capturespeech.png 898w\" sizes=\"(max-width: 380px) 100vw, 380px\" \/><\/p>\n<p>Estimadas Jefas de Estado y de Gobierno,<\/p>\n<p>Su Excelencia Embajadora Geraldine Byrne Nason, Presidenta de la Comisi\u00f3n de la Condici\u00f3n Jur\u00eddica y Social de la Mujer,<\/p>\n<p>Su Excelencia Embajadora\u00a0Inga Rhonda King, Presidenta del ECOSOC,<\/p>\n<p>Su Excelencia Marl\u00e8ne Schiappa, Presidenta del Consejo de Seguridad,<\/p>\n<p>Estimado Ant\u00f3nio Guterres, Secretario General,<\/p>\n<p>Estimada Phumzile Mlambo-Ngcuka, Directora Ejecutiva de ONU-Mujeres,<\/p>\n<p>Excelencias, Se\u00f1oras y Se\u00f1ores:<\/p>\n<p>En particular quiero saludar a las j\u00f3venes, a las defensoras de derechos humanos, a las mujeres combativas que nos acompa\u00f1an hoy en la Asamblea General.<\/p>\n<p>Bienvenidas a Nueva York y a esta Asamblea General, nuestro parlamento de la humanidad.<\/p>\n<p>Perm\u00edtanme en primer lugar expresar mi profundo pesar y mis condolencias a los familiares y amigos de las v\u00edctimas del vuelo que se estrell\u00f3 de ayer en Etiop\u00eda, y entre quienes se encontraban varios miembros de la familia de las Naciones Unidas. Expreso tambi\u00e9n mi solidaridad a los Gobiernos y pueblos de Etiop\u00eda y de Kenia, as\u00ed como a los pa\u00edses que perdieron a sus ciudadanos en esta terrible tragedia.<\/p>\n<p>Excelencias,<\/p>\n<p>Hoy estamos aqu\u00ed para levantar nuestras voces, una vez m\u00e1s, por los derechos de las mujeres, para reconocer nuestros aciertos y avances, pero tambi\u00e9n nos hemos congregado por la defensa de las v\u00edctimas de la violencia y la discriminaci\u00f3n. Estamos aqu\u00ed por millones de mujeres y ni\u00f1as a las que, a diario, se les niegan sus derechos y sus sue\u00f1os y se las condena a la pobreza y la marginaci\u00f3n.<\/p>\n<p>El mundo <em>no<\/em> ser\u00e1 mejor si seguimos excluyendo a la mitad de su poblaci\u00f3n. Por eso quiero reconocer el rol central de la Comisi\u00f3n de la Condici\u00f3n Jur\u00eddica y Social de la Mujer y el de todas ustedes para transformar esta realidad.<\/p>\n<p>[\/et_pb_text][\/et_pb_column][\/et_pb_row][et_pb_row][et_pb_column type=\u00bb1_2&#8243;][et_pb_text _builder_version=\u00bb3.17.4&#8243;]<\/p>\n<p>Durante dos semanas este foro abre un espacio de di\u00e1logo, de acercamiento entre cientos de representantes gubernamentales, del sistema de las Naciones Unidas, de la sociedad civil, de defensoras de los derechos humanos.<\/p>\n<p>Aqu\u00ed, las mujeres de todas partes del mundo, en su m\u00e1s amplia diversidad, encuentran un espacio para compartir sus experiencias, sus frustraciones, para insistir en sus demandas y necesidades.\u00a0 El objetivo com\u00fan que nos une es sin duda: fortalecer el compromiso con la igualdad y la afirmaci\u00f3n de los derechos de las mujeres.<\/p>\n<p>[\/et_pb_text][\/et_pb_column][et_pb_column type=\u00bb1_2&#8243;][et_pb_code _builder_version=\u00bb3.17.4&#8243;]\n<!-- iframe plugin v.6.0 wordpress.org\/plugins\/iframe\/ -->\n<iframe loading=\"lazy\" width=\"100%\" height=\"250\" src=\"\/\/www.un.org\/webcast\/1362235914001\/B1J3DDQJf_default\/index.html?videoId=6012584897001\" scrolling=\"yes\" class=\"iframe-class\" frameborder=\"0\"><\/iframe>\n<!-- [et_pb_line_break_holder] --><!-- [et_pb_line_break_holder] -->[\/et_pb_code][\/et_pb_column][\/et_pb_row][et_pb_row][et_pb_column type=\u00bb4_4&#8243;][et_pb_text _builder_version=\u00bb3.17.4&#8243;]<\/p>\n<p>Los est\u00e1ndares y pol\u00edticas que la Comisi\u00f3n establece, cada a\u00f1o, son fundamentales para fortalecer la agenda de igualdad y conectarla con el desarrollo sostenible y los derechos humanos y actuar sobre eso.<\/p>\n<p>Preservar y fortalecer esta Comisi\u00f3n es primordial para avanzar. M\u00e1s a\u00fan cuando, a solo un a\u00f1o de celebrar los 25 a\u00f1os de la Declaraci\u00f3n y del Programa de Acci\u00f3n de Beijing, distintas formas de violencia, discriminaci\u00f3n e intolerancia parecen resurgir al interior de las sociedades, poniendo en riesgo los derechos conquistados por las mujeres.\u00a0 No podemos permitirnos retroceder. Debemos estar atentas.<\/p>\n<p>En este per\u00edodo de sesiones nos convoca un tema de enorme relevancia: los sistemas de protecci\u00f3n social, el acceso a los servicios p\u00fablicos y la infraestructura sostenible como herramientas para alcanzar la igualdad de g\u00e9nero y el empoderamiento de las mujeres y las ni\u00f1as.<\/p>\n<p>Es fundamental que en su dise\u00f1o e implementaci\u00f3n se integre de forma transversal el enfoque de g\u00e9nero, y se tengan en cuenta las necesidades y desaf\u00edos particulares que enfrentan las mujeres: como las mujeres con discapacidad; las adultas mayores; las afrodescendientes, las ind\u00edgenas y las mujeres rurales; las migrantes, las refugiadas y las desplazadas internas.<\/p>\n<p>Los temas de financiamiento, de rendici\u00f3n de cuentas, y la participaci\u00f3n de las mujeres ser\u00e1n cr\u00edticos en las discusiones de estas dos semanas.<\/p>\n<p>Excelencias,<\/p>\n<p>Si bien parece ya un lugar com\u00fan se\u00f1alar que las mujeres son esenciales para el desarrollo sostenible, es importante que lo repitamos, porque es claro que no estamos haciendo lo suficiente para garantizar su plena participaci\u00f3n y aprovechar sus aportes. Lo m\u00e1s preocupante es que, de seguir la tendencia actual, corremos el riesgo de no lograr el Objetivo 5 de la Agenda 2030.<\/p>\n<p>Las cifras, en todos los \u00e1mbitos, son desoladoras: cada d\u00eda fallecen alrededor de 830 mujeres por causas prevenibles relacionadas con el embarazo y el parto. Y cada a\u00f1o, 3 millones de ni\u00f1as corren el riesgo de ser sometidas a la mutilaci\u00f3n genital femenina.<\/p>\n<p>A nivel laboral, las mujeres siguen recibiendo salarios m\u00e1s bajos por los mismos trabajos \u2013se calcula que una mujer tiene que trabajar diez a\u00f1os m\u00e1s para ganar lo mismo que un hombre\u2013.<\/p>\n<p>Una de cada tres mujeres y ni\u00f1as ha experimentado alguna forma de violencia f\u00edsica o sexual. Aunque tambi\u00e9n tenemos noticias alentadoras: en diciembre pasado, la Asamblea General adopt\u00f3 la primera Resoluci\u00f3n para prevenir y eliminar el acoso sexual, as\u00ed como todas las formas de violencia contra las mujeres y las ni\u00f1as.<\/p>\n<p>[\/et_pb_text][et_pb_testimonial _builder_version=\u00bb3.17.4&#8243; author=\u00bbMar\u00eda Fernanda Espinosa Garc\u00e9s\u00bb portrait_url=\u00bbhttps:\/\/www.un.org\/pga\/73\/wp-content\/uploads\/sites\/53\/2018\/09\/PGA-73084-e1537294481964.jpg\u00bb border_style=\u00bbsolid\u00bb job_title=\u00bbPRESIDENTA DEL 73\u00ba PERIODO DE SESIONES DE LA ASAMBLEA GENERAL\u00bb quote_icon_background_color=\u00bb#f5f5f5&#8243; background_position=\u00bbtop_left\u00bb background_repeat=\u00bbrepeat\u00bb background_size=\u00bbinitial\u00bb quote_icon_color=\u00bb#00aff8&#8243;]<\/p>\n<p><span lang=\"ES-TRAD\" style=\"color: #0000ff\">Una de las prioridades de mi mandato como Presidenta de la Asamblea General es la igualdad de g\u00e9nero y el empoderamiento de las mujeres y la ni\u00f1as. En cada una de mis actividades, en mis visitas oficiales, en cada espacio y oportunidad me he asegurado de instalar la igualdad de g\u00e9nero y los derechos de las mujeres en el centro del di\u00e1logo, de los compromisos y de las decisiones. <\/span><\/p>\n<p>[\/et_pb_testimonial][et_pb_text _builder_version=\u00bb3.17.4&#8243; border_style=\u00bbsolid\u00bb background_position=\u00bbtop_left\u00bb background_repeat=\u00bbrepeat\u00bb background_size=\u00bbinitial\u00bb]<\/p>\n<p><span lang=\"ES-TRAD\">Excelencias, estimadas amigas y amigos,<\/span><\/p>\n<p><span lang=\"ES-TRAD\">No contemplar la desigualdad hist\u00f3rica y estructural de las relaciones de poder entre mujeres y hombres, puede ampliar las brechas de g\u00e9nero existentes e incluso perpetuar la desigualdad y la exclusi\u00f3n.<\/span><\/p>\n<p><span lang=\"ES-TRAD\">Es por estas razones que una de las prioridades de mi mandato como Presidenta de la Asamblea General es la igualdad de g\u00e9nero y el empoderamiento de las mujeres y la ni\u00f1as. En cada una de mis actividades, en mis visitas oficiales, en cada espacio y oportunidad me he asegurado de instalar la igualdad de g\u00e9nero y los derechos de las mujeres en el centro del di\u00e1logo, de los compromisos y de las decisiones. <\/span><\/p>\n<p><span lang=\"ES-TRAD\">Son muchos los desaf\u00edos que tenemos, pero todo ser\u00e1 m\u00e1s f\u00e1cil si logramos una mayor participaci\u00f3n de las mujeres en la pol\u00edtica y en el poder. Necesitamos m\u00e1s mujeres tomando decisiones para reducir las brechas de desigualdad.<\/span><\/p>\n<p><span lang=\"ES-TRAD\">Precisamente por ello, he convocado para ma\u00f1ana 12 de marzo el Evento de Alto Nivel sobre \u201cMujeres en el Poder\u201d. Ser\u00e1 un d\u00eda hist\u00f3rico, &#8211; y por qu\u00e9 no decirlo- un nuevo momento para revitalizar nuestra agenda por la igualdad. El tiempo apremia y debemos actuar cuanto antes.<\/span><\/p>\n<p><span lang=\"ES-TRAD\">Excelencias,<\/span><\/p>\n<p><span lang=\"ES-TRAD\">Les deseo una fruct\u00edfera sesi\u00f3n y les animo a que no desistamos. Necesitamos actuar, debemos hacer, debemos tejer, debemos transformar. Y eso lo sabemos hacer muy bien las mujeres. Trabajando juntos, mujeres y hombres, podremos construir las sociedades en las que todos merecemos vivir: sociedades m\u00e1s justas, m\u00e1s incluyentes, m\u00e1s sostenibles y m\u00e1s pac\u00edficas.<\/span><\/p>\n<p><span lang=\"ES-TRAD\">Muchas gracias. <\/span><\/p>\n<p>[\/et_pb_text][\/et_pb_column][\/et_pb_row][\/et_pb_section]<\/p>\n","protected":false},"excerpt":{"rendered":"<p>INTERVENCI\u00d3N DE LA PRESIDENTA DEL 73\u00ba PERIODO DE SESIONES DE LA ASAMBLEA GENERAL, S.E. MARIA FERNANDA ESPINOSA &#8211; Apertura del 63\u00ba periodo de sesiones de la Comisi\u00f3n de la Condici\u00f3n Jur\u00eddica y Social de la Mujer (CSW)<\/p>\n","protected":false},"author":266,"featured_media":181855,"comment_status":"closed","ping_status":"closed","sticky":false,"template":"","format":"standard","meta":{"_et_pb_use_builder":"on","_et_pb_old_content":"","_et_gb_content_width":"","footnotes":"","_links_to":"","_links_to_target":""},"categories":[181],"tags":[],"class_list":["post-181861","post","type-post","status-publish","format-standard","has-post-thumbnail","hentry","category-statements-es","et-has-post-format-content","et_post_format-et-post-format-standard"],"yoast_head":"<!-- This site is optimized with the Yoast SEO plugin v28.3 - https:\/\/yoast.com\/product\/yoast-seo-wordpress\/ -->\n<title>Apertura del 63\u00ba periodo de sesiones de la Comisi\u00f3n de la Condici\u00f3n Jur\u00eddica y Social de la Mujer (CSW) - Asamblea General de las Naciones Unidas<\/title>\n<meta name=\"robots\" content=\"index, follow, max-snippet:-1, max-image-preview:large, max-video-preview:-1\" \/>\n<link rel=\"canonical\" href=\"https:\/\/www.un.org\/pga\/73\/2019\/03\/11\/opening-of-the-63rd-session-of-the-commission-on-the-status-of-women-csw\/\" \/>\n<meta property=\"og:locale\" content=\"es_ES\" \/>\n<meta property=\"og:type\" content=\"article\" \/>\n<meta property=\"og:title\" content=\"Apertura del 63\u00ba periodo de sesiones de la Comisi\u00f3n de la Condici\u00f3n Jur\u00eddica y Social de la Mujer (CSW) - Asamblea General de las Naciones Unidas\" \/>\n<meta property=\"og:description\" content=\"INTERVENCI\u00d3N DE LA PRESIDENTA DEL 73\u00ba PERIODO DE SESIONES DE LA ASAMBLEA GENERAL, S.E. MARIA FERNANDA ESPINOSA - Apertura del 63\u00ba periodo de sesiones de la Comisi\u00f3n de la Condici\u00f3n Jur\u00eddica y Social de la Mujer (CSW)\" \/>\n<meta property=\"og:url\" content=\"https:\/\/www.un.org\/pga\/73\/2019\/03\/11\/opening-of-the-63rd-session-of-the-commission-on-the-status-of-women-csw\/\" \/>\n<meta property=\"og:site_name\" content=\"Asamblea General de las Naciones Unidas\" \/>\n<meta property=\"article:published_time\" content=\"2019-03-11T16:24:44+00:00\" \/>\n<meta property=\"article:modified_time\" content=\"2019-03-11T16:28:52+00:00\" \/>\n<meta property=\"og:image\" content=\"https:\/\/www.un.org\/pga\/wp-content\/uploads\/sites\/53\/2019\/03\/Capturespeech.png\" \/>\n\t<meta property=\"og:image:width\" content=\"898\" \/>\n\t<meta property=\"og:image:height\" content=\"542\" \/>\n\t<meta property=\"og:image:type\" content=\"image\/png\" \/>\n<meta name=\"author\" content=\"Denise Kling\" \/>\n<meta name=\"twitter:card\" content=\"summary_large_image\" \/>\n<meta name=\"twitter:label1\" content=\"Escrito por\" \/>\n\t<meta name=\"twitter:data1\" content=\"Denise Kling\" \/>\n\t<meta name=\"twitter:label2\" content=\"Tiempo de lectura\" \/>\n\t<meta name=\"twitter:data2\" content=\"7 minutos\" \/>\n<script type=\"application\/ld+json\" class=\"yoast-schema-graph\">{\"@context\":\"https:\\\/\\\/schema.org\",\"@graph\":[{\"@type\":\"Article\",\"@id\":\"https:\\\/\\\/www.un.org\\\/pga\\\/73\\\/2019\\\/03\\\/11\\\/opening-of-the-63rd-session-of-the-commission-on-the-status-of-women-csw\\\/#article\",\"isPartOf\":{\"@id\":\"https:\\\/\\\/www.un.org\\\/pga\\\/73\\\/2019\\\/03\\\/11\\\/opening-of-the-63rd-session-of-the-commission-on-the-status-of-women-csw\\\/\"},\"author\":{\"name\":\"Denise Kling\",\"@id\":\"https:\\\/\\\/www.un.org\\\/pga\\\/73\\\/#\\\/schema\\\/person\\\/af470bea9354ed1b453ade6d22b5c9ee\"},\"headline\":\"Apertura del 63\u00ba periodo de sesiones de la Comisi\u00f3n de la Condici\u00f3n Jur\u00eddica y Social de la Mujer (CSW)\",\"datePublished\":\"2019-03-11T16:24:44+00:00\",\"dateModified\":\"2019-03-11T16:28:52+00:00\",\"mainEntityOfPage\":{\"@id\":\"https:\\\/\\\/www.un.org\\\/pga\\\/73\\\/2019\\\/03\\\/11\\\/opening-of-the-63rd-session-of-the-commission-on-the-status-of-women-csw\\\/\"},\"wordCount\":1430,\"publisher\":{\"@id\":\"https:\\\/\\\/www.un.org\\\/pga\\\/73\\\/#organization\"},\"image\":{\"@id\":\"https:\\\/\\\/www.un.org\\\/pga\\\/73\\\/2019\\\/03\\\/11\\\/opening-of-the-63rd-session-of-the-commission-on-the-status-of-women-csw\\\/#primaryimage\"},\"thumbnailUrl\":\"https:\\\/\\\/www.un.org\\\/pga\\\/wp-content\\\/uploads\\\/sites\\\/53\\\/2019\\\/03\\\/Capturespeech.png\",\"articleSection\":[\"Declaraciones\"],\"inLanguage\":\"es\"},{\"@type\":\"WebPage\",\"@id\":\"https:\\\/\\\/www.un.org\\\/pga\\\/73\\\/2019\\\/03\\\/11\\\/opening-of-the-63rd-session-of-the-commission-on-the-status-of-women-csw\\\/\",\"url\":\"https:\\\/\\\/www.un.org\\\/pga\\\/73\\\/2019\\\/03\\\/11\\\/opening-of-the-63rd-session-of-the-commission-on-the-status-of-women-csw\\\/\",\"name\":\"Apertura del 63\u00ba periodo de sesiones de la Comisi\u00f3n de la Condici\u00f3n Jur\u00eddica y Social de la Mujer (CSW) - Asamblea General de las Naciones Unidas\",\"isPartOf\":{\"@id\":\"https:\\\/\\\/www.un.org\\\/pga\\\/73\\\/#website\"},\"primaryImageOfPage\":{\"@id\":\"https:\\\/\\\/www.un.org\\\/pga\\\/73\\\/2019\\\/03\\\/11\\\/opening-of-the-63rd-session-of-the-commission-on-the-status-of-women-csw\\\/#primaryimage\"},\"image\":{\"@id\":\"https:\\\/\\\/www.un.org\\\/pga\\\/73\\\/2019\\\/03\\\/11\\\/opening-of-the-63rd-session-of-the-commission-on-the-status-of-women-csw\\\/#primaryimage\"},\"thumbnailUrl\":\"https:\\\/\\\/www.un.org\\\/pga\\\/wp-content\\\/uploads\\\/sites\\\/53\\\/2019\\\/03\\\/Capturespeech.png\",\"datePublished\":\"2019-03-11T16:24:44+00:00\",\"dateModified\":\"2019-03-11T16:28:52+00:00\",\"breadcrumb\":{\"@id\":\"https:\\\/\\\/www.un.org\\\/pga\\\/73\\\/2019\\\/03\\\/11\\\/opening-of-the-63rd-session-of-the-commission-on-the-status-of-women-csw\\\/#breadcrumb\"},\"inLanguage\":\"es\",\"potentialAction\":[{\"@type\":\"ReadAction\",\"target\":[\"https:\\\/\\\/www.un.org\\\/pga\\\/73\\\/2019\\\/03\\\/11\\\/opening-of-the-63rd-session-of-the-commission-on-the-status-of-women-csw\\\/\"]}]},{\"@type\":\"ImageObject\",\"inLanguage\":\"es\",\"@id\":\"https:\\\/\\\/www.un.org\\\/pga\\\/73\\\/2019\\\/03\\\/11\\\/opening-of-the-63rd-session-of-the-commission-on-the-status-of-women-csw\\\/#primaryimage\",\"url\":\"https:\\\/\\\/www.un.org\\\/pga\\\/wp-content\\\/uploads\\\/sites\\\/53\\\/2019\\\/03\\\/Capturespeech.png\",\"contentUrl\":\"https:\\\/\\\/www.un.org\\\/pga\\\/wp-content\\\/uploads\\\/sites\\\/53\\\/2019\\\/03\\\/Capturespeech.png\",\"width\":898,\"height\":542},{\"@type\":\"BreadcrumbList\",\"@id\":\"https:\\\/\\\/www.un.org\\\/pga\\\/73\\\/2019\\\/03\\\/11\\\/opening-of-the-63rd-session-of-the-commission-on-the-status-of-women-csw\\\/#breadcrumb\",\"itemListElement\":[{\"@type\":\"ListItem\",\"position\":1,\"name\":\"Home\",\"item\":\"https:\\\/\\\/www.un.org\\\/pga\\\/73\\\/es\\\/\"},{\"@type\":\"ListItem\",\"position\":2,\"name\":\"Apertura del 63\u00ba periodo de sesiones de la Comisi\u00f3n de la Condici\u00f3n Jur\u00eddica y Social de la Mujer (CSW)\"}]},{\"@type\":\"WebSite\",\"@id\":\"https:\\\/\\\/www.un.org\\\/pga\\\/73\\\/#website\",\"url\":\"https:\\\/\\\/www.un.org\\\/pga\\\/73\\\/\",\"name\":\"General Assembly of the United Nations\",\"description\":\"Presidenta del 73\u00b0 per\u00edodo de sesiones\",\"publisher\":{\"@id\":\"https:\\\/\\\/www.un.org\\\/pga\\\/73\\\/#organization\"},\"potentialAction\":[{\"@type\":\"SearchAction\",\"target\":{\"@type\":\"EntryPoint\",\"urlTemplate\":\"https:\\\/\\\/www.un.org\\\/pga\\\/73\\\/?s={search_term_string}\"},\"query-input\":{\"@type\":\"PropertyValueSpecification\",\"valueRequired\":true,\"valueName\":\"search_term_string\"}}],\"inLanguage\":\"es\"},{\"@type\":\"Organization\",\"@id\":\"https:\\\/\\\/www.un.org\\\/pga\\\/73\\\/#organization\",\"name\":\"General Assembly of the United Nations\",\"url\":\"https:\\\/\\\/www.un.org\\\/pga\\\/73\\\/\",\"logo\":{\"@type\":\"ImageObject\",\"inLanguage\":\"es\",\"@id\":\"https:\\\/\\\/www.un.org\\\/pga\\\/73\\\/#\\\/schema\\\/logo\\\/image\\\/\",\"url\":\"https:\\\/\\\/www.un.org\\\/pga\\\/wp-content\\\/uploads\\\/sites\\\/53\\\/2018\\\/07\\\/18-00066a_±¬ÁÏÍøGA73_Logos-no-type-04.png\",\"contentUrl\":\"https:\\\/\\\/www.un.org\\\/pga\\\/wp-content\\\/uploads\\\/sites\\\/53\\\/2018\\\/07\\\/18-00066a_±¬ÁÏÍøGA73_Logos-no-type-04.png\",\"width\":529,\"height\":601,\"caption\":\"General Assembly of the United Nations\"},\"image\":{\"@id\":\"https:\\\/\\\/www.un.org\\\/pga\\\/73\\\/#\\\/schema\\\/logo\\\/image\\\/\"}},{\"@type\":\"Person\",\"@id\":\"https:\\\/\\\/www.un.org\\\/pga\\\/73\\\/#\\\/schema\\\/person\\\/af470bea9354ed1b453ade6d22b5c9ee\",\"name\":\"Denise Kling\",\"image\":{\"@type\":\"ImageObject\",\"inLanguage\":\"es\",\"@id\":\"https:\\\/\\\/secure.gravatar.com\\\/avatar\\\/b5fdae9d2ae28ca0f434202f2c9b6f29640a2b757fdbaa4592687900a399db3d?s=96&d=mm&r=g\",\"url\":\"https:\\\/\\\/secure.gravatar.com\\\/avatar\\\/b5fdae9d2ae28ca0f434202f2c9b6f29640a2b757fdbaa4592687900a399db3d?s=96&d=mm&r=g\",\"contentUrl\":\"https:\\\/\\\/secure.gravatar.com\\\/avatar\\\/b5fdae9d2ae28ca0f434202f2c9b6f29640a2b757fdbaa4592687900a399db3d?s=96&d=mm&r=g\",\"caption\":\"Denise Kling\"},\"url\":\"https:\\\/\\\/www.un.org\\\/pga\\\/73\\\/es\\\/author\\\/denise-klingun-org\\\/\"}]}<\/script>\n<!-- \/ Yoast SEO plugin. -->","yoast_head_json":{"title":"Apertura del 63\u00ba periodo de sesiones de la Comisi\u00f3n de la Condici\u00f3n Jur\u00eddica y Social de la Mujer (CSW) - Asamblea General de las Naciones Unidas","robots":{"index":"index","follow":"follow","max-snippet":"max-snippet:-1","max-image-preview":"max-image-preview:large","max-video-preview":"max-video-preview:-1"},"canonical":"https:\/\/www.un.org\/pga\/73\/2019\/03\/11\/opening-of-the-63rd-session-of-the-commission-on-the-status-of-women-csw\/","og_locale":"es_ES","og_type":"article","og_title":"Apertura del 63\u00ba periodo de sesiones de la Comisi\u00f3n de la Condici\u00f3n Jur\u00eddica y Social de la Mujer (CSW) - Asamblea General de las Naciones Unidas","og_description":"INTERVENCI\u00d3N DE LA PRESIDENTA DEL 73\u00ba PERIODO DE SESIONES DE LA ASAMBLEA GENERAL, S.E. MARIA FERNANDA ESPINOSA - Apertura del 63\u00ba periodo de sesiones de la Comisi\u00f3n de la Condici\u00f3n Jur\u00eddica y Social de la Mujer (CSW)","og_url":"https:\/\/www.un.org\/pga\/73\/2019\/03\/11\/opening-of-the-63rd-session-of-the-commission-on-the-status-of-women-csw\/","og_site_name":"Asamblea General de las Naciones Unidas","article_published_time":"2019-03-11T16:24:44+00:00","article_modified_time":"2019-03-11T16:28:52+00:00","og_image":[{"width":898,"height":542,"url":"https:\/\/www.un.org\/pga\/wp-content\/uploads\/sites\/53\/2019\/03\/Capturespeech.png","type":"image\/png"}],"author":"Denise Kling","twitter_card":"summary_large_image","twitter_misc":{"Escrito por":"Denise Kling","Tiempo de lectura":"7 minutos"},"schema":{"@context":"https:\/\/schema.org","@graph":[{"@type":"Article","@id":"https:\/\/www.un.org\/pga\/73\/2019\/03\/11\/opening-of-the-63rd-session-of-the-commission-on-the-status-of-women-csw\/#article","isPartOf":{"@id":"https:\/\/www.un.org\/pga\/73\/2019\/03\/11\/opening-of-the-63rd-session-of-the-commission-on-the-status-of-women-csw\/"},"author":{"name":"Denise Kling","@id":"https:\/\/www.un.org\/pga\/73\/#\/schema\/person\/af470bea9354ed1b453ade6d22b5c9ee"},"headline":"Apertura del 63\u00ba periodo de sesiones de la Comisi\u00f3n de la Condici\u00f3n Jur\u00eddica y Social de la Mujer (CSW)","datePublished":"2019-03-11T16:24:44+00:00","dateModified":"2019-03-11T16:28:52+00:00","mainEntityOfPage":{"@id":"https:\/\/www.un.org\/pga\/73\/2019\/03\/11\/opening-of-the-63rd-session-of-the-commission-on-the-status-of-women-csw\/"},"wordCount":1430,"publisher":{"@id":"https:\/\/www.un.org\/pga\/73\/#organization"},"image":{"@id":"https:\/\/www.un.org\/pga\/73\/2019\/03\/11\/opening-of-the-63rd-session-of-the-commission-on-the-status-of-women-csw\/#primaryimage"},"thumbnailUrl":"https:\/\/www.un.org\/pga\/wp-content\/uploads\/sites\/53\/2019\/03\/Capturespeech.png","articleSection":["Declaraciones"],"inLanguage":"es"},{"@type":"WebPage","@id":"https:\/\/www.un.org\/pga\/73\/2019\/03\/11\/opening-of-the-63rd-session-of-the-commission-on-the-status-of-women-csw\/","url":"https:\/\/www.un.org\/pga\/73\/2019\/03\/11\/opening-of-the-63rd-session-of-the-commission-on-the-status-of-women-csw\/","name":"Apertura del 63\u00ba periodo de sesiones de la Comisi\u00f3n de la Condici\u00f3n Jur\u00eddica y Social de la Mujer (CSW) - Asamblea General de las Naciones Unidas","isPartOf":{"@id":"https:\/\/www.un.org\/pga\/73\/#website"},"primaryImageOfPage":{"@id":"https:\/\/www.un.org\/pga\/73\/2019\/03\/11\/opening-of-the-63rd-session-of-the-commission-on-the-status-of-women-csw\/#primaryimage"},"image":{"@id":"https:\/\/www.un.org\/pga\/73\/2019\/03\/11\/opening-of-the-63rd-session-of-the-commission-on-the-status-of-women-csw\/#primaryimage"},"thumbnailUrl":"https:\/\/www.un.org\/pga\/wp-content\/uploads\/sites\/53\/2019\/03\/Capturespeech.png","datePublished":"2019-03-11T16:24:44+00:00","dateModified":"2019-03-11T16:28:52+00:00","breadcrumb":{"@id":"https:\/\/www.un.org\/pga\/73\/2019\/03\/11\/opening-of-the-63rd-session-of-the-commission-on-the-status-of-women-csw\/#breadcrumb"},"inLanguage":"es","potentialAction":[{"@type":"ReadAction","target":["https:\/\/www.un.org\/pga\/73\/2019\/03\/11\/opening-of-the-63rd-session-of-the-commission-on-the-status-of-women-csw\/"]}]},{"@type":"ImageObject","inLanguage":"es","@id":"https:\/\/www.un.org\/pga\/73\/2019\/03\/11\/opening-of-the-63rd-session-of-the-commission-on-the-status-of-women-csw\/#primaryimage","url":"https:\/\/www.un.org\/pga\/wp-content\/uploads\/sites\/53\/2019\/03\/Capturespeech.png","contentUrl":"https:\/\/www.un.org\/pga\/wp-content\/uploads\/sites\/53\/2019\/03\/Capturespeech.png","width":898,"height":542},{"@type":"BreadcrumbList","@id":"https:\/\/www.un.org\/pga\/73\/2019\/03\/11\/opening-of-the-63rd-session-of-the-commission-on-the-status-of-women-csw\/#breadcrumb","itemListElement":[{"@type":"ListItem","position":1,"name":"Home","item":"https:\/\/www.un.org\/pga\/73\/es\/"},{"@type":"ListItem","position":2,"name":"Apertura del 63\u00ba periodo de sesiones de la Comisi\u00f3n de la Condici\u00f3n Jur\u00eddica y Social de la Mujer (CSW)"}]},{"@type":"WebSite","@id":"https:\/\/www.un.org\/pga\/73\/#website","url":"https:\/\/www.un.org\/pga\/73\/","name":"General Assembly of the United Nations","description":"Presidenta del 73\u00b0 per\u00edodo de sesiones","publisher":{"@id":"https:\/\/www.un.org\/pga\/73\/#organization"},"potentialAction":[{"@type":"SearchAction","target":{"@type":"EntryPoint","urlTemplate":"https:\/\/www.un.org\/pga\/73\/?s={search_term_string}"},"query-input":{"@type":"PropertyValueSpecification","valueRequired":true,"valueName":"search_term_string"}}],"inLanguage":"es"},{"@type":"Organization","@id":"https:\/\/www.un.org\/pga\/73\/#organization","name":"General Assembly of the United Nations","url":"https:\/\/www.un.org\/pga\/73\/","logo":{"@type":"ImageObject","inLanguage":"es","@id":"https:\/\/www.un.org\/pga\/73\/#\/schema\/logo\/image\/","url":"https:\/\/www.un.org\/pga\/wp-content\/uploads\/sites\/53\/2018\/07\/18-00066a_±¬ÁÏÍøGA73_Logos-no-type-04.png","contentUrl":"https:\/\/www.un.org\/pga\/wp-content\/uploads\/sites\/53\/2018\/07\/18-00066a_±¬ÁÏÍøGA73_Logos-no-type-04.png","width":529,"height":601,"caption":"General Assembly of the United Nations"},"image":{"@id":"https:\/\/www.un.org\/pga\/73\/#\/schema\/logo\/image\/"}},{"@type":"Person","@id":"https:\/\/www.un.org\/pga\/73\/#\/schema\/person\/af470bea9354ed1b453ade6d22b5c9ee","name":"Denise Kling","image":{"@type":"ImageObject","inLanguage":"es","@id":"https:\/\/secure.gravatar.com\/avatar\/b5fdae9d2ae28ca0f434202f2c9b6f29640a2b757fdbaa4592687900a399db3d?s=96&d=mm&r=g","url":"https:\/\/secure.gravatar.com\/avatar\/b5fdae9d2ae28ca0f434202f2c9b6f29640a2b757fdbaa4592687900a399db3d?s=96&d=mm&r=g","contentUrl":"https:\/\/secure.gravatar.com\/avatar\/b5fdae9d2ae28ca0f434202f2c9b6f29640a2b757fdbaa4592687900a399db3d?s=96&d=mm&r=g","caption":"Denise Kling"},"url":"https:\/\/www.un.org\/pga\/73\/es\/author\/denise-klingun-org\/"}]}},"_links":{"self":[{"href":"https:\/\/www.un.org\/pga\/73\/es\/wp-json\/wp\/v2\/posts\/181861","targetHints":{"allow":["GET"]}}],"collection":[{"href":"https:\/\/www.un.org\/pga\/73\/es\/wp-json\/wp\/v2\/posts"}],"about":[{"href":"https:\/\/www.un.org\/pga\/73\/es\/wp-json\/wp\/v2\/types\/post"}],"author":[{"embeddable":true,"href":"https:\/\/www.un.org\/pga\/73\/es\/wp-json\/wp\/v2\/users\/266"}],"replies":[{"embeddable":true,"href":"https:\/\/www.un.org\/pga\/73\/es\/wp-json\/wp\/v2\/comments?post=181861"}],"version-history":[{"count":0,"href":"https:\/\/www.un.org\/pga\/73\/es\/wp-json\/wp\/v2\/posts\/181861\/revisions"}],"wp:featuredmedia":[{"embeddable":true,"href":"https:\/\/www.un.org\/pga\/73\/es\/wp-json\/wp\/v2\/media\/181855"}],"wp:attachment":[{"href":"https:\/\/www.un.org\/pga\/73\/es\/wp-json\/wp\/v2\/media?parent=181861"}],"wp:term":[{"taxonomy":"category","embeddable":true,"href":"https:\/\/www.un.org\/pga\/73\/es\/wp-json\/wp\/v2\/categories?post=181861"},{"taxonomy":"post_tag","embeddable":true,"href":"https:\/\/www.un.org\/pga\/73\/es\/wp-json\/wp\/v2\/tags?post=181861"}],"curies":[{"name":"wp","href":"https:\/\/api.w.org\/{rel}","templated":true}]}}