  {"id":180027,"date":"2019-02-22T10:33:41","date_gmt":"2019-02-22T15:33:41","guid":{"rendered":"https:\/\/www.un.org\/pga\/73\/2019\/02\/22\/annual-parliamentary-hearing-2019-emerging-challenges-to-multilateralism-a-parliamentary-response\/"},"modified":"2019-02-22T11:04:54","modified_gmt":"2019-02-22T16:04:54","slug":"annual-parliamentary-hearing-2019-emerging-challenges-to-multilateralism-a-parliamentary-response","status":"publish","type":"post","link":"https:\/\/www.un.org\/pga\/73\/es\/2019\/02\/22\/annual-parliamentary-hearing-2019-emerging-challenges-to-multilateralism-a-parliamentary-response\/","title":{"rendered":"Audiencia Parlamentaria Anual 2019 \u201cDesaf\u00edos emergentes al multilateralismo: Una respuesta parlamentaria\u201d"},"content":{"rendered":"<p>[et_pb_section bb_built=\u00bb1&#8243;][et_pb_row][et_pb_column type=\u00bb4_4&#8243;][et_pb_text _builder_version=\u00bb3.17.4&#8243; border_style=\u00bbsolid\u00bb background_position=\u00bbtop_left\u00bb background_repeat=\u00bbrepeat\u00bb background_size=\u00bbinitial\u00bb]<\/p>\n<p style=\"text-align: center\"><strong><em>&#8211; Como Pronunciado &#8211;<\/em><\/strong><\/p>\n<p>&nbsp;<\/p>\n<p class=\"Cuerpo\" style=\"text-indent: -1in;line-height: normal;margin: 0in 0in 0.0001pt 1in\" align=\"center\"><span class=\"Ninguno\"><b><span lang=\"ES-TRAD\" style=\"font-size: 14.0pt\">INTERVENCI\u00d3N DE LA PRESIDENTA DEL 73\u00ba PERIODO DE SESIONES DE LA ASAMBLEA GENERAL, S.E. MARIA FERNANDA ESPINOSA<\/span><\/b><\/span><\/p>\n<p><strong><span class=\"updated\">21 de febrero 2019\u00a0<\/span><\/strong><\/p>\n<p><img loading=\"lazy\" decoding=\"async\" class=\"wp-image-179997 size-medium alignleft\" src=\"https:\/\/www.un.org\/pga\/73\/wp-content\/uploads\/sites\/53\/2019\/02\/ipu--300x200.jpg\" alt=\"\" width=\"300\" height=\"200\" srcset=\"https:\/\/www.un.org\/pga\/wp-content\/uploads\/sites\/53\/2019\/02\/ipu--300x200.jpg 300w, https:\/\/www.un.org\/pga\/wp-content\/uploads\/sites\/53\/2019\/02\/ipu--150x100.jpg 150w, https:\/\/www.un.org\/pga\/wp-content\/uploads\/sites\/53\/2019\/02\/ipu--768x512.jpg 768w, https:\/\/www.un.org\/pga\/wp-content\/uploads\/sites\/53\/2019\/02\/ipu--1024x683.jpg 1024w, https:\/\/www.un.org\/pga\/wp-content\/uploads\/sites\/53\/2019\/02\/ipu--1080x720.jpg 1080w, https:\/\/www.un.org\/pga\/wp-content\/uploads\/sites\/53\/2019\/02\/ipu-.jpg 2048w\" sizes=\"(max-width: 300px) 100vw, 300px\" \/><\/p>\n<p>Honorable Diputada Gabriela Cuevas Barr\u00f3n, Presidenta de la Uni\u00f3n Inter-Parlamentaria,<\/p>\n<p>Estimado Martin Chungong, Secretario General de la Uni\u00f3n Inter-Parlamentaria,<\/p>\n<p>Distinguidos Parlamentarios y Parlamentarias,<\/p>\n<p>Excelencias, Damas y caballeros:<\/p>\n<p>Les doy la m\u00e1s cordial bienvenida a este evento que convoca a representantes de los Parlamentos de todo el mundo.<\/p>\n<p>En particular, me siento muy complacida de poder compartir este podio con la Diputada Gabriela Cuevas, que adem\u00e1s de provenir de mi regi\u00f3n, Am\u00e9rica Latina y el Caribe, es apenas la segunda mujer en ocupar la Presidencia de la Uni\u00f3n Inter-Parlamentaria en 130 a\u00f1os.<\/p>\n<p><span lang=\"ES-TRAD\">Esto refleja que, si bien estamos avanzado, seguimos lejos de lograr el ejercicio pleno de la igualdad entre hombres y mujeres. Deseo aprovechar para rendir un homenaje a todas las mujeres parlamentarias, a quienes les expreso mi reconocimiento, mi admiraci\u00f3n y mi pleno apoyo por el trabajo que realizan en sus pa\u00edses.<\/span><\/p>\n<p>Queridas parlamentarias, su tarea no es f\u00e1cil. Cuando fui elegida como Presidenta de la Asamblea General, dediqu\u00e9 mi elecci\u00f3n a las mujeres que, por ocupar espacios de poder o estar en el mundo de la pol\u00edtica, son v\u00edctimas de una forma de violencia particular. Por esa raz\u00f3n, convoqu\u00e9 para el pr\u00f3ximo 12\u00a0 de marzo, un Evento de Alto Nivel sobre Mujeres en el poder.\u00a0 Todas ser\u00e1n muy bienvenidas.<\/p>\n<p>Excelencias,<\/p>\n<p>Debemos aprovechar el rol de la Uni\u00f3n Inter-Parlamentaria, como una plataforma para el di\u00e1logo y la cooperaci\u00f3n.<\/p>\n<p>El tema para los debates de esta audiencia es de trascendental importancia para las Naciones Unidas y para cada uno de los Estados Miembros a cuyos Parlamentos Ustedes representan.<\/p>\n<p>Distinguidos Parlamentarios y Parlamentarias e invitados,<\/p>\n<p>Me referir\u00e9 a dos elementos principales: primero, la coyuntura global y los retos al multilateralismo; y, segundo, el rol de los Parlamentos en este contexto en el que vivimos.<\/p>\n<p>Primero, perm\u00edtanme recordar que nuestra Organizaci\u00f3n naci\u00f3 de las cenizas de la Segunda Guerra Mundial; quienes concibieron a la Organizaci\u00f3n de las Naciones Unidas, entendieron claramente que el multilateralismo no era una opci\u00f3n, sino la \u00fanica v\u00eda para alcanzar la paz.<\/p>\n<p>Ciertamente, con esta Organizaci\u00f3n hemos logrado extraordinarios avances en temas de paz y seguridad, as\u00ed como en materia de desarrollo y de derechos humanos. Las Naciones Unidas han cambiado la realidad de millones de personas en el mundo.<\/p>\n<p>Sin embargo, los desaf\u00edos globales son cada vez m\u00e1s complejos, y requieren mayor cooperaci\u00f3n para superarlos. Para resolver los grandes temas y retos globales debemos fortalecer el multilateralismo y revitalizar esta Organizaci\u00f3n.<\/p>\n<p>Hoy, vemos con preocupaci\u00f3n el resurgimiento de fuerzas aislacionistas y nacionalismos extremos, que ponen en cuesti\u00f3n la eficiencia, e incluso la existencia misma de un orden internacional basado en reglas, en la cooperaci\u00f3n y el di\u00e1logo.<\/p>\n<p>Esto nos debe llevar a una profunda reflexi\u00f3n. En momentos que enfrentamos problemas tan serios como el cambio clim\u00e1tico, que pone en peligro la continuidad misma de la vida humana, la comunidad internacional deber\u00eda estar unida, no fragmentada. Dispuesta a la acci\u00f3n colectiva y no a las respuestas unilaterales.<\/p>\n<p>Adem\u00e1s, en una \u00e9poca marcada por la globalizaci\u00f3n y los r\u00e1pidos cambios tecnol\u00f3gicos, el enfoque unilateral es insostenible y el aislacionismo es impracticable. El terrorismo, el crimen transnacional organizado, la amenaza nuclear, las pandemias y las crisis humanitarias y migratorias, o el propio Cambio Clim\u00e1tico que antes mencion\u00e9, no pueden ser resueltos por un solo pa\u00eds, por m\u00e1s poderoso que sea.<\/p>\n<p>Las Naciones Unidas, aun con sus falencias, con sus retos, sigue siendo el mejor sistema que tenemos para abordar estos retos comunes, al ser el foro m\u00e1s universal para dialogar, negociar y promover la cooperaci\u00f3n.<\/p>\n<p>Durante el Debate General, en septiembre pasado, la mayor\u00eda de Jefes de Estado y de Gobierno reiteraron la necesidad fortalecer un sistema internacional basado en reglas, en el que las Naciones Unidas mantenga su rol preponderante y se acerque m\u00e1s a la gente.<\/p>\n<p>Hace solo dos semanas, convoqu\u00e9 a la primera reuni\u00f3n de ex Presidentes de la Asamblea General. El encuentro, adem\u00e1s de ser el primero en reunir a ocho Presidentes en los 73 a\u00f1os de la organizaci\u00f3n, fue una oportunidad \u00fanica para ampliar el di\u00e1logo y las iniciativas para que los esfuerzos del multilateralismo se traduzcan en una mejora real, sustantiva y tangible en las condiciones de vida de los pueblos y naciones del mundo.<\/p>\n<p>Aprovechar\u00e9 el Evento de Alto Nivel sobre el D\u00eda internacional del multilateralismo y la diplomacia para la paz, el pr\u00f3ximo 24 de abril, para renovar el compromiso de todos los Gobiernos y Parlamentos del mundo, con el sistema internacional basado en normas, y para fortalecer esta Organizaci\u00f3n.<\/p>\n<p>La Agenda 2030 para el Desarrollo Sostenible, el plan de acci\u00f3n m\u00e1s ambicioso para erradicar la pobreza, en todas sus formas y dimensiones, no ser\u00eda posible sin la cooperaci\u00f3n y la acci\u00f3n multilateral. Sin sentido de responsabilidad com\u00fan tampoco tendr\u00edamos, por ejemplo, el Acuerdo de Par\u00eds.<\/p>\n<p>Y lo mismo se aplica al Pacto Mundial para una Migraci\u00f3n Segura, Ordenada y Regular, adoptado por la gran mayor\u00eda de los Estados Miembros en diciembre pasado. Estos instrumentos, al igual que la mayor\u00eda de instrumentos de derechos humanos fueron adoptados por la Asamblea General, que es como lo llamo, el Parlamento de la humanidad.<\/p>\n<p>Sin embargo, su apoyo decidido, queridas Parlamentarias y parlamentarios, es vital para asegurar una mayor y mejor implementaci\u00f3n de los acuerdos en los niveles nacionales y locales. Esto me lleva a mi segundo punto: la necesaria respuesta parlamentaria.<\/p>\n<p>Cuando los Parlamentos se movilizan en apoyo a asuntos de relevancia internacional, como la igualdad de g\u00e9nero, la participaci\u00f3n de los j\u00f3venes, el desarme o la prevenci\u00f3n de los conflictos, podemos garantizar mejores resultados en el terreno y, por ende, fortalecer la respuesta a los desaf\u00edos globales.<\/p>\n<p>Su funci\u00f3n legislativa es fundamental para incorporar acuerdos e instrumentos internacionales a las legislaciones nacionales, as\u00ed como para aprobar presupuestos suficientes para que los Gobiernos respondan a los compromisos que han asumido como, por ejemplo, el logro de los Objetivos de Desarrollo Sostenible, parte de la Agenda 2030.<\/p>\n<p>As\u00ed tambi\u00e9n, los Parlamentarios deben actuar para que los intereses de las personas a las que representan, especialmente las m\u00e1s vulnerables, lleguen a las instancias multilaterales. Por eso es importante que esta casa albergue este evento anual y que los Parlamentarios participen cada vez m\u00e1s de las delegaciones que asisten a las reuniones de las Naciones Unidas.<\/p>\n<p>Celebro muy especialmente esta reuni\u00f3n porque creo que, en el trabajo que ustedes realizan en sus pa\u00edses, residen muchos de los aspectos centrales para lograr restablecer la confianza en las instituciones, incluidas las multilaterales.<\/p>\n<p>En la medida en la que acerquemos las Naciones Unidas a las personas para responder de manera eficiente a sus demandas y necesidades, seremos capaces de superar los desaf\u00edos del multilateralismo.<\/p>\n<p>El di\u00e1logo que, en esta sesi\u00f3n mantendr\u00e1n, sobre la igualdad de g\u00e9nero, el financiamiento del sistema de las Naciones Unidas, la prevenci\u00f3n de los conflictos, la justicia y la sostenibilidad medioambiental, entre otros temas, sin duda, alimentar\u00e1n los debates que tendremos en adelante.<\/p>\n<p>Distinguidos Parlamentarios y Parlamentarias,<\/p>\n<p>Debemos unir a todas las voces que defiendan la relevancia del multilateralismo y comprendan que no es una amenaza a la soberan\u00eda nacional; por el contrario, es la mejor v\u00eda para asegurar el inter\u00e9s nacional en un mundo interdependiente.<\/p>\n<p>Como Presidenta del \u00f3rgano principal, y m\u00e1s democr\u00e1tico y representativo de esta Organizaci\u00f3n, que es adem\u00e1s, como se\u00f1al\u00e9, el \u201cParlamento de la humanidad\u201d, los invito a debatir y a reflexionar sobre c\u00f3mo pueden contribuir a preservar la principal herramienta que tenemos para mantener la paz y fomentar relaciones de amistad y de cooperaci\u00f3n entre las naciones.<\/p>\n<p>Les deseo unas fruct\u00edferas jornadas. Pueden contar con mi pleno apoyo.<\/p>\n<p>Muchas gracias.<\/p>\n<p>&nbsp;<\/p>\n<p>[\/et_pb_text][\/et_pb_column][\/et_pb_row][et_pb_row][et_pb_column type=\u00bb1_2&#8243;][et_pb_text _builder_version=\u00bb3.17.4&#8243;]<\/p>\n<p>\n<span style=\"color: #ffffff\">D<\/span><\/p>\n<p>[\/et_pb_text][\/et_pb_column][et_pb_column type=\u00bb1_2&#8243;][et_pb_code _builder_version=\u00bb3.17.4&#8243;]\n<!-- iframe plugin v.6.0 wordpress.org\/plugins\/iframe\/ -->\n<iframe loading=\"lazy\" width=\"100%\" height=\"250\" src=\"\/\/www.un.org\/webcast\/1362235914001\/B1J3DDQJf_default\/index.html?videoId=6005301670001\" scrolling=\"yes\" class=\"iframe-class\" frameborder=\"0\"><\/iframe>\n<!-- [et_pb_line_break_holder] --><!-- [et_pb_line_break_holder] -->[\/et_pb_code][\/et_pb_column][\/et_pb_row][et_pb_row][et_pb_column type=\u00bb4_4&#8243;][et_pb_text _builder_version=\u00bb3.17.4&#8243;]<\/p>\n<p>\n<span style=\"color: #ffffff\">i<\/span><\/p>\n<p>[\/et_pb_text][et_pb_text _builder_version=\u00bb3.17.4&#8243; border_style=\u00bbsolid\u00bb background_position=\u00bbtop_left\u00bb background_repeat=\u00bbrepeat\u00bb background_size=\u00bbinitial\u00bb]<\/p>\n<p>\n<span style=\"color: #ffffff\">i<\/span><\/p>\n<p>[\/et_pb_text][\/et_pb_column][\/et_pb_row][\/et_pb_section]<\/p>\n","protected":false},"excerpt":{"rendered":"<p>INTERVENCI\u00d3N DE LA PRESIDENTA DEL 73\u00ba PERIODO DE SESIONES DE LA ASAMBLEA GENERAL, S.E. MARIA FERNANDA ESPINOSA &#8211; Audiencia Parlamentaria Anual 2019 \u201cDesaf\u00edos emergentes al multilateralismo: Una respuesta parlamentaria\u201d<\/p>\n","protected":false},"author":266,"featured_media":180012,"comment_status":"closed","ping_status":"closed","sticky":false,"template":"","format":"standard","meta":{"_et_pb_use_builder":"on","_et_pb_old_content":"","_et_gb_content_width":"","footnotes":"","_links_to":"","_links_to_target":""},"categories":[181],"tags":[],"class_list":["post-180027","post","type-post","status-publish","format-standard","has-post-thumbnail","hentry","category-statements-es","et-has-post-format-content","et_post_format-et-post-format-standard"],"yoast_head":"<!-- This site is optimized with the Yoast SEO plugin v28.3 - https:\/\/yoast.com\/product\/yoast-seo-wordpress\/ -->\n<title>Audiencia Parlamentaria Anual 2019 \u201cDesaf\u00edos emergentes al multilateralismo: Una respuesta parlamentaria\u201d - Asamblea General de las Naciones Unidas<\/title>\n<meta name=\"robots\" content=\"index, follow, max-snippet:-1, max-image-preview:large, max-video-preview:-1\" \/>\n<link rel=\"canonical\" href=\"https:\/\/www.un.org\/pga\/73\/2019\/02\/22\/annual-parliamentary-hearing-2019-emerging-challenges-to-multilateralism-a-parliamentary-response\/\" \/>\n<meta property=\"og:locale\" content=\"es_ES\" \/>\n<meta property=\"og:type\" content=\"article\" \/>\n<meta property=\"og:title\" content=\"Audiencia Parlamentaria Anual 2019 \u201cDesaf\u00edos emergentes al multilateralismo: Una respuesta parlamentaria\u201d - Asamblea General de las Naciones Unidas\" \/>\n<meta property=\"og:description\" content=\"INTERVENCI\u00d3N DE LA PRESIDENTA DEL 73\u00ba PERIODO DE SESIONES DE LA ASAMBLEA GENERAL, S.E. MARIA FERNANDA ESPINOSA - Audiencia Parlamentaria Anual 2019 \u201cDesaf\u00edos emergentes al multilateralismo: Una respuesta parlamentaria\u201d\" \/>\n<meta property=\"og:url\" content=\"https:\/\/www.un.org\/pga\/73\/2019\/02\/22\/annual-parliamentary-hearing-2019-emerging-challenges-to-multilateralism-a-parliamentary-response\/\" \/>\n<meta property=\"og:site_name\" content=\"Asamblea General de las Naciones Unidas\" \/>\n<meta property=\"article:published_time\" content=\"2019-02-22T15:33:41+00:00\" \/>\n<meta property=\"article:modified_time\" content=\"2019-02-22T16:04:54+00:00\" \/>\n<meta property=\"og:image\" content=\"https:\/\/www.un.org\/pga\/wp-content\/uploads\/sites\/53\/2019\/02\/ipu-.jpg\" \/>\n\t<meta property=\"og:image:width\" content=\"4950\" \/>\n\t<meta property=\"og:image:height\" content=\"3300\" \/>\n\t<meta property=\"og:image:type\" content=\"image\/jpeg\" \/>\n<meta name=\"author\" content=\"Denise Kling\" \/>\n<meta name=\"twitter:card\" content=\"summary_large_image\" \/>\n<meta name=\"twitter:label1\" content=\"Escrito por\" \/>\n\t<meta name=\"twitter:data1\" content=\"Denise Kling\" \/>\n\t<meta name=\"twitter:label2\" content=\"Tiempo de lectura\" \/>\n\t<meta name=\"twitter:data2\" content=\"8 minutos\" \/>\n<script type=\"application\/ld+json\" class=\"yoast-schema-graph\">{\"@context\":\"https:\\\/\\\/schema.org\",\"@graph\":[{\"@type\":\"Article\",\"@id\":\"https:\\\/\\\/www.un.org\\\/pga\\\/73\\\/2019\\\/02\\\/22\\\/annual-parliamentary-hearing-2019-emerging-challenges-to-multilateralism-a-parliamentary-response\\\/#article\",\"isPartOf\":{\"@id\":\"https:\\\/\\\/www.un.org\\\/pga\\\/73\\\/2019\\\/02\\\/22\\\/annual-parliamentary-hearing-2019-emerging-challenges-to-multilateralism-a-parliamentary-response\\\/\"},\"author\":{\"name\":\"Denise Kling\",\"@id\":\"https:\\\/\\\/www.un.org\\\/pga\\\/73\\\/#\\\/schema\\\/person\\\/af470bea9354ed1b453ade6d22b5c9ee\"},\"headline\":\"Audiencia Parlamentaria Anual 2019 \u201cDesaf\u00edos emergentes al multilateralismo: Una respuesta parlamentaria\u201d\",\"datePublished\":\"2019-02-22T15:33:41+00:00\",\"dateModified\":\"2019-02-22T16:04:54+00:00\",\"mainEntityOfPage\":{\"@id\":\"https:\\\/\\\/www.un.org\\\/pga\\\/73\\\/2019\\\/02\\\/22\\\/annual-parliamentary-hearing-2019-emerging-challenges-to-multilateralism-a-parliamentary-response\\\/\"},\"wordCount\":1527,\"publisher\":{\"@id\":\"https:\\\/\\\/www.un.org\\\/pga\\\/73\\\/#organization\"},\"image\":{\"@id\":\"https:\\\/\\\/www.un.org\\\/pga\\\/73\\\/2019\\\/02\\\/22\\\/annual-parliamentary-hearing-2019-emerging-challenges-to-multilateralism-a-parliamentary-response\\\/#primaryimage\"},\"thumbnailUrl\":\"https:\\\/\\\/www.un.org\\\/pga\\\/wp-content\\\/uploads\\\/sites\\\/53\\\/2019\\\/02\\\/ipu-.jpg\",\"articleSection\":[\"Declaraciones\"],\"inLanguage\":\"es\"},{\"@type\":\"WebPage\",\"@id\":\"https:\\\/\\\/www.un.org\\\/pga\\\/73\\\/2019\\\/02\\\/22\\\/annual-parliamentary-hearing-2019-emerging-challenges-to-multilateralism-a-parliamentary-response\\\/\",\"url\":\"https:\\\/\\\/www.un.org\\\/pga\\\/73\\\/2019\\\/02\\\/22\\\/annual-parliamentary-hearing-2019-emerging-challenges-to-multilateralism-a-parliamentary-response\\\/\",\"name\":\"Audiencia Parlamentaria Anual 2019 \u201cDesaf\u00edos emergentes al multilateralismo: Una respuesta parlamentaria\u201d - Asamblea General de las Naciones Unidas\",\"isPartOf\":{\"@id\":\"https:\\\/\\\/www.un.org\\\/pga\\\/73\\\/#website\"},\"primaryImageOfPage\":{\"@id\":\"https:\\\/\\\/www.un.org\\\/pga\\\/73\\\/2019\\\/02\\\/22\\\/annual-parliamentary-hearing-2019-emerging-challenges-to-multilateralism-a-parliamentary-response\\\/#primaryimage\"},\"image\":{\"@id\":\"https:\\\/\\\/www.un.org\\\/pga\\\/73\\\/2019\\\/02\\\/22\\\/annual-parliamentary-hearing-2019-emerging-challenges-to-multilateralism-a-parliamentary-response\\\/#primaryimage\"},\"thumbnailUrl\":\"https:\\\/\\\/www.un.org\\\/pga\\\/wp-content\\\/uploads\\\/sites\\\/53\\\/2019\\\/02\\\/ipu-.jpg\",\"datePublished\":\"2019-02-22T15:33:41+00:00\",\"dateModified\":\"2019-02-22T16:04:54+00:00\",\"breadcrumb\":{\"@id\":\"https:\\\/\\\/www.un.org\\\/pga\\\/73\\\/2019\\\/02\\\/22\\\/annual-parliamentary-hearing-2019-emerging-challenges-to-multilateralism-a-parliamentary-response\\\/#breadcrumb\"},\"inLanguage\":\"es\",\"potentialAction\":[{\"@type\":\"ReadAction\",\"target\":[\"https:\\\/\\\/www.un.org\\\/pga\\\/73\\\/2019\\\/02\\\/22\\\/annual-parliamentary-hearing-2019-emerging-challenges-to-multilateralism-a-parliamentary-response\\\/\"]}]},{\"@type\":\"ImageObject\",\"inLanguage\":\"es\",\"@id\":\"https:\\\/\\\/www.un.org\\\/pga\\\/73\\\/2019\\\/02\\\/22\\\/annual-parliamentary-hearing-2019-emerging-challenges-to-multilateralism-a-parliamentary-response\\\/#primaryimage\",\"url\":\"https:\\\/\\\/www.un.org\\\/pga\\\/wp-content\\\/uploads\\\/sites\\\/53\\\/2019\\\/02\\\/ipu-.jpg\",\"contentUrl\":\"https:\\\/\\\/www.un.org\\\/pga\\\/wp-content\\\/uploads\\\/sites\\\/53\\\/2019\\\/02\\\/ipu-.jpg\",\"width\":4950,\"height\":3300,\"caption\":\"Annual Parliamentary Hearing at the United Nations: \u00d2Emerging Challenges to Multilateralism: A Parliamentary Response\u00d3PGA Speaking\"},{\"@type\":\"BreadcrumbList\",\"@id\":\"https:\\\/\\\/www.un.org\\\/pga\\\/73\\\/2019\\\/02\\\/22\\\/annual-parliamentary-hearing-2019-emerging-challenges-to-multilateralism-a-parliamentary-response\\\/#breadcrumb\",\"itemListElement\":[{\"@type\":\"ListItem\",\"position\":1,\"name\":\"Home\",\"item\":\"https:\\\/\\\/www.un.org\\\/pga\\\/73\\\/es\\\/\"},{\"@type\":\"ListItem\",\"position\":2,\"name\":\"Audiencia Parlamentaria Anual 2019 \u201cDesaf\u00edos emergentes al multilateralismo: Una respuesta parlamentaria\u201d\"}]},{\"@type\":\"WebSite\",\"@id\":\"https:\\\/\\\/www.un.org\\\/pga\\\/73\\\/#website\",\"url\":\"https:\\\/\\\/www.un.org\\\/pga\\\/73\\\/\",\"name\":\"General Assembly of the United Nations\",\"description\":\"Presidenta del 73\u00b0 per\u00edodo de sesiones\",\"publisher\":{\"@id\":\"https:\\\/\\\/www.un.org\\\/pga\\\/73\\\/#organization\"},\"potentialAction\":[{\"@type\":\"SearchAction\",\"target\":{\"@type\":\"EntryPoint\",\"urlTemplate\":\"https:\\\/\\\/www.un.org\\\/pga\\\/73\\\/?s={search_term_string}\"},\"query-input\":{\"@type\":\"PropertyValueSpecification\",\"valueRequired\":true,\"valueName\":\"search_term_string\"}}],\"inLanguage\":\"es\"},{\"@type\":\"Organization\",\"@id\":\"https:\\\/\\\/www.un.org\\\/pga\\\/73\\\/#organization\",\"name\":\"General Assembly of the United Nations\",\"url\":\"https:\\\/\\\/www.un.org\\\/pga\\\/73\\\/\",\"logo\":{\"@type\":\"ImageObject\",\"inLanguage\":\"es\",\"@id\":\"https:\\\/\\\/www.un.org\\\/pga\\\/73\\\/#\\\/schema\\\/logo\\\/image\\\/\",\"url\":\"https:\\\/\\\/www.un.org\\\/pga\\\/wp-content\\\/uploads\\\/sites\\\/53\\\/2018\\\/07\\\/18-00066a_±¬ÁÏÍøGA73_Logos-no-type-04.png\",\"contentUrl\":\"https:\\\/\\\/www.un.org\\\/pga\\\/wp-content\\\/uploads\\\/sites\\\/53\\\/2018\\\/07\\\/18-00066a_±¬ÁÏÍøGA73_Logos-no-type-04.png\",\"width\":529,\"height\":601,\"caption\":\"General Assembly of the United Nations\"},\"image\":{\"@id\":\"https:\\\/\\\/www.un.org\\\/pga\\\/73\\\/#\\\/schema\\\/logo\\\/image\\\/\"}},{\"@type\":\"Person\",\"@id\":\"https:\\\/\\\/www.un.org\\\/pga\\\/73\\\/#\\\/schema\\\/person\\\/af470bea9354ed1b453ade6d22b5c9ee\",\"name\":\"Denise Kling\",\"image\":{\"@type\":\"ImageObject\",\"inLanguage\":\"es\",\"@id\":\"https:\\\/\\\/secure.gravatar.com\\\/avatar\\\/b5fdae9d2ae28ca0f434202f2c9b6f29640a2b757fdbaa4592687900a399db3d?s=96&d=mm&r=g\",\"url\":\"https:\\\/\\\/secure.gravatar.com\\\/avatar\\\/b5fdae9d2ae28ca0f434202f2c9b6f29640a2b757fdbaa4592687900a399db3d?s=96&d=mm&r=g\",\"contentUrl\":\"https:\\\/\\\/secure.gravatar.com\\\/avatar\\\/b5fdae9d2ae28ca0f434202f2c9b6f29640a2b757fdbaa4592687900a399db3d?s=96&d=mm&r=g\",\"caption\":\"Denise Kling\"},\"url\":\"https:\\\/\\\/www.un.org\\\/pga\\\/73\\\/es\\\/author\\\/denise-klingun-org\\\/\"}]}<\/script>\n<!-- \/ Yoast SEO plugin. -->","yoast_head_json":{"title":"Audiencia Parlamentaria Anual 2019 \u201cDesaf\u00edos emergentes al multilateralismo: Una respuesta parlamentaria\u201d - Asamblea General de las Naciones Unidas","robots":{"index":"index","follow":"follow","max-snippet":"max-snippet:-1","max-image-preview":"max-image-preview:large","max-video-preview":"max-video-preview:-1"},"canonical":"https:\/\/www.un.org\/pga\/73\/2019\/02\/22\/annual-parliamentary-hearing-2019-emerging-challenges-to-multilateralism-a-parliamentary-response\/","og_locale":"es_ES","og_type":"article","og_title":"Audiencia Parlamentaria Anual 2019 \u201cDesaf\u00edos emergentes al multilateralismo: Una respuesta parlamentaria\u201d - Asamblea General de las Naciones Unidas","og_description":"INTERVENCI\u00d3N DE LA PRESIDENTA DEL 73\u00ba PERIODO DE SESIONES DE LA ASAMBLEA GENERAL, S.E. MARIA FERNANDA ESPINOSA - Audiencia Parlamentaria Anual 2019 \u201cDesaf\u00edos emergentes al multilateralismo: Una respuesta parlamentaria\u201d","og_url":"https:\/\/www.un.org\/pga\/73\/2019\/02\/22\/annual-parliamentary-hearing-2019-emerging-challenges-to-multilateralism-a-parliamentary-response\/","og_site_name":"Asamblea General de las Naciones Unidas","article_published_time":"2019-02-22T15:33:41+00:00","article_modified_time":"2019-02-22T16:04:54+00:00","og_image":[{"width":4950,"height":3300,"url":"https:\/\/www.un.org\/pga\/wp-content\/uploads\/sites\/53\/2019\/02\/ipu-.jpg","type":"image\/jpeg"}],"author":"Denise Kling","twitter_card":"summary_large_image","twitter_misc":{"Escrito por":"Denise Kling","Tiempo de lectura":"8 minutos"},"schema":{"@context":"https:\/\/schema.org","@graph":[{"@type":"Article","@id":"https:\/\/www.un.org\/pga\/73\/2019\/02\/22\/annual-parliamentary-hearing-2019-emerging-challenges-to-multilateralism-a-parliamentary-response\/#article","isPartOf":{"@id":"https:\/\/www.un.org\/pga\/73\/2019\/02\/22\/annual-parliamentary-hearing-2019-emerging-challenges-to-multilateralism-a-parliamentary-response\/"},"author":{"name":"Denise Kling","@id":"https:\/\/www.un.org\/pga\/73\/#\/schema\/person\/af470bea9354ed1b453ade6d22b5c9ee"},"headline":"Audiencia Parlamentaria Anual 2019 \u201cDesaf\u00edos emergentes al multilateralismo: Una respuesta parlamentaria\u201d","datePublished":"2019-02-22T15:33:41+00:00","dateModified":"2019-02-22T16:04:54+00:00","mainEntityOfPage":{"@id":"https:\/\/www.un.org\/pga\/73\/2019\/02\/22\/annual-parliamentary-hearing-2019-emerging-challenges-to-multilateralism-a-parliamentary-response\/"},"wordCount":1527,"publisher":{"@id":"https:\/\/www.un.org\/pga\/73\/#organization"},"image":{"@id":"https:\/\/www.un.org\/pga\/73\/2019\/02\/22\/annual-parliamentary-hearing-2019-emerging-challenges-to-multilateralism-a-parliamentary-response\/#primaryimage"},"thumbnailUrl":"https:\/\/www.un.org\/pga\/wp-content\/uploads\/sites\/53\/2019\/02\/ipu-.jpg","articleSection":["Declaraciones"],"inLanguage":"es"},{"@type":"WebPage","@id":"https:\/\/www.un.org\/pga\/73\/2019\/02\/22\/annual-parliamentary-hearing-2019-emerging-challenges-to-multilateralism-a-parliamentary-response\/","url":"https:\/\/www.un.org\/pga\/73\/2019\/02\/22\/annual-parliamentary-hearing-2019-emerging-challenges-to-multilateralism-a-parliamentary-response\/","name":"Audiencia Parlamentaria Anual 2019 \u201cDesaf\u00edos emergentes al multilateralismo: Una respuesta parlamentaria\u201d - Asamblea General de las Naciones Unidas","isPartOf":{"@id":"https:\/\/www.un.org\/pga\/73\/#website"},"primaryImageOfPage":{"@id":"https:\/\/www.un.org\/pga\/73\/2019\/02\/22\/annual-parliamentary-hearing-2019-emerging-challenges-to-multilateralism-a-parliamentary-response\/#primaryimage"},"image":{"@id":"https:\/\/www.un.org\/pga\/73\/2019\/02\/22\/annual-parliamentary-hearing-2019-emerging-challenges-to-multilateralism-a-parliamentary-response\/#primaryimage"},"thumbnailUrl":"https:\/\/www.un.org\/pga\/wp-content\/uploads\/sites\/53\/2019\/02\/ipu-.jpg","datePublished":"2019-02-22T15:33:41+00:00","dateModified":"2019-02-22T16:04:54+00:00","breadcrumb":{"@id":"https:\/\/www.un.org\/pga\/73\/2019\/02\/22\/annual-parliamentary-hearing-2019-emerging-challenges-to-multilateralism-a-parliamentary-response\/#breadcrumb"},"inLanguage":"es","potentialAction":[{"@type":"ReadAction","target":["https:\/\/www.un.org\/pga\/73\/2019\/02\/22\/annual-parliamentary-hearing-2019-emerging-challenges-to-multilateralism-a-parliamentary-response\/"]}]},{"@type":"ImageObject","inLanguage":"es","@id":"https:\/\/www.un.org\/pga\/73\/2019\/02\/22\/annual-parliamentary-hearing-2019-emerging-challenges-to-multilateralism-a-parliamentary-response\/#primaryimage","url":"https:\/\/www.un.org\/pga\/wp-content\/uploads\/sites\/53\/2019\/02\/ipu-.jpg","contentUrl":"https:\/\/www.un.org\/pga\/wp-content\/uploads\/sites\/53\/2019\/02\/ipu-.jpg","width":4950,"height":3300,"caption":"Annual Parliamentary Hearing at the United Nations: \u00d2Emerging Challenges to Multilateralism: A Parliamentary Response\u00d3PGA Speaking"},{"@type":"BreadcrumbList","@id":"https:\/\/www.un.org\/pga\/73\/2019\/02\/22\/annual-parliamentary-hearing-2019-emerging-challenges-to-multilateralism-a-parliamentary-response\/#breadcrumb","itemListElement":[{"@type":"ListItem","position":1,"name":"Home","item":"https:\/\/www.un.org\/pga\/73\/es\/"},{"@type":"ListItem","position":2,"name":"Audiencia Parlamentaria Anual 2019 \u201cDesaf\u00edos emergentes al multilateralismo: Una respuesta parlamentaria\u201d"}]},{"@type":"WebSite","@id":"https:\/\/www.un.org\/pga\/73\/#website","url":"https:\/\/www.un.org\/pga\/73\/","name":"General Assembly of the United Nations","description":"Presidenta del 73\u00b0 per\u00edodo de sesiones","publisher":{"@id":"https:\/\/www.un.org\/pga\/73\/#organization"},"potentialAction":[{"@type":"SearchAction","target":{"@type":"EntryPoint","urlTemplate":"https:\/\/www.un.org\/pga\/73\/?s={search_term_string}"},"query-input":{"@type":"PropertyValueSpecification","valueRequired":true,"valueName":"search_term_string"}}],"inLanguage":"es"},{"@type":"Organization","@id":"https:\/\/www.un.org\/pga\/73\/#organization","name":"General Assembly of the United Nations","url":"https:\/\/www.un.org\/pga\/73\/","logo":{"@type":"ImageObject","inLanguage":"es","@id":"https:\/\/www.un.org\/pga\/73\/#\/schema\/logo\/image\/","url":"https:\/\/www.un.org\/pga\/wp-content\/uploads\/sites\/53\/2018\/07\/18-00066a_±¬ÁÏÍøGA73_Logos-no-type-04.png","contentUrl":"https:\/\/www.un.org\/pga\/wp-content\/uploads\/sites\/53\/2018\/07\/18-00066a_±¬ÁÏÍøGA73_Logos-no-type-04.png","width":529,"height":601,"caption":"General Assembly of the United Nations"},"image":{"@id":"https:\/\/www.un.org\/pga\/73\/#\/schema\/logo\/image\/"}},{"@type":"Person","@id":"https:\/\/www.un.org\/pga\/73\/#\/schema\/person\/af470bea9354ed1b453ade6d22b5c9ee","name":"Denise Kling","image":{"@type":"ImageObject","inLanguage":"es","@id":"https:\/\/secure.gravatar.com\/avatar\/b5fdae9d2ae28ca0f434202f2c9b6f29640a2b757fdbaa4592687900a399db3d?s=96&d=mm&r=g","url":"https:\/\/secure.gravatar.com\/avatar\/b5fdae9d2ae28ca0f434202f2c9b6f29640a2b757fdbaa4592687900a399db3d?s=96&d=mm&r=g","contentUrl":"https:\/\/secure.gravatar.com\/avatar\/b5fdae9d2ae28ca0f434202f2c9b6f29640a2b757fdbaa4592687900a399db3d?s=96&d=mm&r=g","caption":"Denise Kling"},"url":"https:\/\/www.un.org\/pga\/73\/es\/author\/denise-klingun-org\/"}]}},"_links":{"self":[{"href":"https:\/\/www.un.org\/pga\/73\/es\/wp-json\/wp\/v2\/posts\/180027","targetHints":{"allow":["GET"]}}],"collection":[{"href":"https:\/\/www.un.org\/pga\/73\/es\/wp-json\/wp\/v2\/posts"}],"about":[{"href":"https:\/\/www.un.org\/pga\/73\/es\/wp-json\/wp\/v2\/types\/post"}],"author":[{"embeddable":true,"href":"https:\/\/www.un.org\/pga\/73\/es\/wp-json\/wp\/v2\/users\/266"}],"replies":[{"embeddable":true,"href":"https:\/\/www.un.org\/pga\/73\/es\/wp-json\/wp\/v2\/comments?post=180027"}],"version-history":[{"count":0,"href":"https:\/\/www.un.org\/pga\/73\/es\/wp-json\/wp\/v2\/posts\/180027\/revisions"}],"wp:featuredmedia":[{"embeddable":true,"href":"https:\/\/www.un.org\/pga\/73\/es\/wp-json\/wp\/v2\/media\/180012"}],"wp:attachment":[{"href":"https:\/\/www.un.org\/pga\/73\/es\/wp-json\/wp\/v2\/media?parent=180027"}],"wp:term":[{"taxonomy":"category","embeddable":true,"href":"https:\/\/www.un.org\/pga\/73\/es\/wp-json\/wp\/v2\/categories?post=180027"},{"taxonomy":"post_tag","embeddable":true,"href":"https:\/\/www.un.org\/pga\/73\/es\/wp-json\/wp\/v2\/tags?post=180027"}],"curies":[{"name":"wp","href":"https:\/\/api.w.org\/{rel}","templated":true}]}}