  {"id":172731,"date":"2018-12-05T12:23:11","date_gmt":"2018-12-05T17:23:11","guid":{"rendered":"https:\/\/www.un.org\/pga\/73\/2018\/12\/05\/closing-remarks-high-level-meeting-on-middle-income-countries\/"},"modified":"2018-12-05T12:28:45","modified_gmt":"2018-12-05T17:28:45","slug":"closing-remarks-high-level-meeting-on-middle-income-countries","status":"publish","type":"post","link":"https:\/\/www.un.org\/pga\/73\/es\/2018\/12\/05\/closing-remarks-high-level-meeting-on-middle-income-countries\/","title":{"rendered":"Palabras de Clausura &#8211; Reuni\u00f3n de Alto Nivel sobre Pa\u00edses de Renta Media"},"content":{"rendered":"<p>[et_pb_section bb_built=\u00bb1&#8243;][et_pb_row][et_pb_column type=\u00bb4_4&#8243;][et_pb_text _builder_version=\u00bb3.17.4&#8243; border_style=\u00bbsolid\u00bb background_position=\u00bbtop_left\u00bb background_repeat=\u00bbrepeat\u00bb background_size=\u00bbinitial\u00bb]<\/p>\n<h3><span lang=\"ES-TRAD\">INTERVENCION DE LA PRESIDENTA DEL 73\u00ba PERIODO DE SESIONES DE LA ASAMBLEA GENERAL, S.E. MARIA FERNANDA ESPINOSA<\/span><\/h3>\n<p style=\"text-align: center\"><strong><em>&#8211; Como Pronunciado &#8211;<\/em><\/strong><\/p>\n<p><strong><span class=\"updated\">4 de diciembre 2018<\/span><\/strong><\/p>\n<p><img loading=\"lazy\" decoding=\"async\" class=\"wp-image-172707 size-medium\" src=\"https:\/\/www.un.org\/pga\/73\/wp-content\/uploads\/sites\/53\/2018\/12\/MICs-closing-300x200.jpg\" alt=\"\" width=\"300\" height=\"200\" srcset=\"https:\/\/www.un.org\/pga\/wp-content\/uploads\/sites\/53\/2018\/12\/MICs-closing-300x200.jpg 300w, https:\/\/www.un.org\/pga\/wp-content\/uploads\/sites\/53\/2018\/12\/MICs-closing-150x100.jpg 150w, https:\/\/www.un.org\/pga\/wp-content\/uploads\/sites\/53\/2018\/12\/MICs-closing-768x512.jpg 768w, https:\/\/www.un.org\/pga\/wp-content\/uploads\/sites\/53\/2018\/12\/MICs-closing-1024x683.jpg 1024w, https:\/\/www.un.org\/pga\/wp-content\/uploads\/sites\/53\/2018\/12\/MICs-closing-1080x720.jpg 1080w, https:\/\/www.un.org\/pga\/wp-content\/uploads\/sites\/53\/2018\/12\/MICs-closing.jpg 2048w\" sizes=\"(max-width: 300px) 100vw, 300px\" \/><\/p>\n<p>Distinguidos Ministros y Viceministros,<\/p>\n<p>Excelencias, Se\u00f1oras y Se\u00f1ores,<\/p>\n<p>Hemos examinado las deficiencias y dificultades a las que se enfrentan los pa\u00edses de renta media para el logro de la Agenda 2030.<\/p>\n<p>Mi agradecimiento especial al Primer Ministro de Antigua y Barbuda, Su Excelencia Gast\u00f3n Browne<strong>,<\/strong> a los Ministros y Viceministros de Finanzas, de Planificaci\u00f3n, a las autoridades que se desplazaron desde sus capitales y a todas las delegaciones.<\/p>\n<p>A continuaci\u00f3n, me referir\u00e9 a algunas de los elementos esenciales surgidas de los di\u00e1logos interactivos y del segmento plenario:<\/p>\n<ol>\n<li>Escuchamos de primera mano la necesidad de los pa\u00edses de renta media de superar la medici\u00f3n \u00fanica basada en el ingreso per c\u00e1pita como \u00edndice de clasificaci\u00f3n de pa\u00edses, e incluir otro tipo de vulnerabilidades.<\/li>\n<li>El mensaje del Primer Ministro de Antigua y Barbuda ha sido muy claro: las consecuencias del cambio clim\u00e1tico han impactado significativamente los esfuerzos de los Peque\u00f1os Estados Insulares en Desarrollo para erradicar la pobreza y el hambre.<\/li>\n<li>Han sido tambi\u00e9n temas recurrentes la gesti\u00f3n de recursos naturales; la dependencia de las exportaciones de productos b\u00e1sicos; el alto nivel de deuda externa; la volatilidad de los tipos de cambio; y los flujos de capital.<\/li>\n<li>La cooperaci\u00f3n Sur-Sur y triangular puede ser un catalizador para que los pa\u00edses de renta media aprendan -unos de otros- c\u00f3mo aprovechar las inversiones, tanto nacionales como extranjeras, para aumentar la productividad y el crecimiento inclusivo.<\/li>\n<\/ol>\n<p>[\/et_pb_text][\/et_pb_column][\/et_pb_row][et_pb_row][et_pb_column type=\u00bb4_4&#8243;][et_pb_text _builder_version=\u00bb3.17.4&#8243;]<\/p>\n<p>Excelencias,<\/p>\n<p>Por mandato de la Asamblea General, el Secretario General presentar\u00e1 un informe en el septuag\u00e9simo cuarto per\u00edodo de sesiones, con informaci\u00f3n actualizada sobre los esfuerzos que est\u00e1 realizando el Sistema para elaborar indicadores que reconozcan la pobreza en todas sus formas y dimensiones, as\u00ed como una evaluaci\u00f3n de la importancia de adaptar el apoyo a los pa\u00edses de renta media.<\/p>\n<p>En tal virtud y a la luz de la resoluci\u00f3n 72\/230 que dio origen a esta Reuni\u00f3n, remitir\u00e9 al Secretario General un resumen de estos debates, de manera que se reflejen en el informe del pr\u00f3ximo periodo de sesiones.<\/p>\n<p>Continuar\u00e9 promoviendo un enfoque hol\u00edstico y orientado a la acci\u00f3n, que aborde las brechas que persisten en los pa\u00edses de renta media. La comunidad internacional debe continuar movilizando recursos y fomentando la cooperaci\u00f3n.<\/p>\n<p>Una vez m\u00e1s, muchas gracias por su presencia y contribuciones sustantivas para este importante tema de nuestra agenda. Quiero reconocer tambi\u00e9n a DESA, a las Comisiones Econ\u00f3micas Regionales, en particular de la CEPAL, a la Oficina de Cooperaci\u00f3n Sur-Sur de las Naciones Unidas, a la OECD, al Banco Mundial, al fondo Monetario Internacional y, por supuesto, a la Secretar\u00eda por su apoyo.<\/p>\n<p>Muchas gracias.<\/p>\n<p>[\/et_pb_text][\/et_pb_column][\/et_pb_row][\/et_pb_section]<\/p>\n","protected":false},"excerpt":{"rendered":"<p>INTERVENCION DE LA PRESIDENTA DEL 73\u00ba PERIODO DE SESIONES DE LA ASAMBLEA GENERAL, S.E. MARIA FERNANDA ESPINOSA<\/p>\n","protected":false},"author":266,"featured_media":172722,"comment_status":"closed","ping_status":"closed","sticky":false,"template":"","format":"standard","meta":{"_et_pb_use_builder":"on","_et_pb_old_content":"","_et_gb_content_width":"","footnotes":"","_links_to":"","_links_to_target":""},"categories":[181],"tags":[],"class_list":["post-172731","post","type-post","status-publish","format-standard","has-post-thumbnail","hentry","category-statements-es","et-has-post-format-content","et_post_format-et-post-format-standard"],"yoast_head":"<!-- This site is optimized with the Yoast SEO plugin v28.3 - https:\/\/yoast.com\/product\/yoast-seo-wordpress\/ -->\n<title>Palabras de Clausura - Reuni\u00f3n de Alto Nivel sobre Pa\u00edses de Renta Media - Asamblea General de las Naciones Unidas<\/title>\n<meta name=\"robots\" content=\"index, follow, max-snippet:-1, max-image-preview:large, max-video-preview:-1\" \/>\n<link rel=\"canonical\" href=\"https:\/\/www.un.org\/pga\/73\/2018\/12\/05\/closing-remarks-high-level-meeting-on-middle-income-countries\/\" \/>\n<meta property=\"og:locale\" content=\"es_ES\" \/>\n<meta property=\"og:type\" content=\"article\" \/>\n<meta property=\"og:title\" content=\"Palabras de Clausura - Reuni\u00f3n de Alto Nivel sobre Pa\u00edses de Renta Media - Asamblea General de las Naciones Unidas\" \/>\n<meta property=\"og:description\" content=\"INTERVENCION DE LA PRESIDENTA DEL 73\u00ba PERIODO DE SESIONES DE LA ASAMBLEA GENERAL, S.E. MARIA FERNANDA ESPINOSA\" \/>\n<meta property=\"og:url\" content=\"https:\/\/www.un.org\/pga\/73\/2018\/12\/05\/closing-remarks-high-level-meeting-on-middle-income-countries\/\" \/>\n<meta property=\"og:site_name\" content=\"Asamblea General de las Naciones Unidas\" \/>\n<meta property=\"article:published_time\" content=\"2018-12-05T17:23:11+00:00\" \/>\n<meta property=\"article:modified_time\" content=\"2018-12-05T17:28:45+00:00\" \/>\n<meta property=\"og:image\" content=\"https:\/\/www.un.org\/pga\/wp-content\/uploads\/sites\/53\/2018\/12\/MICs-closing.jpg\" \/>\n\t<meta property=\"og:image:width\" content=\"5940\" \/>\n\t<meta property=\"og:image:height\" content=\"3960\" \/>\n\t<meta property=\"og:image:type\" content=\"image\/jpeg\" \/>\n<meta name=\"author\" content=\"Denise Kling\" \/>\n<meta name=\"twitter:card\" content=\"summary_large_image\" \/>\n<meta name=\"twitter:label1\" content=\"Escrito por\" \/>\n\t<meta name=\"twitter:data1\" content=\"Denise Kling\" \/>\n\t<meta name=\"twitter:label2\" content=\"Tiempo de lectura\" \/>\n\t<meta name=\"twitter:data2\" content=\"3 minutos\" \/>\n<script type=\"application\/ld+json\" class=\"yoast-schema-graph\">{\"@context\":\"https:\\\/\\\/schema.org\",\"@graph\":[{\"@type\":\"Article\",\"@id\":\"https:\\\/\\\/www.un.org\\\/pga\\\/73\\\/2018\\\/12\\\/05\\\/closing-remarks-high-level-meeting-on-middle-income-countries\\\/#article\",\"isPartOf\":{\"@id\":\"https:\\\/\\\/www.un.org\\\/pga\\\/73\\\/2018\\\/12\\\/05\\\/closing-remarks-high-level-meeting-on-middle-income-countries\\\/\"},\"author\":{\"name\":\"Denise Kling\",\"@id\":\"https:\\\/\\\/www.un.org\\\/pga\\\/73\\\/#\\\/schema\\\/person\\\/af470bea9354ed1b453ade6d22b5c9ee\"},\"headline\":\"Palabras de Clausura &#8211; Reuni\u00f3n de Alto Nivel sobre Pa\u00edses de Renta Media\",\"datePublished\":\"2018-12-05T17:23:11+00:00\",\"dateModified\":\"2018-12-05T17:28:45+00:00\",\"mainEntityOfPage\":{\"@id\":\"https:\\\/\\\/www.un.org\\\/pga\\\/73\\\/2018\\\/12\\\/05\\\/closing-remarks-high-level-meeting-on-middle-income-countries\\\/\"},\"wordCount\":564,\"publisher\":{\"@id\":\"https:\\\/\\\/www.un.org\\\/pga\\\/73\\\/#organization\"},\"image\":{\"@id\":\"https:\\\/\\\/www.un.org\\\/pga\\\/73\\\/2018\\\/12\\\/05\\\/closing-remarks-high-level-meeting-on-middle-income-countries\\\/#primaryimage\"},\"thumbnailUrl\":\"https:\\\/\\\/www.un.org\\\/pga\\\/wp-content\\\/uploads\\\/sites\\\/53\\\/2018\\\/12\\\/MICs-closing.jpg\",\"articleSection\":[\"Declaraciones\"],\"inLanguage\":\"es\"},{\"@type\":\"WebPage\",\"@id\":\"https:\\\/\\\/www.un.org\\\/pga\\\/73\\\/2018\\\/12\\\/05\\\/closing-remarks-high-level-meeting-on-middle-income-countries\\\/\",\"url\":\"https:\\\/\\\/www.un.org\\\/pga\\\/73\\\/2018\\\/12\\\/05\\\/closing-remarks-high-level-meeting-on-middle-income-countries\\\/\",\"name\":\"Palabras de Clausura - Reuni\u00f3n de Alto Nivel sobre Pa\u00edses de Renta Media - Asamblea General de las Naciones Unidas\",\"isPartOf\":{\"@id\":\"https:\\\/\\\/www.un.org\\\/pga\\\/73\\\/#website\"},\"primaryImageOfPage\":{\"@id\":\"https:\\\/\\\/www.un.org\\\/pga\\\/73\\\/2018\\\/12\\\/05\\\/closing-remarks-high-level-meeting-on-middle-income-countries\\\/#primaryimage\"},\"image\":{\"@id\":\"https:\\\/\\\/www.un.org\\\/pga\\\/73\\\/2018\\\/12\\\/05\\\/closing-remarks-high-level-meeting-on-middle-income-countries\\\/#primaryimage\"},\"thumbnailUrl\":\"https:\\\/\\\/www.un.org\\\/pga\\\/wp-content\\\/uploads\\\/sites\\\/53\\\/2018\\\/12\\\/MICs-closing.jpg\",\"datePublished\":\"2018-12-05T17:23:11+00:00\",\"dateModified\":\"2018-12-05T17:28:45+00:00\",\"breadcrumb\":{\"@id\":\"https:\\\/\\\/www.un.org\\\/pga\\\/73\\\/2018\\\/12\\\/05\\\/closing-remarks-high-level-meeting-on-middle-income-countries\\\/#breadcrumb\"},\"inLanguage\":\"es\",\"potentialAction\":[{\"@type\":\"ReadAction\",\"target\":[\"https:\\\/\\\/www.un.org\\\/pga\\\/73\\\/2018\\\/12\\\/05\\\/closing-remarks-high-level-meeting-on-middle-income-countries\\\/\"]}]},{\"@type\":\"ImageObject\",\"inLanguage\":\"es\",\"@id\":\"https:\\\/\\\/www.un.org\\\/pga\\\/73\\\/2018\\\/12\\\/05\\\/closing-remarks-high-level-meeting-on-middle-income-countries\\\/#primaryimage\",\"url\":\"https:\\\/\\\/www.un.org\\\/pga\\\/wp-content\\\/uploads\\\/sites\\\/53\\\/2018\\\/12\\\/MICs-closing.jpg\",\"contentUrl\":\"https:\\\/\\\/www.un.org\\\/pga\\\/wp-content\\\/uploads\\\/sites\\\/53\\\/2018\\\/12\\\/MICs-closing.jpg\",\"width\":5940,\"height\":3960,\"caption\":\"Maria Fernanda Espinosa Garc\u008es - PGA, addresses the audience.High-level meeting to discuss the gaps and challenges of middle-income countries in the implementation of the 2030 Agenda for Sustainable Development\"},{\"@type\":\"BreadcrumbList\",\"@id\":\"https:\\\/\\\/www.un.org\\\/pga\\\/73\\\/2018\\\/12\\\/05\\\/closing-remarks-high-level-meeting-on-middle-income-countries\\\/#breadcrumb\",\"itemListElement\":[{\"@type\":\"ListItem\",\"position\":1,\"name\":\"Home\",\"item\":\"https:\\\/\\\/www.un.org\\\/pga\\\/73\\\/es\\\/\"},{\"@type\":\"ListItem\",\"position\":2,\"name\":\"Palabras de Clausura &#8211; Reuni\u00f3n de Alto Nivel sobre Pa\u00edses de Renta Media\"}]},{\"@type\":\"WebSite\",\"@id\":\"https:\\\/\\\/www.un.org\\\/pga\\\/73\\\/#website\",\"url\":\"https:\\\/\\\/www.un.org\\\/pga\\\/73\\\/\",\"name\":\"General Assembly of the United Nations\",\"description\":\"Presidenta del 73\u00b0 per\u00edodo de sesiones\",\"publisher\":{\"@id\":\"https:\\\/\\\/www.un.org\\\/pga\\\/73\\\/#organization\"},\"potentialAction\":[{\"@type\":\"SearchAction\",\"target\":{\"@type\":\"EntryPoint\",\"urlTemplate\":\"https:\\\/\\\/www.un.org\\\/pga\\\/73\\\/?s={search_term_string}\"},\"query-input\":{\"@type\":\"PropertyValueSpecification\",\"valueRequired\":true,\"valueName\":\"search_term_string\"}}],\"inLanguage\":\"es\"},{\"@type\":\"Organization\",\"@id\":\"https:\\\/\\\/www.un.org\\\/pga\\\/73\\\/#organization\",\"name\":\"General Assembly of the United Nations\",\"url\":\"https:\\\/\\\/www.un.org\\\/pga\\\/73\\\/\",\"logo\":{\"@type\":\"ImageObject\",\"inLanguage\":\"es\",\"@id\":\"https:\\\/\\\/www.un.org\\\/pga\\\/73\\\/#\\\/schema\\\/logo\\\/image\\\/\",\"url\":\"https:\\\/\\\/www.un.org\\\/pga\\\/wp-content\\\/uploads\\\/sites\\\/53\\\/2018\\\/07\\\/18-00066a_±¬ÁÏÍøGA73_Logos-no-type-04.png\",\"contentUrl\":\"https:\\\/\\\/www.un.org\\\/pga\\\/wp-content\\\/uploads\\\/sites\\\/53\\\/2018\\\/07\\\/18-00066a_±¬ÁÏÍøGA73_Logos-no-type-04.png\",\"width\":529,\"height\":601,\"caption\":\"General Assembly of the United Nations\"},\"image\":{\"@id\":\"https:\\\/\\\/www.un.org\\\/pga\\\/73\\\/#\\\/schema\\\/logo\\\/image\\\/\"}},{\"@type\":\"Person\",\"@id\":\"https:\\\/\\\/www.un.org\\\/pga\\\/73\\\/#\\\/schema\\\/person\\\/af470bea9354ed1b453ade6d22b5c9ee\",\"name\":\"Denise Kling\",\"image\":{\"@type\":\"ImageObject\",\"inLanguage\":\"es\",\"@id\":\"https:\\\/\\\/secure.gravatar.com\\\/avatar\\\/b5fdae9d2ae28ca0f434202f2c9b6f29640a2b757fdbaa4592687900a399db3d?s=96&d=mm&r=g\",\"url\":\"https:\\\/\\\/secure.gravatar.com\\\/avatar\\\/b5fdae9d2ae28ca0f434202f2c9b6f29640a2b757fdbaa4592687900a399db3d?s=96&d=mm&r=g\",\"contentUrl\":\"https:\\\/\\\/secure.gravatar.com\\\/avatar\\\/b5fdae9d2ae28ca0f434202f2c9b6f29640a2b757fdbaa4592687900a399db3d?s=96&d=mm&r=g\",\"caption\":\"Denise Kling\"},\"url\":\"https:\\\/\\\/www.un.org\\\/pga\\\/73\\\/es\\\/author\\\/denise-klingun-org\\\/\"}]}<\/script>\n<!-- \/ Yoast SEO plugin. -->","yoast_head_json":{"title":"Palabras de Clausura - Reuni\u00f3n de Alto Nivel sobre Pa\u00edses de Renta Media - Asamblea General de las Naciones Unidas","robots":{"index":"index","follow":"follow","max-snippet":"max-snippet:-1","max-image-preview":"max-image-preview:large","max-video-preview":"max-video-preview:-1"},"canonical":"https:\/\/www.un.org\/pga\/73\/2018\/12\/05\/closing-remarks-high-level-meeting-on-middle-income-countries\/","og_locale":"es_ES","og_type":"article","og_title":"Palabras de Clausura - Reuni\u00f3n de Alto Nivel sobre Pa\u00edses de Renta Media - Asamblea General de las Naciones Unidas","og_description":"INTERVENCION DE LA PRESIDENTA DEL 73\u00ba PERIODO DE SESIONES DE LA ASAMBLEA GENERAL, S.E. MARIA FERNANDA ESPINOSA","og_url":"https:\/\/www.un.org\/pga\/73\/2018\/12\/05\/closing-remarks-high-level-meeting-on-middle-income-countries\/","og_site_name":"Asamblea General de las Naciones Unidas","article_published_time":"2018-12-05T17:23:11+00:00","article_modified_time":"2018-12-05T17:28:45+00:00","og_image":[{"width":5940,"height":3960,"url":"https:\/\/www.un.org\/pga\/wp-content\/uploads\/sites\/53\/2018\/12\/MICs-closing.jpg","type":"image\/jpeg"}],"author":"Denise Kling","twitter_card":"summary_large_image","twitter_misc":{"Escrito por":"Denise Kling","Tiempo de lectura":"3 minutos"},"schema":{"@context":"https:\/\/schema.org","@graph":[{"@type":"Article","@id":"https:\/\/www.un.org\/pga\/73\/2018\/12\/05\/closing-remarks-high-level-meeting-on-middle-income-countries\/#article","isPartOf":{"@id":"https:\/\/www.un.org\/pga\/73\/2018\/12\/05\/closing-remarks-high-level-meeting-on-middle-income-countries\/"},"author":{"name":"Denise Kling","@id":"https:\/\/www.un.org\/pga\/73\/#\/schema\/person\/af470bea9354ed1b453ade6d22b5c9ee"},"headline":"Palabras de Clausura &#8211; Reuni\u00f3n de Alto Nivel sobre Pa\u00edses de Renta Media","datePublished":"2018-12-05T17:23:11+00:00","dateModified":"2018-12-05T17:28:45+00:00","mainEntityOfPage":{"@id":"https:\/\/www.un.org\/pga\/73\/2018\/12\/05\/closing-remarks-high-level-meeting-on-middle-income-countries\/"},"wordCount":564,"publisher":{"@id":"https:\/\/www.un.org\/pga\/73\/#organization"},"image":{"@id":"https:\/\/www.un.org\/pga\/73\/2018\/12\/05\/closing-remarks-high-level-meeting-on-middle-income-countries\/#primaryimage"},"thumbnailUrl":"https:\/\/www.un.org\/pga\/wp-content\/uploads\/sites\/53\/2018\/12\/MICs-closing.jpg","articleSection":["Declaraciones"],"inLanguage":"es"},{"@type":"WebPage","@id":"https:\/\/www.un.org\/pga\/73\/2018\/12\/05\/closing-remarks-high-level-meeting-on-middle-income-countries\/","url":"https:\/\/www.un.org\/pga\/73\/2018\/12\/05\/closing-remarks-high-level-meeting-on-middle-income-countries\/","name":"Palabras de Clausura - Reuni\u00f3n de Alto Nivel sobre Pa\u00edses de Renta Media - Asamblea General de las Naciones Unidas","isPartOf":{"@id":"https:\/\/www.un.org\/pga\/73\/#website"},"primaryImageOfPage":{"@id":"https:\/\/www.un.org\/pga\/73\/2018\/12\/05\/closing-remarks-high-level-meeting-on-middle-income-countries\/#primaryimage"},"image":{"@id":"https:\/\/www.un.org\/pga\/73\/2018\/12\/05\/closing-remarks-high-level-meeting-on-middle-income-countries\/#primaryimage"},"thumbnailUrl":"https:\/\/www.un.org\/pga\/wp-content\/uploads\/sites\/53\/2018\/12\/MICs-closing.jpg","datePublished":"2018-12-05T17:23:11+00:00","dateModified":"2018-12-05T17:28:45+00:00","breadcrumb":{"@id":"https:\/\/www.un.org\/pga\/73\/2018\/12\/05\/closing-remarks-high-level-meeting-on-middle-income-countries\/#breadcrumb"},"inLanguage":"es","potentialAction":[{"@type":"ReadAction","target":["https:\/\/www.un.org\/pga\/73\/2018\/12\/05\/closing-remarks-high-level-meeting-on-middle-income-countries\/"]}]},{"@type":"ImageObject","inLanguage":"es","@id":"https:\/\/www.un.org\/pga\/73\/2018\/12\/05\/closing-remarks-high-level-meeting-on-middle-income-countries\/#primaryimage","url":"https:\/\/www.un.org\/pga\/wp-content\/uploads\/sites\/53\/2018\/12\/MICs-closing.jpg","contentUrl":"https:\/\/www.un.org\/pga\/wp-content\/uploads\/sites\/53\/2018\/12\/MICs-closing.jpg","width":5940,"height":3960,"caption":"Maria Fernanda Espinosa Garc\u008es - PGA, addresses the audience.High-level meeting to discuss the gaps and challenges of middle-income countries in the implementation of the 2030 Agenda for Sustainable Development"},{"@type":"BreadcrumbList","@id":"https:\/\/www.un.org\/pga\/73\/2018\/12\/05\/closing-remarks-high-level-meeting-on-middle-income-countries\/#breadcrumb","itemListElement":[{"@type":"ListItem","position":1,"name":"Home","item":"https:\/\/www.un.org\/pga\/73\/es\/"},{"@type":"ListItem","position":2,"name":"Palabras de Clausura &#8211; Reuni\u00f3n de Alto Nivel sobre Pa\u00edses de Renta Media"}]},{"@type":"WebSite","@id":"https:\/\/www.un.org\/pga\/73\/#website","url":"https:\/\/www.un.org\/pga\/73\/","name":"General Assembly of the United Nations","description":"Presidenta del 73\u00b0 per\u00edodo de sesiones","publisher":{"@id":"https:\/\/www.un.org\/pga\/73\/#organization"},"potentialAction":[{"@type":"SearchAction","target":{"@type":"EntryPoint","urlTemplate":"https:\/\/www.un.org\/pga\/73\/?s={search_term_string}"},"query-input":{"@type":"PropertyValueSpecification","valueRequired":true,"valueName":"search_term_string"}}],"inLanguage":"es"},{"@type":"Organization","@id":"https:\/\/www.un.org\/pga\/73\/#organization","name":"General Assembly of the United Nations","url":"https:\/\/www.un.org\/pga\/73\/","logo":{"@type":"ImageObject","inLanguage":"es","@id":"https:\/\/www.un.org\/pga\/73\/#\/schema\/logo\/image\/","url":"https:\/\/www.un.org\/pga\/wp-content\/uploads\/sites\/53\/2018\/07\/18-00066a_±¬ÁÏÍøGA73_Logos-no-type-04.png","contentUrl":"https:\/\/www.un.org\/pga\/wp-content\/uploads\/sites\/53\/2018\/07\/18-00066a_±¬ÁÏÍøGA73_Logos-no-type-04.png","width":529,"height":601,"caption":"General Assembly of the United Nations"},"image":{"@id":"https:\/\/www.un.org\/pga\/73\/#\/schema\/logo\/image\/"}},{"@type":"Person","@id":"https:\/\/www.un.org\/pga\/73\/#\/schema\/person\/af470bea9354ed1b453ade6d22b5c9ee","name":"Denise Kling","image":{"@type":"ImageObject","inLanguage":"es","@id":"https:\/\/secure.gravatar.com\/avatar\/b5fdae9d2ae28ca0f434202f2c9b6f29640a2b757fdbaa4592687900a399db3d?s=96&d=mm&r=g","url":"https:\/\/secure.gravatar.com\/avatar\/b5fdae9d2ae28ca0f434202f2c9b6f29640a2b757fdbaa4592687900a399db3d?s=96&d=mm&r=g","contentUrl":"https:\/\/secure.gravatar.com\/avatar\/b5fdae9d2ae28ca0f434202f2c9b6f29640a2b757fdbaa4592687900a399db3d?s=96&d=mm&r=g","caption":"Denise Kling"},"url":"https:\/\/www.un.org\/pga\/73\/es\/author\/denise-klingun-org\/"}]}},"_links":{"self":[{"href":"https:\/\/www.un.org\/pga\/73\/es\/wp-json\/wp\/v2\/posts\/172731","targetHints":{"allow":["GET"]}}],"collection":[{"href":"https:\/\/www.un.org\/pga\/73\/es\/wp-json\/wp\/v2\/posts"}],"about":[{"href":"https:\/\/www.un.org\/pga\/73\/es\/wp-json\/wp\/v2\/types\/post"}],"author":[{"embeddable":true,"href":"https:\/\/www.un.org\/pga\/73\/es\/wp-json\/wp\/v2\/users\/266"}],"replies":[{"embeddable":true,"href":"https:\/\/www.un.org\/pga\/73\/es\/wp-json\/wp\/v2\/comments?post=172731"}],"version-history":[{"count":0,"href":"https:\/\/www.un.org\/pga\/73\/es\/wp-json\/wp\/v2\/posts\/172731\/revisions"}],"wp:featuredmedia":[{"embeddable":true,"href":"https:\/\/www.un.org\/pga\/73\/es\/wp-json\/wp\/v2\/media\/172722"}],"wp:attachment":[{"href":"https:\/\/www.un.org\/pga\/73\/es\/wp-json\/wp\/v2\/media?parent=172731"}],"wp:term":[{"taxonomy":"category","embeddable":true,"href":"https:\/\/www.un.org\/pga\/73\/es\/wp-json\/wp\/v2\/categories?post=172731"},{"taxonomy":"post_tag","embeddable":true,"href":"https:\/\/www.un.org\/pga\/73\/es\/wp-json\/wp\/v2\/tags?post=172731"}],"curies":[{"name":"wp","href":"https:\/\/api.w.org\/{rel}","templated":true}]}}