  {"id":169434,"date":"2018-10-31T06:00:08","date_gmt":"2018-10-31T10:00:08","guid":{"rendered":"https:\/\/www.un.org\/pga\/73\/2018\/10\/31\/renewing-commitment-to-multilateralism-high-level-dialogue-between-the-presidents-of-the-general-assembly-ecosoc-and-the-security-council\/"},"modified":"2018-11-01T11:34:32","modified_gmt":"2018-11-01T15:34:32","slug":"renewing-commitment-to-multilateralism-high-level-dialogue-between-the-presidents-of-the-general-assembly-ecosoc-and-the-security-council","status":"publish","type":"post","link":"https:\/\/www.un.org\/pga\/73\/es\/2018\/10\/31\/renewing-commitment-to-multilateralism-high-level-dialogue-between-the-presidents-of-the-general-assembly-ecosoc-and-the-security-council\/","title":{"rendered":"Renovando el compromiso con el multilateralismo &#8211; Di\u00e1logo de Alto Nivel de los Presidentes de la Asamblea General, ECOSOC y Consejo de Seguridad"},"content":{"rendered":"<p>[et_pb_section bb_built=\u00bb1&#8243;][et_pb_row][et_pb_column type=\u00bb4_4&#8243;][et_pb_text _builder_version=\u00bb3.12.2&#8243; border_style=\u00bbsolid\u00bb background_position=\u00bbtop_left\u00bb background_repeat=\u00bbrepeat\u00bb background_size=\u00bbinitial\u00bb]<\/p>\n<p style=\"text-align: center\"><strong><em>&#8211; Como Pronunciado-<\/em><\/strong><\/p>\n<h3>Intervenci\u00f3n de la Presidenta de la Asamblea General de las Naciones Unidas, S.E. Se\u00f1ora Mar\u00eda Fernanda Espinosa Garc\u00e9s<\/h3>\n<p><strong><span class=\"updated\">31 Octobre del 2018<\/span><\/strong><\/p>\n<p><img loading=\"lazy\" decoding=\"async\" class=\"alignleft wp-image-169404 \" src=\"https:\/\/www.un.org\/pga\/73\/wp-content\/uploads\/sites\/53\/2018\/11\/11-300x202.png\" alt=\"\" width=\"241\" height=\"162\" srcset=\"https:\/\/www.un.org\/pga\/wp-content\/uploads\/sites\/53\/2018\/11\/11-300x202.png 300w, https:\/\/www.un.org\/pga\/wp-content\/uploads\/sites\/53\/2018\/11\/11-150x101.png 150w, https:\/\/www.un.org\/pga\/wp-content\/uploads\/sites\/53\/2018\/11\/11-768x518.png 768w, https:\/\/www.un.org\/pga\/wp-content\/uploads\/sites\/53\/2018\/11\/11-1024x691.png 1024w, https:\/\/www.un.org\/pga\/wp-content\/uploads\/sites\/53\/2018\/11\/11.png 1069w\" sizes=\"(max-width: 241px) 100vw, 241px\" \/><\/p>\n<p><em>Su Excelencia, Embajadora Inga Rhonda King, Presidenta del Consejo Econ\u00f3mico y Social,<\/em><\/p>\n<p><em>Su Excelencia, Embajador Sacha LLorenty, Presidente del Consejo de Seguridad,<\/em><\/p>\n<p><em>Se\u00f1ora Karina Gerlach, representante del Centro de Cooperaci\u00f3n Internacional de la Universidad de Nueva York.<\/em><\/p>\n<p><em>Excelencias, Queridos amigos,<\/em><\/p>\n<p>&nbsp;<\/p>\n<p>Deseo agradecer a las Misiones Permanentes de Bolivia, San Vicente y las Granadinas, y del Ecuador, as\u00ed como a la Universidad de Nueva York por el inter\u00e9s en organizar este importante evento.<\/p>\n<p>Este evento cumple con la decisi\u00f3n de los Estados Miembros de una mayor coordinaci\u00f3n entre los tres \u00f3rganos principales de la Organizaci\u00f3n de las Naciones Unidas. Tambi\u00e9n cumple con el objetivo de fortalecer el compromiso multilateral.<\/p>\n<p>Es tambi\u00e9n una ocasi\u00f3n muy especial porque re\u00fane a las tres presidencias -latinoamericanas y caribe\u00f1as- de los estos tres \u00f3rganos, alrededor de un objetivo fundamental: renovar nuestro compromiso con el multilateralismo.<\/p>\n<p>Excelencias,<\/p>\n<p>Los pueblos latinoamericanos y caribe\u00f1os hemos encontrado en el multilateralismo una herramienta indispensable para la paz y el desarrollo. El multilateralismo nos ha hecho m\u00e1s fuertes; ha sido vital para nuestros pueblos.<\/p>\n<p>Am\u00e9rica Latina y el Caribe, defiende el derecho internacional y un sistema basado en normas, el di\u00e1logo y la cooperaci\u00f3n.<\/p>\n<p>Nuestra apuesta por el multilateralismo la compartimos con el resto de Pueblos del mundo, cuando resolvimos, en la Carta de las Naciones Unidas, preservar a las generaciones venideras del flagelo de la guerra, y reafirmamos nuestra fe en los derechos fundamentales, en la dignidad de las personas, en la igualdad entre los hombres y las mujeres, entre pueblos y entre naciones.<\/p>\n<p>&nbsp;<\/p>\n<p>Quisiera referirme a tres temas en esta intervenci\u00f3n: primero al multilateralismo como herramienta para superar los desaf\u00edos globales; segundo a la necesidad de coordinaci\u00f3n y trabajo alineado de los \u00f3rganos principales de esta Organizaci\u00f3n, y tercero, a la contribuci\u00f3n espec\u00edfica de la Asamblea General que me corresponde presidir.<\/p>\n<p><strong>\u00a0<\/strong>Ciertamente nos encontramos hoy en una coyuntura global de alta complejidad, con problemas tan severos como una recuperaci\u00f3n econ\u00f3mica lenta, dispar e incierta; la inequidad y la desigualdad; el cambio clim\u00e1tico; las tensiones geopol\u00edticas; las crisis migratorias y humanitarias. La dimensi\u00f3n que ha tomado la crisis mundial de refugiados se encuentra a un nivel nunca antes visto desde la Segunda Guerra Mundial.<\/p>\n<p>Todo esto demanda nuestra atenci\u00f3n continua y la b\u00fasqueda de acuerdos y soluciones efectivas. El gran reto es que estos problemas se encuentran interrelacionados. Superarlos exige cada vez m\u00e1s acciones y pol\u00edticas que trasciendan las fronteras nacionales. Estos problemas demandan, por tanto, soluciones colectivas.<\/p>\n<p>La diversidad de retos globales e interrelacionados que enfrentamos es, quiz\u00e1s, el desaf\u00edo m\u00e1s complejo para multilateralismo, ya que demanda repotenciar sus formas de trabajo para que seamos m\u00e1s eficientes, con una capacidad de respuesta inmediata y con un radar preventivo permanente.<\/p>\n<p>De ah\u00ed tambi\u00e9n la necesidad de revitalizar nuestra organizaci\u00f3n. Ahora que avanzamos a la fase de implementaci\u00f3n de los procesos de reformas propuestas por el Secretario General, es importante que mantengamos nuestros esfuerzos colectivos para asegurar que la ONU sea cada vez m\u00e1s relevante para todas las personas.<\/p>\n<p>&nbsp;<\/p>\n<p>Excelencias,<\/p>\n<p>Todos coincidimos en la necesidad de una Organizaci\u00f3n m\u00e1s eficiente y adaptada a los retos actuales.<\/p>\n<p>Debemos avanzar hacia un sistema de gobernanza global m\u00e1s democr\u00e1tico y efectivo, y eso demanda tambi\u00e9n la construcci\u00f3n de un orden mundial m\u00e1s justo y equitativo. Demanda, por tanto, nuestro esfuerzo colectivo para reducir las desigualdades en todas las regiones y pa\u00edses del mundo.<\/p>\n<p>Durante el Debate General, en septiembre pasado, los Jefes de Estado y de Gobierno subrayaron repetidamente la necesidad de cooperar ante los desaf\u00edos compartidos. Advirtieron que la b\u00fasqueda de soluciones unilaterales para los desaf\u00edos de naturaleza universal, exacerba los riesgos de aislamiento y confrontaci\u00f3n.<\/p>\n<p>&nbsp;<\/p>\n<p>[\/et_pb_text][\/et_pb_column][\/et_pb_row][et_pb_row][et_pb_column type=\u00bb1_2&#8243;][et_pb_text _builder_version=\u00bb3.12.2&#8243;]<\/p>\n<p>Esto me lleva al segundo punto: debemos continuar fomentando un trabajo alineado y sin\u00e9rgico entre los \u00f3rganos principales y subsidiarios de esta Organizaci\u00f3n, para potenciar y preservar el multilateralismo.<\/p>\n<p>Los \u00f3rganos de las Naciones Unidas deben trabajar como un reloj de precisi\u00f3n, como piezas de un mismo engranaje, que mueven a esta Organizaci\u00f3n hacia sus objetivos de desarrollo, paz y seguridad, as\u00ed como de promoci\u00f3n y protecci\u00f3n de los derechos humanos.<\/p>\n<p>[\/et_pb_text][\/et_pb_column][et_pb_column type=\u00bb1_2&#8243;][et_pb_code _builder_version=\u00bb3.12.2&#8243;]\n<!-- iframe plugin v.6.0 wordpress.org\/plugins\/iframe\/ -->\n<iframe loading=\"lazy\" width=\"100%\" height=\"250\" src=\"\/\/www.un.org\/webcast\/1362235914001\/B1J3DDQJf_default\/index.html?videoId=5856055441001\" scrolling=\"yes\" class=\"iframe-class\" frameborder=\"0\"><\/iframe>\n&lt;!&#8211; [et_pb_line_break_holder] &#8211;&gt;&lt;!&#8211; [et_pb_line_break_holder] &#8211;&gt;[\/et_pb_code][\/et_pb_column][\/et_pb_row][et_pb_row][et_pb_column type=\u00bb4_4&#8243;][et_pb_text _builder_version=\u00bb3.12.2&#8243;]<\/p>\n<p>La reuni\u00f3n de hoy, la que estamos teniendo esta tarde, es, en s\u00ed misma, es una afirmaci\u00f3n de nuestro compromiso con la cooperaci\u00f3n, el di\u00e1logo y el trabajo coordinado. Como Presidenta de su principal \u00f3rgano representativo, dedico mis esfuerzos cada d\u00eda a lograr mayor sinergia dentro del Sistema de las Naciones Unidas.<\/p>\n<p>La semana pasada me reun\u00ed con todos los organismos del Sistema de Naciones Unidas con sede en Ginebra: \u00a0les llev\u00e9 el mensaje de mayor coordinaci\u00f3n y articulaci\u00f3n y de renovar nuestro compromiso con el multilateralismo.<\/p>\n<p>En el mes de octubre hemos mantenido reuniones de trabajo, evaluaci\u00f3n y coordinaci\u00f3n con los Presidentes del ECOSOC, del Consejo de Seguridad, y con el Secretario General Ant\u00f3nio Guterres, y tenemos proyectados este mecanismo de coordinaci\u00f3n para todo este per\u00edodo de sesiones. Es decir, cada mes, mantendremos reuniones de coordinaci\u00f3n con los principales \u00f3rganos y el Secretario General.<\/p>\n<p>Uno de los objetivos centrales de esta coordinaci\u00f3n es acelerar nuestros esfuerzos para avanzar en la implementaci\u00f3n de la Agenda 2030 sobre Desarrollo Sostenible. Y esa Agenda precisamente es un ejemplo de lo que podemos lograr con el multilateralismo.<\/p>\n<p>Ahora, nuestra capacidad para fomentar su implementaci\u00f3n est\u00e1 estrechamente vinculada a nuestra capacidad para cumplir con la promesa del multilateralismo: para cumplir con todas y todos, en particular con los m\u00e1s marginados y los m\u00e1s olvidados.<\/p>\n<p>Desde <em>ya<\/em> iniciamos la proyecci\u00f3n del proceso preparatorio hacia el Foro Pol\u00edtico de Alto Nivel que por primera vez se llevar\u00e1 a cabo bajo los auspicios de la Asamblea General -en septiembre de 2019- es decir, en el 74 per\u00edodo de sesiones.<\/p>\n<p>Y por supuesto, estamos desde ya trabajando coordinadamente con mi querida amiga, la Embajadora King, en torno al Foro Pol\u00edtico de Alto Nivel que se llevar\u00e1 a cabo bajo los auspicios del ECOSOC, en julio, a fin de guardar coherencia con nuestros trabajos. Queremos fomentar el terreno para lograr una declaraci\u00f3n pol\u00edtica fuerte, efectiva y orientada a la acci\u00f3n.<\/p>\n<p>De hecho, debo destacar que este viernes 2 de noviembre impulsaremos esta coordinaci\u00f3n en un retiro, para potenciar oportunidades en este \u00e1mbito. Este retiro es organizado por la Presidencia del ECOSOC.<\/p>\n<p>Nuestra estrecha colaboraci\u00f3n se seguir\u00e1 fortaleciendo y por supuesto, su vigencia depende del apoyo de cada uno de Ustedes, los 193 Estados Miembros de esta organizaci\u00f3n.<\/p>\n<p>[\/et_pb_text][et_pb_testimonial _builder_version=\u00bb3.12.2&#8243; author=\u00bbMar\u00eda Fernanda Espinosa Garc\u00e9s\u00bb portrait_url=\u00bbhttps:\/\/www.un.org\/pga\/73\/wp-content\/uploads\/sites\/53\/2018\/09\/PGA-73084-e1537294481964.jpg\u00bb border_style=\u00bbsolid\u00bb job_title=\u00bbPresidenta de la Asamblea General de las Naciones Unidas\u00bb quote_icon_background_color=\u00bb#f5f5f5&#8243; background_position=\u00bbtop_left\u00bb background_repeat=\u00bbrepeat\u00bb background_size=\u00bbinitial\u00bb quote_icon_color=\u00bb#00aff8&#8243;]<\/p>\n<p><span style=\"color: #3366ff\">Los \u00f3rganos de las Naciones Unidas deben trabajar como un reloj de precisi\u00f3n, como piezas de un mismo engranaje, que mueven a esta Organizaci\u00f3n hacia sus objetivos de desarrollo, paz y seguridad, as\u00ed como de promoci\u00f3n y protecci\u00f3n de los derechos humanos.<\/span><\/p>\n<p>[\/et_pb_testimonial][et_pb_text _builder_version=\u00bb3.12.2&#8243; border_style=\u00bbsolid\u00bb background_position=\u00bbtop_left\u00bb background_repeat=\u00bbrepeat\u00bb background_size=\u00bbinitial\u00bb]<\/p>\n<p>Mi tercero y \u00faltimo punto se relaciona con la propia Asamblea General y su rol: ese<em> valioso y \u00fanico <\/em>\u00abParlamento de la Humanidad\u00bb. La Asamblea General desempe\u00f1a un papel de liderazgo en el fortalecimiento del multilateralismo.<\/p>\n<p>Acercar la ONU a la gente implica tambi\u00e9n un mejor esfuerzo de comunicaci\u00f3n. Debemos lograr una narrativa l\u00f3gica que refleje el trabajo permanente de todas las delegaciones de este \u00f3rgano.<\/p>\n<p>De la Asamblea General han resultado los instrumentos -de vocaci\u00f3n universal- m\u00e1s importantes para la promoci\u00f3n y defensa de los derechos humanos; de los derechos de las personas con discapacidad; de los derechos de los trabajadores migrantes; asimismo los instrumentos contra la tortura; contra las desapariciones forzadas; los instrumentos de lucha contra la discriminaci\u00f3n racial; la lucha contra la violencia hacia las mujeres; entre otros tantos resultados de importancia y relevancia para todos. Es la Asamblea la que dio a luz los textos m\u00e1s avanzados del derecho internacional contempor\u00e1neo.<\/p>\n<p>El \u201cPacto Mundial para una Migraci\u00f3n Segura, Ordenada y Regular\u201d es un texto balanceado, que recoge y concilia las perspectivas de los Estados y constituye el aporte reciente m\u00e1s importante de la Asamblea General a la humanidad. Por ello, como he se\u00f1alado antes, el mejor homenaje que podemos brindar a los 70 a\u00f1os de la Declaraci\u00f3n Universal de Derechos Humanos, en diciembre de este a\u00f1o, ser\u00e1 sin lugar a dudas, la adopci\u00f3n precisamente de ese Pacto Mundial de la Migraci\u00f3n.<\/p>\n<p>&nbsp;<\/p>\n<p>Excelencias,<\/p>\n<p>Para fortalecer las Naciones Unidas debemos avanzar de manera veloz en la revitalizaci\u00f3n de la Asamblea General. Es mucho lo que ya hemos logrado en los \u00faltimos a\u00f1os, pero todav\u00eda estamos lejos de lo que verdaderamente necesitamos.<\/p>\n<p>Debemos reconocer igualmente nuestras propias deficiencias y abordarlas con seriedad. Para ello necesitamos liderazgo global y responsabilidades compartidas.<\/p>\n<p>Queridos colegas, amigos e invitados,<\/p>\n<p>Como Presidenta de la Asamblea General tengo la obligaci\u00f3n -pero tambi\u00e9n la convicci\u00f3n- de se\u00f1alar que el multilateralismo no representa amenaza alguna para la soberan\u00eda, menos a\u00fan para los intereses nacionales.<\/p>\n<p>Por el contrario, el multilateralismo ofrece la oportunidad a cada Estado soberano de resolver desaf\u00edos complejos que ning\u00fan pa\u00eds por s\u00ed solo podr\u00eda superarlos.<\/p>\n<p>Por ello, que no nos quede duda: el multilateralismo no es s\u00f3lo la plataforma m\u00e1s eficaz para la construcci\u00f3n y el mantenimiento de la paz y para el desarrollo sostenible: es la \u00fanica v\u00eda posible. La acci\u00f3n unilateral, la del m\u00e1s fuerte, nunca puede ser eficaz y menos a\u00fan sostenible.<\/p>\n<p>&nbsp;<\/p>\n<p>Muchas gracias.<\/p>\n<p>[\/et_pb_text][\/et_pb_column][\/et_pb_row][\/et_pb_section]<\/p>\n","protected":false},"excerpt":{"rendered":"<p>Di\u00e1logo de Alto Nivel de los Presidentes de la Asamblea General, ECOSOC y Consejo de Seguridad: \u00abRenovando el compromiso con el multilateralismo\u201d<\/p>\n","protected":false},"author":266,"featured_media":169419,"comment_status":"closed","ping_status":"closed","sticky":false,"template":"","format":"standard","meta":{"_et_pb_use_builder":"","_et_pb_old_content":"","_et_gb_content_width":"","footnotes":"","_links_to":"","_links_to_target":""},"categories":[181],"tags":[],"class_list":["post-169434","post","type-post","status-publish","format-standard","has-post-thumbnail","hentry","category-statements-es","et-has-post-format-content","et_post_format-et-post-format-standard"],"yoast_head":"<!-- This site is optimized with the Yoast SEO plugin v28.3 - https:\/\/yoast.com\/product\/yoast-seo-wordpress\/ -->\n<title>Renovando el compromiso con el multilateralismo - Di\u00e1logo de Alto Nivel de los Presidentes de la Asamblea General, ECOSOC y Consejo de Seguridad - Asamblea General de las Naciones Unidas<\/title>\n<meta name=\"robots\" content=\"index, follow, max-snippet:-1, max-image-preview:large, max-video-preview:-1\" \/>\n<link rel=\"canonical\" href=\"https:\/\/www.un.org\/pga\/73\/2018\/10\/31\/renewing-commitment-to-multilateralism-high-level-dialogue-between-the-presidents-of-the-general-assembly-ecosoc-and-the-security-council\/\" \/>\n<meta property=\"og:locale\" content=\"es_ES\" \/>\n<meta property=\"og:type\" content=\"article\" \/>\n<meta property=\"og:title\" content=\"Renovando el compromiso con el multilateralismo - Di\u00e1logo de Alto Nivel de los Presidentes de la Asamblea General, ECOSOC y Consejo de Seguridad - Asamblea General de las Naciones Unidas\" \/>\n<meta property=\"og:description\" content=\"Di\u00e1logo de Alto Nivel de los Presidentes de la Asamblea General, ECOSOC y Consejo de Seguridad: &quot;Renovando el compromiso con el multilateralismo\u201d\" \/>\n<meta property=\"og:url\" content=\"https:\/\/www.un.org\/pga\/73\/2018\/10\/31\/renewing-commitment-to-multilateralism-high-level-dialogue-between-the-presidents-of-the-general-assembly-ecosoc-and-the-security-council\/\" \/>\n<meta property=\"og:site_name\" content=\"Asamblea General de las Naciones Unidas\" \/>\n<meta property=\"article:published_time\" content=\"2018-10-31T10:00:08+00:00\" \/>\n<meta property=\"article:modified_time\" content=\"2018-11-01T15:34:32+00:00\" \/>\n<meta property=\"og:image\" content=\"https:\/\/www.un.org\/pga\/wp-content\/uploads\/sites\/53\/2018\/11\/11.png\" \/>\n\t<meta property=\"og:image:width\" content=\"1069\" \/>\n\t<meta property=\"og:image:height\" content=\"721\" \/>\n\t<meta property=\"og:image:type\" content=\"image\/png\" \/>\n<meta name=\"author\" content=\"Denise Kling\" \/>\n<meta name=\"twitter:card\" content=\"summary_large_image\" \/>\n<meta name=\"twitter:label1\" content=\"Escrito por\" \/>\n\t<meta name=\"twitter:data1\" content=\"Denise Kling\" \/>\n\t<meta name=\"twitter:label2\" content=\"Tiempo de lectura\" \/>\n\t<meta name=\"twitter:data2\" content=\"9 minutos\" \/>\n<script type=\"application\/ld+json\" class=\"yoast-schema-graph\">{\"@context\":\"https:\\\/\\\/schema.org\",\"@graph\":[{\"@type\":\"Article\",\"@id\":\"https:\\\/\\\/www.un.org\\\/pga\\\/73\\\/2018\\\/10\\\/31\\\/renewing-commitment-to-multilateralism-high-level-dialogue-between-the-presidents-of-the-general-assembly-ecosoc-and-the-security-council\\\/#article\",\"isPartOf\":{\"@id\":\"https:\\\/\\\/www.un.org\\\/pga\\\/73\\\/2018\\\/10\\\/31\\\/renewing-commitment-to-multilateralism-high-level-dialogue-between-the-presidents-of-the-general-assembly-ecosoc-and-the-security-council\\\/\"},\"author\":{\"name\":\"Denise Kling\",\"@id\":\"https:\\\/\\\/www.un.org\\\/pga\\\/73\\\/#\\\/schema\\\/person\\\/af470bea9354ed1b453ade6d22b5c9ee\"},\"headline\":\"Renovando el compromiso con el multilateralismo &#8211; Di\u00e1logo de Alto Nivel de los Presidentes de la Asamblea General, ECOSOC y Consejo de Seguridad\",\"datePublished\":\"2018-10-31T10:00:08+00:00\",\"dateModified\":\"2018-11-01T15:34:32+00:00\",\"mainEntityOfPage\":{\"@id\":\"https:\\\/\\\/www.un.org\\\/pga\\\/73\\\/2018\\\/10\\\/31\\\/renewing-commitment-to-multilateralism-high-level-dialogue-between-the-presidents-of-the-general-assembly-ecosoc-and-the-security-council\\\/\"},\"wordCount\":1893,\"publisher\":{\"@id\":\"https:\\\/\\\/www.un.org\\\/pga\\\/73\\\/#organization\"},\"image\":{\"@id\":\"https:\\\/\\\/www.un.org\\\/pga\\\/73\\\/2018\\\/10\\\/31\\\/renewing-commitment-to-multilateralism-high-level-dialogue-between-the-presidents-of-the-general-assembly-ecosoc-and-the-security-council\\\/#primaryimage\"},\"thumbnailUrl\":\"https:\\\/\\\/www.un.org\\\/pga\\\/wp-content\\\/uploads\\\/sites\\\/53\\\/2018\\\/11\\\/11.png\",\"articleSection\":[\"Declaraciones\"],\"inLanguage\":\"es\"},{\"@type\":\"WebPage\",\"@id\":\"https:\\\/\\\/www.un.org\\\/pga\\\/73\\\/2018\\\/10\\\/31\\\/renewing-commitment-to-multilateralism-high-level-dialogue-between-the-presidents-of-the-general-assembly-ecosoc-and-the-security-council\\\/\",\"url\":\"https:\\\/\\\/www.un.org\\\/pga\\\/73\\\/2018\\\/10\\\/31\\\/renewing-commitment-to-multilateralism-high-level-dialogue-between-the-presidents-of-the-general-assembly-ecosoc-and-the-security-council\\\/\",\"name\":\"Renovando el compromiso con el multilateralismo - Di\u00e1logo de Alto Nivel de los Presidentes de la Asamblea General, ECOSOC y Consejo de Seguridad - Asamblea General de las Naciones Unidas\",\"isPartOf\":{\"@id\":\"https:\\\/\\\/www.un.org\\\/pga\\\/73\\\/#website\"},\"primaryImageOfPage\":{\"@id\":\"https:\\\/\\\/www.un.org\\\/pga\\\/73\\\/2018\\\/10\\\/31\\\/renewing-commitment-to-multilateralism-high-level-dialogue-between-the-presidents-of-the-general-assembly-ecosoc-and-the-security-council\\\/#primaryimage\"},\"image\":{\"@id\":\"https:\\\/\\\/www.un.org\\\/pga\\\/73\\\/2018\\\/10\\\/31\\\/renewing-commitment-to-multilateralism-high-level-dialogue-between-the-presidents-of-the-general-assembly-ecosoc-and-the-security-council\\\/#primaryimage\"},\"thumbnailUrl\":\"https:\\\/\\\/www.un.org\\\/pga\\\/wp-content\\\/uploads\\\/sites\\\/53\\\/2018\\\/11\\\/11.png\",\"datePublished\":\"2018-10-31T10:00:08+00:00\",\"dateModified\":\"2018-11-01T15:34:32+00:00\",\"breadcrumb\":{\"@id\":\"https:\\\/\\\/www.un.org\\\/pga\\\/73\\\/2018\\\/10\\\/31\\\/renewing-commitment-to-multilateralism-high-level-dialogue-between-the-presidents-of-the-general-assembly-ecosoc-and-the-security-council\\\/#breadcrumb\"},\"inLanguage\":\"es\",\"potentialAction\":[{\"@type\":\"ReadAction\",\"target\":[\"https:\\\/\\\/www.un.org\\\/pga\\\/73\\\/2018\\\/10\\\/31\\\/renewing-commitment-to-multilateralism-high-level-dialogue-between-the-presidents-of-the-general-assembly-ecosoc-and-the-security-council\\\/\"]}]},{\"@type\":\"ImageObject\",\"inLanguage\":\"es\",\"@id\":\"https:\\\/\\\/www.un.org\\\/pga\\\/73\\\/2018\\\/10\\\/31\\\/renewing-commitment-to-multilateralism-high-level-dialogue-between-the-presidents-of-the-general-assembly-ecosoc-and-the-security-council\\\/#primaryimage\",\"url\":\"https:\\\/\\\/www.un.org\\\/pga\\\/wp-content\\\/uploads\\\/sites\\\/53\\\/2018\\\/11\\\/11.png\",\"contentUrl\":\"https:\\\/\\\/www.un.org\\\/pga\\\/wp-content\\\/uploads\\\/sites\\\/53\\\/2018\\\/11\\\/11.png\",\"width\":1069,\"height\":721},{\"@type\":\"BreadcrumbList\",\"@id\":\"https:\\\/\\\/www.un.org\\\/pga\\\/73\\\/2018\\\/10\\\/31\\\/renewing-commitment-to-multilateralism-high-level-dialogue-between-the-presidents-of-the-general-assembly-ecosoc-and-the-security-council\\\/#breadcrumb\",\"itemListElement\":[{\"@type\":\"ListItem\",\"position\":1,\"name\":\"Home\",\"item\":\"https:\\\/\\\/www.un.org\\\/pga\\\/73\\\/es\\\/\"},{\"@type\":\"ListItem\",\"position\":2,\"name\":\"Renovando el compromiso con el multilateralismo &#8211; Di\u00e1logo de Alto Nivel de los Presidentes de la Asamblea General, ECOSOC y Consejo de Seguridad\"}]},{\"@type\":\"WebSite\",\"@id\":\"https:\\\/\\\/www.un.org\\\/pga\\\/73\\\/#website\",\"url\":\"https:\\\/\\\/www.un.org\\\/pga\\\/73\\\/\",\"name\":\"General Assembly of the United Nations\",\"description\":\"Presidenta del 73\u00b0 per\u00edodo de sesiones\",\"publisher\":{\"@id\":\"https:\\\/\\\/www.un.org\\\/pga\\\/73\\\/#organization\"},\"potentialAction\":[{\"@type\":\"SearchAction\",\"target\":{\"@type\":\"EntryPoint\",\"urlTemplate\":\"https:\\\/\\\/www.un.org\\\/pga\\\/73\\\/?s={search_term_string}\"},\"query-input\":{\"@type\":\"PropertyValueSpecification\",\"valueRequired\":true,\"valueName\":\"search_term_string\"}}],\"inLanguage\":\"es\"},{\"@type\":\"Organization\",\"@id\":\"https:\\\/\\\/www.un.org\\\/pga\\\/73\\\/#organization\",\"name\":\"General Assembly of the United Nations\",\"url\":\"https:\\\/\\\/www.un.org\\\/pga\\\/73\\\/\",\"logo\":{\"@type\":\"ImageObject\",\"inLanguage\":\"es\",\"@id\":\"https:\\\/\\\/www.un.org\\\/pga\\\/73\\\/#\\\/schema\\\/logo\\\/image\\\/\",\"url\":\"https:\\\/\\\/www.un.org\\\/pga\\\/wp-content\\\/uploads\\\/sites\\\/53\\\/2018\\\/07\\\/18-00066a_±¬ÁÏÍøGA73_Logos-no-type-04.png\",\"contentUrl\":\"https:\\\/\\\/www.un.org\\\/pga\\\/wp-content\\\/uploads\\\/sites\\\/53\\\/2018\\\/07\\\/18-00066a_±¬ÁÏÍøGA73_Logos-no-type-04.png\",\"width\":529,\"height\":601,\"caption\":\"General Assembly of the United Nations\"},\"image\":{\"@id\":\"https:\\\/\\\/www.un.org\\\/pga\\\/73\\\/#\\\/schema\\\/logo\\\/image\\\/\"}},{\"@type\":\"Person\",\"@id\":\"https:\\\/\\\/www.un.org\\\/pga\\\/73\\\/#\\\/schema\\\/person\\\/af470bea9354ed1b453ade6d22b5c9ee\",\"name\":\"Denise Kling\",\"image\":{\"@type\":\"ImageObject\",\"inLanguage\":\"es\",\"@id\":\"https:\\\/\\\/secure.gravatar.com\\\/avatar\\\/b5fdae9d2ae28ca0f434202f2c9b6f29640a2b757fdbaa4592687900a399db3d?s=96&d=mm&r=g\",\"url\":\"https:\\\/\\\/secure.gravatar.com\\\/avatar\\\/b5fdae9d2ae28ca0f434202f2c9b6f29640a2b757fdbaa4592687900a399db3d?s=96&d=mm&r=g\",\"contentUrl\":\"https:\\\/\\\/secure.gravatar.com\\\/avatar\\\/b5fdae9d2ae28ca0f434202f2c9b6f29640a2b757fdbaa4592687900a399db3d?s=96&d=mm&r=g\",\"caption\":\"Denise Kling\"},\"url\":\"https:\\\/\\\/www.un.org\\\/pga\\\/73\\\/es\\\/author\\\/denise-klingun-org\\\/\"}]}<\/script>\n<!-- \/ Yoast SEO plugin. -->","yoast_head_json":{"title":"Renovando el compromiso con el multilateralismo - Di\u00e1logo de Alto Nivel de los Presidentes de la Asamblea General, ECOSOC y Consejo de Seguridad - Asamblea General de las Naciones Unidas","robots":{"index":"index","follow":"follow","max-snippet":"max-snippet:-1","max-image-preview":"max-image-preview:large","max-video-preview":"max-video-preview:-1"},"canonical":"https:\/\/www.un.org\/pga\/73\/2018\/10\/31\/renewing-commitment-to-multilateralism-high-level-dialogue-between-the-presidents-of-the-general-assembly-ecosoc-and-the-security-council\/","og_locale":"es_ES","og_type":"article","og_title":"Renovando el compromiso con el multilateralismo - Di\u00e1logo de Alto Nivel de los Presidentes de la Asamblea General, ECOSOC y Consejo de Seguridad - Asamblea General de las Naciones Unidas","og_description":"Di\u00e1logo de Alto Nivel de los Presidentes de la Asamblea General, ECOSOC y Consejo de Seguridad: \"Renovando el compromiso con el multilateralismo\u201d","og_url":"https:\/\/www.un.org\/pga\/73\/2018\/10\/31\/renewing-commitment-to-multilateralism-high-level-dialogue-between-the-presidents-of-the-general-assembly-ecosoc-and-the-security-council\/","og_site_name":"Asamblea General de las Naciones Unidas","article_published_time":"2018-10-31T10:00:08+00:00","article_modified_time":"2018-11-01T15:34:32+00:00","og_image":[{"width":1069,"height":721,"url":"https:\/\/www.un.org\/pga\/wp-content\/uploads\/sites\/53\/2018\/11\/11.png","type":"image\/png"}],"author":"Denise Kling","twitter_card":"summary_large_image","twitter_misc":{"Escrito por":"Denise Kling","Tiempo de lectura":"9 minutos"},"schema":{"@context":"https:\/\/schema.org","@graph":[{"@type":"Article","@id":"https:\/\/www.un.org\/pga\/73\/2018\/10\/31\/renewing-commitment-to-multilateralism-high-level-dialogue-between-the-presidents-of-the-general-assembly-ecosoc-and-the-security-council\/#article","isPartOf":{"@id":"https:\/\/www.un.org\/pga\/73\/2018\/10\/31\/renewing-commitment-to-multilateralism-high-level-dialogue-between-the-presidents-of-the-general-assembly-ecosoc-and-the-security-council\/"},"author":{"name":"Denise Kling","@id":"https:\/\/www.un.org\/pga\/73\/#\/schema\/person\/af470bea9354ed1b453ade6d22b5c9ee"},"headline":"Renovando el compromiso con el multilateralismo &#8211; Di\u00e1logo de Alto Nivel de los Presidentes de la Asamblea General, ECOSOC y Consejo de Seguridad","datePublished":"2018-10-31T10:00:08+00:00","dateModified":"2018-11-01T15:34:32+00:00","mainEntityOfPage":{"@id":"https:\/\/www.un.org\/pga\/73\/2018\/10\/31\/renewing-commitment-to-multilateralism-high-level-dialogue-between-the-presidents-of-the-general-assembly-ecosoc-and-the-security-council\/"},"wordCount":1893,"publisher":{"@id":"https:\/\/www.un.org\/pga\/73\/#organization"},"image":{"@id":"https:\/\/www.un.org\/pga\/73\/2018\/10\/31\/renewing-commitment-to-multilateralism-high-level-dialogue-between-the-presidents-of-the-general-assembly-ecosoc-and-the-security-council\/#primaryimage"},"thumbnailUrl":"https:\/\/www.un.org\/pga\/wp-content\/uploads\/sites\/53\/2018\/11\/11.png","articleSection":["Declaraciones"],"inLanguage":"es"},{"@type":"WebPage","@id":"https:\/\/www.un.org\/pga\/73\/2018\/10\/31\/renewing-commitment-to-multilateralism-high-level-dialogue-between-the-presidents-of-the-general-assembly-ecosoc-and-the-security-council\/","url":"https:\/\/www.un.org\/pga\/73\/2018\/10\/31\/renewing-commitment-to-multilateralism-high-level-dialogue-between-the-presidents-of-the-general-assembly-ecosoc-and-the-security-council\/","name":"Renovando el compromiso con el multilateralismo - Di\u00e1logo de Alto Nivel de los Presidentes de la Asamblea General, ECOSOC y Consejo de Seguridad - Asamblea General de las Naciones Unidas","isPartOf":{"@id":"https:\/\/www.un.org\/pga\/73\/#website"},"primaryImageOfPage":{"@id":"https:\/\/www.un.org\/pga\/73\/2018\/10\/31\/renewing-commitment-to-multilateralism-high-level-dialogue-between-the-presidents-of-the-general-assembly-ecosoc-and-the-security-council\/#primaryimage"},"image":{"@id":"https:\/\/www.un.org\/pga\/73\/2018\/10\/31\/renewing-commitment-to-multilateralism-high-level-dialogue-between-the-presidents-of-the-general-assembly-ecosoc-and-the-security-council\/#primaryimage"},"thumbnailUrl":"https:\/\/www.un.org\/pga\/wp-content\/uploads\/sites\/53\/2018\/11\/11.png","datePublished":"2018-10-31T10:00:08+00:00","dateModified":"2018-11-01T15:34:32+00:00","breadcrumb":{"@id":"https:\/\/www.un.org\/pga\/73\/2018\/10\/31\/renewing-commitment-to-multilateralism-high-level-dialogue-between-the-presidents-of-the-general-assembly-ecosoc-and-the-security-council\/#breadcrumb"},"inLanguage":"es","potentialAction":[{"@type":"ReadAction","target":["https:\/\/www.un.org\/pga\/73\/2018\/10\/31\/renewing-commitment-to-multilateralism-high-level-dialogue-between-the-presidents-of-the-general-assembly-ecosoc-and-the-security-council\/"]}]},{"@type":"ImageObject","inLanguage":"es","@id":"https:\/\/www.un.org\/pga\/73\/2018\/10\/31\/renewing-commitment-to-multilateralism-high-level-dialogue-between-the-presidents-of-the-general-assembly-ecosoc-and-the-security-council\/#primaryimage","url":"https:\/\/www.un.org\/pga\/wp-content\/uploads\/sites\/53\/2018\/11\/11.png","contentUrl":"https:\/\/www.un.org\/pga\/wp-content\/uploads\/sites\/53\/2018\/11\/11.png","width":1069,"height":721},{"@type":"BreadcrumbList","@id":"https:\/\/www.un.org\/pga\/73\/2018\/10\/31\/renewing-commitment-to-multilateralism-high-level-dialogue-between-the-presidents-of-the-general-assembly-ecosoc-and-the-security-council\/#breadcrumb","itemListElement":[{"@type":"ListItem","position":1,"name":"Home","item":"https:\/\/www.un.org\/pga\/73\/es\/"},{"@type":"ListItem","position":2,"name":"Renovando el compromiso con el multilateralismo &#8211; Di\u00e1logo de Alto Nivel de los Presidentes de la Asamblea General, ECOSOC y Consejo de Seguridad"}]},{"@type":"WebSite","@id":"https:\/\/www.un.org\/pga\/73\/#website","url":"https:\/\/www.un.org\/pga\/73\/","name":"General Assembly of the United Nations","description":"Presidenta del 73\u00b0 per\u00edodo de sesiones","publisher":{"@id":"https:\/\/www.un.org\/pga\/73\/#organization"},"potentialAction":[{"@type":"SearchAction","target":{"@type":"EntryPoint","urlTemplate":"https:\/\/www.un.org\/pga\/73\/?s={search_term_string}"},"query-input":{"@type":"PropertyValueSpecification","valueRequired":true,"valueName":"search_term_string"}}],"inLanguage":"es"},{"@type":"Organization","@id":"https:\/\/www.un.org\/pga\/73\/#organization","name":"General Assembly of the United Nations","url":"https:\/\/www.un.org\/pga\/73\/","logo":{"@type":"ImageObject","inLanguage":"es","@id":"https:\/\/www.un.org\/pga\/73\/#\/schema\/logo\/image\/","url":"https:\/\/www.un.org\/pga\/wp-content\/uploads\/sites\/53\/2018\/07\/18-00066a_±¬ÁÏÍøGA73_Logos-no-type-04.png","contentUrl":"https:\/\/www.un.org\/pga\/wp-content\/uploads\/sites\/53\/2018\/07\/18-00066a_±¬ÁÏÍøGA73_Logos-no-type-04.png","width":529,"height":601,"caption":"General Assembly of the United Nations"},"image":{"@id":"https:\/\/www.un.org\/pga\/73\/#\/schema\/logo\/image\/"}},{"@type":"Person","@id":"https:\/\/www.un.org\/pga\/73\/#\/schema\/person\/af470bea9354ed1b453ade6d22b5c9ee","name":"Denise Kling","image":{"@type":"ImageObject","inLanguage":"es","@id":"https:\/\/secure.gravatar.com\/avatar\/b5fdae9d2ae28ca0f434202f2c9b6f29640a2b757fdbaa4592687900a399db3d?s=96&d=mm&r=g","url":"https:\/\/secure.gravatar.com\/avatar\/b5fdae9d2ae28ca0f434202f2c9b6f29640a2b757fdbaa4592687900a399db3d?s=96&d=mm&r=g","contentUrl":"https:\/\/secure.gravatar.com\/avatar\/b5fdae9d2ae28ca0f434202f2c9b6f29640a2b757fdbaa4592687900a399db3d?s=96&d=mm&r=g","caption":"Denise Kling"},"url":"https:\/\/www.un.org\/pga\/73\/es\/author\/denise-klingun-org\/"}]}},"_links":{"self":[{"href":"https:\/\/www.un.org\/pga\/73\/es\/wp-json\/wp\/v2\/posts\/169434","targetHints":{"allow":["GET"]}}],"collection":[{"href":"https:\/\/www.un.org\/pga\/73\/es\/wp-json\/wp\/v2\/posts"}],"about":[{"href":"https:\/\/www.un.org\/pga\/73\/es\/wp-json\/wp\/v2\/types\/post"}],"author":[{"embeddable":true,"href":"https:\/\/www.un.org\/pga\/73\/es\/wp-json\/wp\/v2\/users\/266"}],"replies":[{"embeddable":true,"href":"https:\/\/www.un.org\/pga\/73\/es\/wp-json\/wp\/v2\/comments?post=169434"}],"version-history":[{"count":0,"href":"https:\/\/www.un.org\/pga\/73\/es\/wp-json\/wp\/v2\/posts\/169434\/revisions"}],"wp:featuredmedia":[{"embeddable":true,"href":"https:\/\/www.un.org\/pga\/73\/es\/wp-json\/wp\/v2\/media\/169419"}],"wp:attachment":[{"href":"https:\/\/www.un.org\/pga\/73\/es\/wp-json\/wp\/v2\/media?parent=169434"}],"wp:term":[{"taxonomy":"category","embeddable":true,"href":"https:\/\/www.un.org\/pga\/73\/es\/wp-json\/wp\/v2\/categories?post=169434"},{"taxonomy":"post_tag","embeddable":true,"href":"https:\/\/www.un.org\/pga\/73\/es\/wp-json\/wp\/v2\/tags?post=169434"}],"curies":[{"name":"wp","href":"https:\/\/api.w.org\/{rel}","templated":true}]}}