  {"id":168309,"date":"2018-09-26T10:00:36","date_gmt":"2018-09-26T14:00:36","guid":{"rendered":"https:\/\/www.un.org\/pga\/73\/?p=168309"},"modified":"2018-10-25T15:03:20","modified_gmt":"2018-10-25T19:03:20","slug":"dia-internacional-para-la-eliminacion-total-de-armas-nucleares","status":"publish","type":"post","link":"https:\/\/www.un.org\/pga\/73\/es\/2018\/09\/26\/dia-internacional-para-la-eliminacion-total-de-armas-nucleares\/","title":{"rendered":"D\u00eda Internacional para la Eliminaci\u00f3n Total de Armas Nucleares"},"content":{"rendered":"<p>[et_pb_section bb_built=\u00bb1&#8243;][et_pb_row][et_pb_column type=\u00bb4_4&#8243;][et_pb_text _builder_version=\u00bb3.12.2&#8243; border_style=\u00bbsolid\u00bb background_position=\u00bbtop_left\u00bb background_repeat=\u00bbrepeat\u00bb background_size=\u00bbinitial\u00bb]<\/p>\n<p style=\"text-align: center\"><strong><em>&#8211; Como dijo &#8211;<\/em><\/strong><\/p>\n<h3><span lang=\"es\">Declaraci\u00f3n de H.E. Sra. Mar\u00eda Fernanda Espinosa Garc\u00e9s, Presidenta del 73.\u00ba per\u00edodo de sesiones de la Asamblea General de las Naciones Unidas<\/span><\/h3>\n<p><strong><span class=\"updated\">26 de septiembre del 2018<\/span><\/strong><\/p>\n<p><img loading=\"lazy\" decoding=\"async\" class=\"wp-image-164148 alignleft\" src=\"https:\/\/www.un.org\/pga\/73\/wp-content\/uploads\/sites\/53\/2018\/09\/20180926_AL_PGA-Day-of-Elimination-of-Nuclear-Weapons_IMG_6079-200x300.jpg\" alt=\"\" width=\"350\" height=\"525\" srcset=\"https:\/\/www.un.org\/pga\/wp-content\/uploads\/sites\/53\/2018\/09\/20180926_AL_PGA-Day-of-Elimination-of-Nuclear-Weapons_IMG_6079-200x300.jpg 200w, https:\/\/www.un.org\/pga\/wp-content\/uploads\/sites\/53\/2018\/09\/20180926_AL_PGA-Day-of-Elimination-of-Nuclear-Weapons_IMG_6079-100x150.jpg 100w, https:\/\/www.un.org\/pga\/wp-content\/uploads\/sites\/53\/2018\/09\/20180926_AL_PGA-Day-of-Elimination-of-Nuclear-Weapons_IMG_6079-768x1152.jpg 768w, https:\/\/www.un.org\/pga\/wp-content\/uploads\/sites\/53\/2018\/09\/20180926_AL_PGA-Day-of-Elimination-of-Nuclear-Weapons_IMG_6079-683x1024.jpg 683w, https:\/\/www.un.org\/pga\/wp-content\/uploads\/sites\/53\/2018\/09\/20180926_AL_PGA-Day-of-Elimination-of-Nuclear-Weapons_IMG_6079-1080x1620.jpg 1080w, https:\/\/www.un.org\/pga\/wp-content\/uploads\/sites\/53\/2018\/09\/20180926_AL_PGA-Day-of-Elimination-of-Nuclear-Weapons_IMG_6079.jpg 1365w\" sizes=\"(max-width: 350px) 100vw, 350px\" \/><\/p>\n<p>Sr. Secretario General,<\/p>\n<p>Excelencias,<\/p>\n<p>Distinguidos delegados,<\/p>\n<p>Damas y caballeros,<\/p>\n<p>Es un placer estar aqu\u00ed y participar en esta Reuni\u00f3n Plenaria de Alto Nivel sobre la eliminaci\u00f3n total de las armas nucleares.<\/p>\n<p>La eliminaci\u00f3n de las armas nucleares es probablemente el desaf\u00edo existencial m\u00e1s importante de nuestra \u00e9poca y debe seguir siendo una prioridad para las Naciones Unidas.<\/p>\n<p>Ninguna otra tecnolog\u00eda, ninguna otra arma de destrucci\u00f3n masiva, tiene la capacidad, casi literalmente, de cambiar la faz de la Tierra, erradicando sociedades enteras.<\/p>\n<p>En 1945, dos bombas at\u00f3micas devastaron las ciudades de Hiroshima y Nagasaki ocasionando la muerte de alrededor de 300 mil personas. Actualmente,\u00a0 contin\u00faan existiendo, en los arsenales de nueve estados, casi 15 mil armas nucleares de mayor capacidad devastadora que esas dos bombas, y\u00a0 cientos de ellas permanecen en alta alerta operativa, listas a ser activadas en minutos. Esta es un realidad escalofriante que no podemos ignorar.<\/p>\n<p>La propia supervivencia de la humanidad depende de un acuerdo que proh\u00edba el uso de armas nucleares.<\/p>\n<p>Un mundo libre de armas nucleares es la \u00fanica garant\u00eda de que la\u00a0 naturaleza humana no pondr\u00e1 en peligro nuestra propia existencia. Las\u00a0 amenazas y las acciones de los actores no estatales, que buscan activamente obtener tales armas son muestra de ello.<\/p>\n<p>Excelencias, es por esas razones que el D\u00eda Internacional de la Eliminaci\u00f3n Total de las Armas Nucleares fue establecido por la Asamblea General en 2013 y se ha observado anualmente desde entonces.<\/p>\n<p>Este D\u00eda despierta la conciencia p\u00fablica y el compromiso pol\u00edtico, y cada a\u00f1o, un foro como este, nos brinda la oportunidad para que los Estados Miembros discutan esta amenaza existencial y encuentren soluciones conjuntas, que promuevan el desarme nuclear.<\/p>\n<p>Me complace observar que se ha logrado alg\u00fan progreso. En 2017, se adopt\u00f3 el Tratado sobre la Prohibici\u00f3n de las Armas Nucleares. Este instrumento hist\u00f3rico y jur\u00eddicamente vinculante para el desarme nuclear incluye prohibiciones para desarrollar, probar, adquirir, usar, o incluso amenazar con usar armas nucleares.<\/p>\n<p>El Tratado es un testimonio de la continua necesidad y de la utilidad del multilateralismo.<\/p>\n<p>El Tratado sigue abierto a la firma de los Estados miembros. Una vez que logremos las 50 ratificaciones el Tratado podr\u00e1 entrar plenamente en vigor. Espero que la discusi\u00f3n de hoy ayude a influir en favor de la necesidad de contar con este instrumento.<\/p>\n<p>En este contexto, celebro la decisi\u00f3n del Secretario General de iniciar, a principios de este a\u00f1o, una Agenda para el Desarme.<\/p>\n<p>La Agenda busca involucrar a las partes interesadas en debates innovadores sobre medidas pr\u00e1cticas dise\u00f1adas para generar resultados en las negociaciones en curso y en otras iniciativas. Ello es precisamente lo que hace falta en este momento: nuevas ideas y voluntad pol\u00edtica para hacer la diferencia.<\/p>\n<p>El desarme nuclear es tan importante hoy, como siempre lo ha sido. Durante mi mandato como Presidente de la Asamblea General, colaborar\u00e9 con los Estados Miembros para debatir sobre la mejor manera de avanzar en la labor de la Primera Comisi\u00f3n y en otros foros.<\/p>\n<p>Lograr un mundo libre de armas nucleares es una aspiraci\u00f3n universal. Ojal\u00e1 esta reuni\u00f3n brinde una ocasi\u00f3n oportuna para intercambiar puntos de vista sobre c\u00f3mo podremos tomar medidas concretas hacia ese objetivo.<\/p>\n<p>Muchas gracias.<\/p>\n<p>[\/et_pb_text][\/et_pb_column][\/et_pb_row][\/et_pb_section]<\/p>\n","protected":false},"excerpt":{"rendered":"<p> D\u00eda Internacional para la Eliminaci\u00f3n Total de Armas Nucleares<\/p>\n","protected":false},"author":202,"featured_media":164181,"comment_status":"closed","ping_status":"closed","sticky":false,"template":"","format":"standard","meta":{"_et_pb_use_builder":"on","_et_pb_old_content":"<p>[et_pb_section bb_built=\"1\"][et_pb_row][\/et_pb_row][\/et_pb_section]<\/p>","_et_gb_content_width":"","footnotes":"","_links_to":"","_links_to_target":""},"categories":[181],"tags":[],"class_list":["post-168309","post","type-post","status-publish","format-standard","has-post-thumbnail","hentry","category-statements-es","et-has-post-format-content","et_post_format-et-post-format-standard"],"yoast_head":"<!-- This site is optimized with the Yoast SEO plugin v28.3 - https:\/\/yoast.com\/product\/yoast-seo-wordpress\/ -->\n<title>D\u00eda Internacional para la Eliminaci\u00f3n Total de Armas Nucleares - Asamblea General de las Naciones Unidas<\/title>\n<meta name=\"robots\" content=\"index, follow, max-snippet:-1, max-image-preview:large, max-video-preview:-1\" \/>\n<link rel=\"canonical\" href=\"https:\/\/www.un.org\/pga\/73\/2018\/09\/26\/international-day-for-the-total-elimination-of-nuclear-weapons\/\" \/>\n<meta property=\"og:locale\" content=\"es_ES\" \/>\n<meta property=\"og:type\" content=\"article\" \/>\n<meta property=\"og:title\" content=\"D\u00eda Internacional para la Eliminaci\u00f3n Total de Armas Nucleares - Asamblea General de las Naciones Unidas\" \/>\n<meta property=\"og:description\" content=\"D\u00eda Internacional para la Eliminaci\u00f3n Total de Armas Nucleares\" \/>\n<meta property=\"og:url\" content=\"https:\/\/www.un.org\/pga\/73\/2018\/09\/26\/international-day-for-the-total-elimination-of-nuclear-weapons\/\" \/>\n<meta property=\"og:site_name\" content=\"Asamblea General de las Naciones Unidas\" \/>\n<meta property=\"article:published_time\" content=\"2018-09-26T14:00:36+00:00\" \/>\n<meta property=\"article:modified_time\" content=\"2018-10-25T19:03:20+00:00\" \/>\n<meta property=\"og:image\" content=\"https:\/\/www.un.org\/pga\/wp-content\/uploads\/sites\/53\/2018\/09\/20180926_AL_PGA-Day-of-Elimination-of-Nuclear-Weapons_IMG_5905.jpg\" \/>\n\t<meta property=\"og:image:width\" content=\"5400\" \/>\n\t<meta property=\"og:image:height\" content=\"3600\" \/>\n\t<meta property=\"og:image:type\" content=\"image\/jpeg\" \/>\n<meta name=\"author\" content=\"Katharina Kandt\" \/>\n<meta name=\"twitter:card\" content=\"summary_large_image\" \/>\n<meta name=\"twitter:label1\" content=\"Escrito por\" \/>\n\t<meta name=\"twitter:data1\" content=\"Katharina Kandt\" \/>\n\t<meta name=\"twitter:label2\" content=\"Tiempo de lectura\" \/>\n\t<meta name=\"twitter:data2\" content=\"3 minutos\" \/>\n<script type=\"application\/ld+json\" class=\"yoast-schema-graph\">{\"@context\":\"https:\\\/\\\/schema.org\",\"@graph\":[{\"@type\":\"Article\",\"@id\":\"https:\\\/\\\/www.un.org\\\/pga\\\/73\\\/2018\\\/09\\\/26\\\/international-day-for-the-total-elimination-of-nuclear-weapons\\\/#article\",\"isPartOf\":{\"@id\":\"https:\\\/\\\/www.un.org\\\/pga\\\/73\\\/2018\\\/09\\\/26\\\/international-day-for-the-total-elimination-of-nuclear-weapons\\\/\"},\"author\":{\"name\":\"Katharina Kandt\",\"@id\":\"https:\\\/\\\/www.un.org\\\/pga\\\/73\\\/#\\\/schema\\\/person\\\/06bf09e43d46846c087701ec99ac8412\"},\"headline\":\"D\u00eda Internacional para la Eliminaci\u00f3n Total de Armas Nucleares\",\"datePublished\":\"2018-09-26T14:00:36+00:00\",\"dateModified\":\"2018-10-25T19:03:20+00:00\",\"mainEntityOfPage\":{\"@id\":\"https:\\\/\\\/www.un.org\\\/pga\\\/73\\\/2018\\\/09\\\/26\\\/international-day-for-the-total-elimination-of-nuclear-weapons\\\/\"},\"wordCount\":641,\"publisher\":{\"@id\":\"https:\\\/\\\/www.un.org\\\/pga\\\/73\\\/#organization\"},\"image\":{\"@id\":\"https:\\\/\\\/www.un.org\\\/pga\\\/73\\\/2018\\\/09\\\/26\\\/international-day-for-the-total-elimination-of-nuclear-weapons\\\/#primaryimage\"},\"thumbnailUrl\":\"https:\\\/\\\/www.un.org\\\/pga\\\/wp-content\\\/uploads\\\/sites\\\/53\\\/2018\\\/09\\\/20180926_AL_PGA-Day-of-Elimination-of-Nuclear-Weapons_IMG_5905.jpg\",\"articleSection\":[\"Declaraciones\"],\"inLanguage\":\"es\"},{\"@type\":\"WebPage\",\"@id\":\"https:\\\/\\\/www.un.org\\\/pga\\\/73\\\/2018\\\/09\\\/26\\\/international-day-for-the-total-elimination-of-nuclear-weapons\\\/\",\"url\":\"https:\\\/\\\/www.un.org\\\/pga\\\/73\\\/2018\\\/09\\\/26\\\/international-day-for-the-total-elimination-of-nuclear-weapons\\\/\",\"name\":\"D\u00eda Internacional para la Eliminaci\u00f3n Total de Armas Nucleares - Asamblea General de las Naciones Unidas\",\"isPartOf\":{\"@id\":\"https:\\\/\\\/www.un.org\\\/pga\\\/73\\\/#website\"},\"primaryImageOfPage\":{\"@id\":\"https:\\\/\\\/www.un.org\\\/pga\\\/73\\\/2018\\\/09\\\/26\\\/international-day-for-the-total-elimination-of-nuclear-weapons\\\/#primaryimage\"},\"image\":{\"@id\":\"https:\\\/\\\/www.un.org\\\/pga\\\/73\\\/2018\\\/09\\\/26\\\/international-day-for-the-total-elimination-of-nuclear-weapons\\\/#primaryimage\"},\"thumbnailUrl\":\"https:\\\/\\\/www.un.org\\\/pga\\\/wp-content\\\/uploads\\\/sites\\\/53\\\/2018\\\/09\\\/20180926_AL_PGA-Day-of-Elimination-of-Nuclear-Weapons_IMG_5905.jpg\",\"datePublished\":\"2018-09-26T14:00:36+00:00\",\"dateModified\":\"2018-10-25T19:03:20+00:00\",\"breadcrumb\":{\"@id\":\"https:\\\/\\\/www.un.org\\\/pga\\\/73\\\/2018\\\/09\\\/26\\\/international-day-for-the-total-elimination-of-nuclear-weapons\\\/#breadcrumb\"},\"inLanguage\":\"es\",\"potentialAction\":[{\"@type\":\"ReadAction\",\"target\":[\"https:\\\/\\\/www.un.org\\\/pga\\\/73\\\/2018\\\/09\\\/26\\\/international-day-for-the-total-elimination-of-nuclear-weapons\\\/\"]}]},{\"@type\":\"ImageObject\",\"inLanguage\":\"es\",\"@id\":\"https:\\\/\\\/www.un.org\\\/pga\\\/73\\\/2018\\\/09\\\/26\\\/international-day-for-the-total-elimination-of-nuclear-weapons\\\/#primaryimage\",\"url\":\"https:\\\/\\\/www.un.org\\\/pga\\\/wp-content\\\/uploads\\\/sites\\\/53\\\/2018\\\/09\\\/20180926_AL_PGA-Day-of-Elimination-of-Nuclear-Weapons_IMG_5905.jpg\",\"contentUrl\":\"https:\\\/\\\/www.un.org\\\/pga\\\/wp-content\\\/uploads\\\/sites\\\/53\\\/2018\\\/09\\\/20180926_AL_PGA-Day-of-Elimination-of-Nuclear-Weapons_IMG_5905.jpg\",\"width\":5400,\"height\":3600,\"caption\":\"Mar\u00eda Fernanda Espinosa Garc\u00e9s, President of the seventy-third session of the General Assembly at the opening of the Day of Elimination of Nuclear Weapons\"},{\"@type\":\"BreadcrumbList\",\"@id\":\"https:\\\/\\\/www.un.org\\\/pga\\\/73\\\/2018\\\/09\\\/26\\\/international-day-for-the-total-elimination-of-nuclear-weapons\\\/#breadcrumb\",\"itemListElement\":[{\"@type\":\"ListItem\",\"position\":1,\"name\":\"Home\",\"item\":\"https:\\\/\\\/www.un.org\\\/pga\\\/73\\\/es\\\/\"},{\"@type\":\"ListItem\",\"position\":2,\"name\":\"D\u00eda Internacional para la Eliminaci\u00f3n Total de Armas Nucleares\"}]},{\"@type\":\"WebSite\",\"@id\":\"https:\\\/\\\/www.un.org\\\/pga\\\/73\\\/#website\",\"url\":\"https:\\\/\\\/www.un.org\\\/pga\\\/73\\\/\",\"name\":\"General Assembly of the United Nations\",\"description\":\"Presidenta del 73\u00b0 per\u00edodo de sesiones\",\"publisher\":{\"@id\":\"https:\\\/\\\/www.un.org\\\/pga\\\/73\\\/#organization\"},\"potentialAction\":[{\"@type\":\"SearchAction\",\"target\":{\"@type\":\"EntryPoint\",\"urlTemplate\":\"https:\\\/\\\/www.un.org\\\/pga\\\/73\\\/?s={search_term_string}\"},\"query-input\":{\"@type\":\"PropertyValueSpecification\",\"valueRequired\":true,\"valueName\":\"search_term_string\"}}],\"inLanguage\":\"es\"},{\"@type\":\"Organization\",\"@id\":\"https:\\\/\\\/www.un.org\\\/pga\\\/73\\\/#organization\",\"name\":\"General Assembly of the United Nations\",\"url\":\"https:\\\/\\\/www.un.org\\\/pga\\\/73\\\/\",\"logo\":{\"@type\":\"ImageObject\",\"inLanguage\":\"es\",\"@id\":\"https:\\\/\\\/www.un.org\\\/pga\\\/73\\\/#\\\/schema\\\/logo\\\/image\\\/\",\"url\":\"https:\\\/\\\/www.un.org\\\/pga\\\/wp-content\\\/uploads\\\/sites\\\/53\\\/2018\\\/07\\\/18-00066a_±¬ÁÏÍøGA73_Logos-no-type-04.png\",\"contentUrl\":\"https:\\\/\\\/www.un.org\\\/pga\\\/wp-content\\\/uploads\\\/sites\\\/53\\\/2018\\\/07\\\/18-00066a_±¬ÁÏÍøGA73_Logos-no-type-04.png\",\"width\":529,\"height\":601,\"caption\":\"General Assembly of the United Nations\"},\"image\":{\"@id\":\"https:\\\/\\\/www.un.org\\\/pga\\\/73\\\/#\\\/schema\\\/logo\\\/image\\\/\"}},{\"@type\":\"Person\",\"@id\":\"https:\\\/\\\/www.un.org\\\/pga\\\/73\\\/#\\\/schema\\\/person\\\/06bf09e43d46846c087701ec99ac8412\",\"name\":\"Katharina Kandt\",\"image\":{\"@type\":\"ImageObject\",\"inLanguage\":\"es\",\"@id\":\"https:\\\/\\\/secure.gravatar.com\\\/avatar\\\/5e28c19bf52d2ea02ca4d78c4548f4e118fe08e94744f59f7938769a04ae856e?s=96&d=mm&r=g\",\"url\":\"https:\\\/\\\/secure.gravatar.com\\\/avatar\\\/5e28c19bf52d2ea02ca4d78c4548f4e118fe08e94744f59f7938769a04ae856e?s=96&d=mm&r=g\",\"contentUrl\":\"https:\\\/\\\/secure.gravatar.com\\\/avatar\\\/5e28c19bf52d2ea02ca4d78c4548f4e118fe08e94744f59f7938769a04ae856e?s=96&d=mm&r=g\",\"caption\":\"Katharina Kandt\"},\"url\":\"https:\\\/\\\/www.un.org\\\/pga\\\/73\\\/es\\\/author\\\/kandtun-org\\\/\"}]}<\/script>\n<!-- \/ Yoast SEO plugin. -->","yoast_head_json":{"title":"D\u00eda Internacional para la Eliminaci\u00f3n Total de Armas Nucleares - Asamblea General de las Naciones Unidas","robots":{"index":"index","follow":"follow","max-snippet":"max-snippet:-1","max-image-preview":"max-image-preview:large","max-video-preview":"max-video-preview:-1"},"canonical":"https:\/\/www.un.org\/pga\/73\/2018\/09\/26\/international-day-for-the-total-elimination-of-nuclear-weapons\/","og_locale":"es_ES","og_type":"article","og_title":"D\u00eda Internacional para la Eliminaci\u00f3n Total de Armas Nucleares - Asamblea General de las Naciones Unidas","og_description":"D\u00eda Internacional para la Eliminaci\u00f3n Total de Armas Nucleares","og_url":"https:\/\/www.un.org\/pga\/73\/2018\/09\/26\/international-day-for-the-total-elimination-of-nuclear-weapons\/","og_site_name":"Asamblea General de las Naciones Unidas","article_published_time":"2018-09-26T14:00:36+00:00","article_modified_time":"2018-10-25T19:03:20+00:00","og_image":[{"width":5400,"height":3600,"url":"https:\/\/www.un.org\/pga\/wp-content\/uploads\/sites\/53\/2018\/09\/20180926_AL_PGA-Day-of-Elimination-of-Nuclear-Weapons_IMG_5905.jpg","type":"image\/jpeg"}],"author":"Katharina Kandt","twitter_card":"summary_large_image","twitter_misc":{"Escrito por":"Katharina Kandt","Tiempo de lectura":"3 minutos"},"schema":{"@context":"https:\/\/schema.org","@graph":[{"@type":"Article","@id":"https:\/\/www.un.org\/pga\/73\/2018\/09\/26\/international-day-for-the-total-elimination-of-nuclear-weapons\/#article","isPartOf":{"@id":"https:\/\/www.un.org\/pga\/73\/2018\/09\/26\/international-day-for-the-total-elimination-of-nuclear-weapons\/"},"author":{"name":"Katharina Kandt","@id":"https:\/\/www.un.org\/pga\/73\/#\/schema\/person\/06bf09e43d46846c087701ec99ac8412"},"headline":"D\u00eda Internacional para la Eliminaci\u00f3n Total de Armas Nucleares","datePublished":"2018-09-26T14:00:36+00:00","dateModified":"2018-10-25T19:03:20+00:00","mainEntityOfPage":{"@id":"https:\/\/www.un.org\/pga\/73\/2018\/09\/26\/international-day-for-the-total-elimination-of-nuclear-weapons\/"},"wordCount":641,"publisher":{"@id":"https:\/\/www.un.org\/pga\/73\/#organization"},"image":{"@id":"https:\/\/www.un.org\/pga\/73\/2018\/09\/26\/international-day-for-the-total-elimination-of-nuclear-weapons\/#primaryimage"},"thumbnailUrl":"https:\/\/www.un.org\/pga\/wp-content\/uploads\/sites\/53\/2018\/09\/20180926_AL_PGA-Day-of-Elimination-of-Nuclear-Weapons_IMG_5905.jpg","articleSection":["Declaraciones"],"inLanguage":"es"},{"@type":"WebPage","@id":"https:\/\/www.un.org\/pga\/73\/2018\/09\/26\/international-day-for-the-total-elimination-of-nuclear-weapons\/","url":"https:\/\/www.un.org\/pga\/73\/2018\/09\/26\/international-day-for-the-total-elimination-of-nuclear-weapons\/","name":"D\u00eda Internacional para la Eliminaci\u00f3n Total de Armas Nucleares - Asamblea General de las Naciones Unidas","isPartOf":{"@id":"https:\/\/www.un.org\/pga\/73\/#website"},"primaryImageOfPage":{"@id":"https:\/\/www.un.org\/pga\/73\/2018\/09\/26\/international-day-for-the-total-elimination-of-nuclear-weapons\/#primaryimage"},"image":{"@id":"https:\/\/www.un.org\/pga\/73\/2018\/09\/26\/international-day-for-the-total-elimination-of-nuclear-weapons\/#primaryimage"},"thumbnailUrl":"https:\/\/www.un.org\/pga\/wp-content\/uploads\/sites\/53\/2018\/09\/20180926_AL_PGA-Day-of-Elimination-of-Nuclear-Weapons_IMG_5905.jpg","datePublished":"2018-09-26T14:00:36+00:00","dateModified":"2018-10-25T19:03:20+00:00","breadcrumb":{"@id":"https:\/\/www.un.org\/pga\/73\/2018\/09\/26\/international-day-for-the-total-elimination-of-nuclear-weapons\/#breadcrumb"},"inLanguage":"es","potentialAction":[{"@type":"ReadAction","target":["https:\/\/www.un.org\/pga\/73\/2018\/09\/26\/international-day-for-the-total-elimination-of-nuclear-weapons\/"]}]},{"@type":"ImageObject","inLanguage":"es","@id":"https:\/\/www.un.org\/pga\/73\/2018\/09\/26\/international-day-for-the-total-elimination-of-nuclear-weapons\/#primaryimage","url":"https:\/\/www.un.org\/pga\/wp-content\/uploads\/sites\/53\/2018\/09\/20180926_AL_PGA-Day-of-Elimination-of-Nuclear-Weapons_IMG_5905.jpg","contentUrl":"https:\/\/www.un.org\/pga\/wp-content\/uploads\/sites\/53\/2018\/09\/20180926_AL_PGA-Day-of-Elimination-of-Nuclear-Weapons_IMG_5905.jpg","width":5400,"height":3600,"caption":"Mar\u00eda Fernanda Espinosa Garc\u00e9s, President of the seventy-third session of the General Assembly at the opening of the Day of Elimination of Nuclear Weapons"},{"@type":"BreadcrumbList","@id":"https:\/\/www.un.org\/pga\/73\/2018\/09\/26\/international-day-for-the-total-elimination-of-nuclear-weapons\/#breadcrumb","itemListElement":[{"@type":"ListItem","position":1,"name":"Home","item":"https:\/\/www.un.org\/pga\/73\/es\/"},{"@type":"ListItem","position":2,"name":"D\u00eda Internacional para la Eliminaci\u00f3n Total de Armas Nucleares"}]},{"@type":"WebSite","@id":"https:\/\/www.un.org\/pga\/73\/#website","url":"https:\/\/www.un.org\/pga\/73\/","name":"General Assembly of the United Nations","description":"Presidenta del 73\u00b0 per\u00edodo de sesiones","publisher":{"@id":"https:\/\/www.un.org\/pga\/73\/#organization"},"potentialAction":[{"@type":"SearchAction","target":{"@type":"EntryPoint","urlTemplate":"https:\/\/www.un.org\/pga\/73\/?s={search_term_string}"},"query-input":{"@type":"PropertyValueSpecification","valueRequired":true,"valueName":"search_term_string"}}],"inLanguage":"es"},{"@type":"Organization","@id":"https:\/\/www.un.org\/pga\/73\/#organization","name":"General Assembly of the United Nations","url":"https:\/\/www.un.org\/pga\/73\/","logo":{"@type":"ImageObject","inLanguage":"es","@id":"https:\/\/www.un.org\/pga\/73\/#\/schema\/logo\/image\/","url":"https:\/\/www.un.org\/pga\/wp-content\/uploads\/sites\/53\/2018\/07\/18-00066a_±¬ÁÏÍøGA73_Logos-no-type-04.png","contentUrl":"https:\/\/www.un.org\/pga\/wp-content\/uploads\/sites\/53\/2018\/07\/18-00066a_±¬ÁÏÍøGA73_Logos-no-type-04.png","width":529,"height":601,"caption":"General Assembly of the United Nations"},"image":{"@id":"https:\/\/www.un.org\/pga\/73\/#\/schema\/logo\/image\/"}},{"@type":"Person","@id":"https:\/\/www.un.org\/pga\/73\/#\/schema\/person\/06bf09e43d46846c087701ec99ac8412","name":"Katharina Kandt","image":{"@type":"ImageObject","inLanguage":"es","@id":"https:\/\/secure.gravatar.com\/avatar\/5e28c19bf52d2ea02ca4d78c4548f4e118fe08e94744f59f7938769a04ae856e?s=96&d=mm&r=g","url":"https:\/\/secure.gravatar.com\/avatar\/5e28c19bf52d2ea02ca4d78c4548f4e118fe08e94744f59f7938769a04ae856e?s=96&d=mm&r=g","contentUrl":"https:\/\/secure.gravatar.com\/avatar\/5e28c19bf52d2ea02ca4d78c4548f4e118fe08e94744f59f7938769a04ae856e?s=96&d=mm&r=g","caption":"Katharina Kandt"},"url":"https:\/\/www.un.org\/pga\/73\/es\/author\/kandtun-org\/"}]}},"_links":{"self":[{"href":"https:\/\/www.un.org\/pga\/73\/es\/wp-json\/wp\/v2\/posts\/168309","targetHints":{"allow":["GET"]}}],"collection":[{"href":"https:\/\/www.un.org\/pga\/73\/es\/wp-json\/wp\/v2\/posts"}],"about":[{"href":"https:\/\/www.un.org\/pga\/73\/es\/wp-json\/wp\/v2\/types\/post"}],"author":[{"embeddable":true,"href":"https:\/\/www.un.org\/pga\/73\/es\/wp-json\/wp\/v2\/users\/202"}],"replies":[{"embeddable":true,"href":"https:\/\/www.un.org\/pga\/73\/es\/wp-json\/wp\/v2\/comments?post=168309"}],"version-history":[{"count":0,"href":"https:\/\/www.un.org\/pga\/73\/es\/wp-json\/wp\/v2\/posts\/168309\/revisions"}],"wp:featuredmedia":[{"embeddable":true,"href":"https:\/\/www.un.org\/pga\/73\/es\/wp-json\/wp\/v2\/media\/164181"}],"wp:attachment":[{"href":"https:\/\/www.un.org\/pga\/73\/es\/wp-json\/wp\/v2\/media?parent=168309"}],"wp:term":[{"taxonomy":"category","embeddable":true,"href":"https:\/\/www.un.org\/pga\/73\/es\/wp-json\/wp\/v2\/categories?post=168309"},{"taxonomy":"post_tag","embeddable":true,"href":"https:\/\/www.un.org\/pga\/73\/es\/wp-json\/wp\/v2\/tags?post=168309"}],"curies":[{"name":"wp","href":"https:\/\/api.w.org\/{rel}","templated":true}]}}