  {"id":166978,"date":"2018-10-15T15:54:50","date_gmt":"2018-10-15T19:54:50","guid":{"rendered":"https:\/\/www.un.org\/pga\/73\/?p=166978"},"modified":"2018-10-15T16:32:55","modified_gmt":"2018-10-15T20:32:55","slug":"segunda-comision-asuntos-economicos-y-financieros","status":"publish","type":"post","link":"https:\/\/www.un.org\/pga\/73\/es\/2018\/10\/15\/segunda-comision-asuntos-economicos-y-financieros\/","title":{"rendered":"Segunda Comisi\u00f3n \u201cAsuntos Econ\u00f3micos y Financieros\u201d"},"content":{"rendered":"<p>[et_pb_section bb_built=\u00bb1&#8243;][et_pb_row][et_pb_column type=\u00bb4_4&#8243;][et_pb_text _builder_version=\u00bb3.12.2&#8243; border_style=\u00bbsolid\u00bb background_position=\u00bbtop_left\u00bb background_repeat=\u00bbrepeat\u00bb background_size=\u00bbinitial\u00bb]<\/p>\n<p><strong>INTERVENCI<\/strong><strong>\u00d3<\/strong><strong>N DE LA PRESIDENTA DEL 73 PERIODO DE SESIONES DE LA ASAMBLEA GENERAL, S.E. MAR<\/strong><strong>\u00cd<\/strong><strong>A FERNANDA ESPINOSA GARC<\/strong><strong>\u00c9<\/strong><strong>S<\/strong><\/p>\n<p>&nbsp;<\/p>\n<p>Su Excelencia, Embajador Jorge Skinner-Kl\u00e9e Arenales, Representante Permanente de Guatemala y Presidente de la Segunda Comisi\u00f3n,<\/p>\n<p>Excelencias, delegadas y delegados,<\/p>\n<p>Es para m\u00ed un honor dirigirme a la Segunda Comisi\u00f3n.<\/p>\n<p>Aprovecho esta oportunidad para felicitar al Embajador Skinner-Kl\u00e9e, y a los miembros de la mesa por su elecci\u00f3n.<\/p>\n<p>Cuento con su liderazgo y dedicaci\u00f3n para avanzar en los importantes temas que se tratan en esta Comisi\u00f3n.<\/p>\n<p>Estimados delegados y delegadas,<\/p>\n<p>Ya han pasado m\u00e1s de tres a\u00f1os desde la adopci\u00f3n de la Agenda 2030, la m\u00e1s ambiciosa plataforma de acci\u00f3n que los Estados hemos convenido para erradicar la pobreza, en todas sus formas y dimensiones, y reducir la desigualdad.<\/p>\n<p>Los nuevos acuerdos que esta Comisi\u00f3n alcance deben ser consecuentes con este gran hito del multilateralismo y estar orientados a acelerar la implementaci\u00f3n de sus 17 Objetivos de Desarrollo Sostenible.<\/p>\n<p>783 millones de personas alrededor del mundo viven en extrema pobreza, es decir, con menos de un d\u00f3lar noventa centavos al d\u00eda. Esta lacerante cifra debe despertar nuestras conciencias y llevarnos a redoblar esfuerzos para erradicar la pobreza extrema para el 2030.<\/p>\n<p>De aqu\u00ed al 2020 debemos lograr 21 metas espec\u00edficas. M\u00e1s de la mitad dependen de nuestra acci\u00f3n colectiva para mitigar el cambio clim\u00e1tico, preservar los ecosistemas y hacer m\u00e1s sostenibles las modalidades de consumo y utilizaci\u00f3n de los recursos naturales.<\/p>\n<p>El trabajo de la Segunda Comisi\u00f3n ser\u00e1 decisivo para alcanzar este primer tramo de implementaci\u00f3n.<\/p>\n<p>Quiero destacar que el pr\u00f3ximo Foro Pol\u00edtico de Alto Nivel, el primero que se celebrar\u00e1 bajo los auspicios de la Asamblea General, nos permitir\u00e1 identificar cu\u00e1nto hemos avanzado desde la Cumbre de Desarrollo Sostenible y qu\u00e9 medidas a\u00fan debemos tomar para cumplir con los objetivos trazados.<\/p>\n<p>Excelencias,<\/p>\n<p>El \u00e9xito de nuestras agendas, en particular de la Agenda 2030, depende del fortalecimiento de la financiaci\u00f3n para el desarrollo.<\/p>\n<p>Los insto a dialogar constructivamente sobre c\u00f3mo podemos lograr una mayor movilizaci\u00f3n de recursos financieros y no financieros, que sean adecuados, previsibles y estables, dando as\u00ed cumplimiento a la Agenda de Acci\u00f3n de Addis Abeba.<\/p>\n<p>Adem\u00e1s, tengo plena confianza de que sus deliberaciones reflejar\u00e1n un firme compromiso pol\u00edtico hacia el fortalecimiento de la estructura del sistema financiero internacional, y que abordar\u00e1n los desequilibrios sist\u00e9micos que socavan el funcionamiento de la econom\u00eda mundial, buscando crear un entorno propicio para el desarrollo sostenible, en un esp\u00edritu de cooperaci\u00f3n y solidaridad.<\/p>\n<p>Excelencias,<\/p>\n<p>Durante mi presidencia estar\u00e9 abocada a siete prioridades; varias de ellas se relacionan directamente con esta Comisi\u00f3n, como por ejemplo la promoci\u00f3n del trabajo decente y la acci\u00f3n por el medio ambiente, por lo que aguardo con grandes expectativas los resultados de sus deliberaciones.<\/p>\n<p>El trabajo decente es clave para erradicar la pobreza y reducir las desigualdades.<\/p>\n<p>Las brechas estructurales en materia laboral, y que forman parte de la realidad de todos los pa\u00edses, son uno de los obst\u00e1culos para alcanzar, de manera integral, los objetivos de la Agenda 2030.<\/p>\n<p>Les propongo, entonces, incorporar a sus discusiones un enfoque innovador sobre el futuro del trabajo, que contemple las oportunidades de acceso al trabajo decente para los j\u00f3venes y las personas con discapacidad.<\/p>\n<p>Con ocasi\u00f3n del centenario de la Organizaci\u00f3n Internacional del Trabajo, convocar\u00e9 a una Reuni\u00f3n de Alto Nivel sobre Trabajo Decente, en abril del pr\u00f3ximo a\u00f1o, y para la cual espero poder contar con su apoyo.<\/p>\n<p>Asimismo, los aliento a que incluyan en sus trabajos, de manera transversal, la perspectiva de g\u00e9nero como un enfoque estrat\u00e9gico.<\/p>\n<p>Conf\u00edo en que esta Comisi\u00f3n continuar\u00e1 prestando atenci\u00f3n a los desaf\u00edos espec\u00edficos que enfrentan los pa\u00edses en situaci\u00f3n especial, como es el caso de los Pa\u00edses Menos Adelantados, los Peque\u00f1os Estados Insulares en Desarrollo, los Pa\u00edses en Desarrollo sin Litoral, as\u00ed como los Pa\u00edses de Renta Media.<\/p>\n<p>Estimados delegados y delegadas,<\/p>\n<p>El 73 periodo de sesiones ser\u00e1 sumamente prol\u00edfico en cuanto a procesos y eventos, cuyos mandatos surgen de esta Comisi\u00f3n, y que abordar\u00e1n diferentes tem\u00e1ticas como la financiaci\u00f3n para el desarrollo; la lucha contra las corrientes financieras il\u00edcitas; las revisiones de los programas para los SIDS y los LLDCs; las deficiencias y dificultades que enfrentan los Pa\u00edses de Renta Media; los mercados de productos b\u00e1sicos; as\u00ed como la contribuci\u00f3n de la cultura al desarrollo sostenible.<\/p>\n<p>Adem\u00e1s, tendremos el desaf\u00edo de llevar adelante el proceso preparatorio de la Conferencia de Alto Nivel sobre Cooperaci\u00f3n Sur-Sur, que se celebrar\u00e1 en Buenos Aires, Argentina, en marzo del 2019, y que ser\u00e1 clave para impulsar y fortalecer esta modalidad de cooperaci\u00f3n, a trav\u00e9s de una visi\u00f3n de largo plazo y un acuerdo global.<\/p>\n<p>Tambi\u00e9n convocar\u00e9 la Reuni\u00f3n de Alto Nivel sobre la\u00a0 protecci\u00f3n del Clima Mundial para las generaciones presentes y futuras, en el contexto de las dimensiones econ\u00f3mica, social y ambiental de la Agenda 2030, que se centrar\u00e1 en promover medios de implementaci\u00f3n, como las tecnolog\u00edas bajas en carbono, el desarrollo de capacidades y el financiamiento clim\u00e1tico. Este evento est\u00e1 alineado con una de mis prioridades, la acci\u00f3n en favor del medio ambiente.<\/p>\n<p>Espero contar con su valiosa colaboraci\u00f3n para la realizaci\u00f3n exitosa de cada uno de estos eventos.<\/p>\n<p>Distinguidos delegados y delegadas,<\/p>\n<p>Los invito a desarrollar sus deliberaciones y negociaciones en un marco de respeto, apertura y empat\u00eda; viendo al otro como un aliado, como un compa\u00f1ero en el mismo camino, y ese camino es el de lograr la sustentabilidad del desarrollo en todos los pa\u00edses y regiones, compartiendo prosperidad y asegurando una vida digna para cada persona.<\/p>\n<p>Les hago un llamado a trabajar por el consenso, a construirlo; a buscar alternativas y soluciones innovadoras y creativas.<\/p>\n<p>S\u00e9 que esta tarea no es f\u00e1cil, pero es de suma importancia para reforzar nuestra acci\u00f3n multilateral y para enviar un mensaje claro y contundente a nuestros pueblos: estamos juntos, pa\u00edses desarrollados y en desarrollo, en la b\u00fasqueda de un mundo mejor, en el que todos y todas tengan cabida, y en el que la pobreza extrema no sea m\u00e1s que una r\u00e9mora del pasado.<\/p>\n<p>Si logramos esto, tengan la seguridad, apreciadas delegadas y delegados, que habremos contribuido significativamente a hacer realidad el objetivo de hacer que las Naciones Unidas sea m\u00e1s relevante para todas las personas.<\/p>\n<p>Muchas gracias.<\/p>\n<p>[\/et_pb_text][\/et_pb_column][\/et_pb_row][\/et_pb_section]<\/p>\n","protected":false},"excerpt":{"rendered":"<p>Segunda Comisi\u00f3n \u201cAsuntos Econ\u00f3micos y Financieros\u201d<\/p>\n","protected":false},"author":202,"featured_media":166948,"comment_status":"closed","ping_status":"closed","sticky":false,"template":"","format":"standard","meta":{"_et_pb_use_builder":"on","_et_pb_old_content":"","_et_gb_content_width":"","footnotes":"","_links_to":"","_links_to_target":""},"categories":[181],"tags":[],"class_list":["post-166978","post","type-post","status-publish","format-standard","has-post-thumbnail","hentry","category-statements-es","et-has-post-format-content","et_post_format-et-post-format-standard"],"yoast_head":"<!-- This site is optimized with the Yoast SEO plugin v28.3 - https:\/\/yoast.com\/product\/yoast-seo-wordpress\/ -->\n<title>Segunda Comisi\u00f3n \u201cAsuntos Econ\u00f3micos y Financieros\u201d - Asamblea General de las Naciones Unidas<\/title>\n<meta name=\"robots\" content=\"index, follow, max-snippet:-1, max-image-preview:large, max-video-preview:-1\" \/>\n<link rel=\"canonical\" href=\"https:\/\/www.un.org\/pga\/73\/2018\/10\/15\/second-committee-economic-and-financial-committee\/\" \/>\n<meta property=\"og:locale\" content=\"es_ES\" \/>\n<meta property=\"og:type\" content=\"article\" \/>\n<meta property=\"og:title\" content=\"Segunda Comisi\u00f3n \u201cAsuntos Econ\u00f3micos y Financieros\u201d - Asamblea General de las Naciones Unidas\" \/>\n<meta property=\"og:description\" content=\"Segunda Comisi\u00f3n \u201cAsuntos Econ\u00f3micos y Financieros\u201d\" \/>\n<meta property=\"og:url\" content=\"https:\/\/www.un.org\/pga\/73\/2018\/10\/15\/second-committee-economic-and-financial-committee\/\" \/>\n<meta property=\"og:site_name\" content=\"Asamblea General de las Naciones Unidas\" \/>\n<meta property=\"article:published_time\" content=\"2018-10-15T19:54:50+00:00\" \/>\n<meta property=\"article:modified_time\" content=\"2018-10-15T20:32:55+00:00\" \/>\n<meta property=\"og:image\" content=\"https:\/\/www.un.org\/pga\/wp-content\/uploads\/sites\/53\/2018\/10\/photo5055352528492931072.jpg\" \/>\n\t<meta property=\"og:image:width\" content=\"947\" \/>\n\t<meta property=\"og:image:height\" content=\"847\" \/>\n\t<meta property=\"og:image:type\" content=\"image\/jpeg\" \/>\n<meta name=\"author\" content=\"Katharina Kandt\" \/>\n<meta name=\"twitter:card\" content=\"summary_large_image\" \/>\n<meta name=\"twitter:label1\" content=\"Escrito por\" \/>\n\t<meta name=\"twitter:data1\" content=\"Katharina Kandt\" \/>\n\t<meta name=\"twitter:label2\" content=\"Tiempo de lectura\" \/>\n\t<meta name=\"twitter:data2\" content=\"6 minutos\" \/>\n<script type=\"application\/ld+json\" class=\"yoast-schema-graph\">{\"@context\":\"https:\\\/\\\/schema.org\",\"@graph\":[{\"@type\":\"Article\",\"@id\":\"https:\\\/\\\/www.un.org\\\/pga\\\/73\\\/2018\\\/10\\\/15\\\/second-committee-economic-and-financial-committee\\\/#article\",\"isPartOf\":{\"@id\":\"https:\\\/\\\/www.un.org\\\/pga\\\/73\\\/2018\\\/10\\\/15\\\/second-committee-economic-and-financial-committee\\\/\"},\"author\":{\"name\":\"Katharina Kandt\",\"@id\":\"https:\\\/\\\/www.un.org\\\/pga\\\/73\\\/#\\\/schema\\\/person\\\/06bf09e43d46846c087701ec99ac8412\"},\"headline\":\"Segunda Comisi\u00f3n \u201cAsuntos Econ\u00f3micos y Financieros\u201d\",\"datePublished\":\"2018-10-15T19:54:50+00:00\",\"dateModified\":\"2018-10-15T20:32:55+00:00\",\"mainEntityOfPage\":{\"@id\":\"https:\\\/\\\/www.un.org\\\/pga\\\/73\\\/2018\\\/10\\\/15\\\/second-committee-economic-and-financial-committee\\\/\"},\"wordCount\":1174,\"publisher\":{\"@id\":\"https:\\\/\\\/www.un.org\\\/pga\\\/73\\\/#organization\"},\"image\":{\"@id\":\"https:\\\/\\\/www.un.org\\\/pga\\\/73\\\/2018\\\/10\\\/15\\\/second-committee-economic-and-financial-committee\\\/#primaryimage\"},\"thumbnailUrl\":\"https:\\\/\\\/www.un.org\\\/pga\\\/wp-content\\\/uploads\\\/sites\\\/53\\\/2018\\\/10\\\/photo5055352528492931072.jpg\",\"articleSection\":[\"Declaraciones\"],\"inLanguage\":\"es\"},{\"@type\":\"WebPage\",\"@id\":\"https:\\\/\\\/www.un.org\\\/pga\\\/73\\\/2018\\\/10\\\/15\\\/second-committee-economic-and-financial-committee\\\/\",\"url\":\"https:\\\/\\\/www.un.org\\\/pga\\\/73\\\/2018\\\/10\\\/15\\\/second-committee-economic-and-financial-committee\\\/\",\"name\":\"Segunda Comisi\u00f3n \u201cAsuntos Econ\u00f3micos y Financieros\u201d - Asamblea General de las Naciones Unidas\",\"isPartOf\":{\"@id\":\"https:\\\/\\\/www.un.org\\\/pga\\\/73\\\/#website\"},\"primaryImageOfPage\":{\"@id\":\"https:\\\/\\\/www.un.org\\\/pga\\\/73\\\/2018\\\/10\\\/15\\\/second-committee-economic-and-financial-committee\\\/#primaryimage\"},\"image\":{\"@id\":\"https:\\\/\\\/www.un.org\\\/pga\\\/73\\\/2018\\\/10\\\/15\\\/second-committee-economic-and-financial-committee\\\/#primaryimage\"},\"thumbnailUrl\":\"https:\\\/\\\/www.un.org\\\/pga\\\/wp-content\\\/uploads\\\/sites\\\/53\\\/2018\\\/10\\\/photo5055352528492931072.jpg\",\"datePublished\":\"2018-10-15T19:54:50+00:00\",\"dateModified\":\"2018-10-15T20:32:55+00:00\",\"breadcrumb\":{\"@id\":\"https:\\\/\\\/www.un.org\\\/pga\\\/73\\\/2018\\\/10\\\/15\\\/second-committee-economic-and-financial-committee\\\/#breadcrumb\"},\"inLanguage\":\"es\",\"potentialAction\":[{\"@type\":\"ReadAction\",\"target\":[\"https:\\\/\\\/www.un.org\\\/pga\\\/73\\\/2018\\\/10\\\/15\\\/second-committee-economic-and-financial-committee\\\/\"]}]},{\"@type\":\"ImageObject\",\"inLanguage\":\"es\",\"@id\":\"https:\\\/\\\/www.un.org\\\/pga\\\/73\\\/2018\\\/10\\\/15\\\/second-committee-economic-and-financial-committee\\\/#primaryimage\",\"url\":\"https:\\\/\\\/www.un.org\\\/pga\\\/wp-content\\\/uploads\\\/sites\\\/53\\\/2018\\\/10\\\/photo5055352528492931072.jpg\",\"contentUrl\":\"https:\\\/\\\/www.un.org\\\/pga\\\/wp-content\\\/uploads\\\/sites\\\/53\\\/2018\\\/10\\\/photo5055352528492931072.jpg\",\"width\":947,\"height\":847,\"caption\":\"Segunda Comisi\u00f3n \u201cAsuntos Econ\u00f3micos y Financieros\u201d\"},{\"@type\":\"BreadcrumbList\",\"@id\":\"https:\\\/\\\/www.un.org\\\/pga\\\/73\\\/2018\\\/10\\\/15\\\/second-committee-economic-and-financial-committee\\\/#breadcrumb\",\"itemListElement\":[{\"@type\":\"ListItem\",\"position\":1,\"name\":\"Home\",\"item\":\"https:\\\/\\\/www.un.org\\\/pga\\\/73\\\/es\\\/\"},{\"@type\":\"ListItem\",\"position\":2,\"name\":\"Segunda Comisi\u00f3n \u201cAsuntos Econ\u00f3micos y Financieros\u201d\"}]},{\"@type\":\"WebSite\",\"@id\":\"https:\\\/\\\/www.un.org\\\/pga\\\/73\\\/#website\",\"url\":\"https:\\\/\\\/www.un.org\\\/pga\\\/73\\\/\",\"name\":\"General Assembly of the United Nations\",\"description\":\"Presidenta del 73\u00b0 per\u00edodo de sesiones\",\"publisher\":{\"@id\":\"https:\\\/\\\/www.un.org\\\/pga\\\/73\\\/#organization\"},\"potentialAction\":[{\"@type\":\"SearchAction\",\"target\":{\"@type\":\"EntryPoint\",\"urlTemplate\":\"https:\\\/\\\/www.un.org\\\/pga\\\/73\\\/?s={search_term_string}\"},\"query-input\":{\"@type\":\"PropertyValueSpecification\",\"valueRequired\":true,\"valueName\":\"search_term_string\"}}],\"inLanguage\":\"es\"},{\"@type\":\"Organization\",\"@id\":\"https:\\\/\\\/www.un.org\\\/pga\\\/73\\\/#organization\",\"name\":\"General Assembly of the United Nations\",\"url\":\"https:\\\/\\\/www.un.org\\\/pga\\\/73\\\/\",\"logo\":{\"@type\":\"ImageObject\",\"inLanguage\":\"es\",\"@id\":\"https:\\\/\\\/www.un.org\\\/pga\\\/73\\\/#\\\/schema\\\/logo\\\/image\\\/\",\"url\":\"https:\\\/\\\/www.un.org\\\/pga\\\/wp-content\\\/uploads\\\/sites\\\/53\\\/2018\\\/07\\\/18-00066a_±¬ÁÏÍøGA73_Logos-no-type-04.png\",\"contentUrl\":\"https:\\\/\\\/www.un.org\\\/pga\\\/wp-content\\\/uploads\\\/sites\\\/53\\\/2018\\\/07\\\/18-00066a_±¬ÁÏÍøGA73_Logos-no-type-04.png\",\"width\":529,\"height\":601,\"caption\":\"General Assembly of the United Nations\"},\"image\":{\"@id\":\"https:\\\/\\\/www.un.org\\\/pga\\\/73\\\/#\\\/schema\\\/logo\\\/image\\\/\"}},{\"@type\":\"Person\",\"@id\":\"https:\\\/\\\/www.un.org\\\/pga\\\/73\\\/#\\\/schema\\\/person\\\/06bf09e43d46846c087701ec99ac8412\",\"name\":\"Katharina Kandt\",\"image\":{\"@type\":\"ImageObject\",\"inLanguage\":\"es\",\"@id\":\"https:\\\/\\\/secure.gravatar.com\\\/avatar\\\/5e28c19bf52d2ea02ca4d78c4548f4e118fe08e94744f59f7938769a04ae856e?s=96&d=mm&r=g\",\"url\":\"https:\\\/\\\/secure.gravatar.com\\\/avatar\\\/5e28c19bf52d2ea02ca4d78c4548f4e118fe08e94744f59f7938769a04ae856e?s=96&d=mm&r=g\",\"contentUrl\":\"https:\\\/\\\/secure.gravatar.com\\\/avatar\\\/5e28c19bf52d2ea02ca4d78c4548f4e118fe08e94744f59f7938769a04ae856e?s=96&d=mm&r=g\",\"caption\":\"Katharina Kandt\"},\"url\":\"https:\\\/\\\/www.un.org\\\/pga\\\/73\\\/es\\\/author\\\/kandtun-org\\\/\"}]}<\/script>\n<!-- \/ Yoast SEO plugin. -->","yoast_head_json":{"title":"Segunda Comisi\u00f3n \u201cAsuntos Econ\u00f3micos y Financieros\u201d - Asamblea General de las Naciones Unidas","robots":{"index":"index","follow":"follow","max-snippet":"max-snippet:-1","max-image-preview":"max-image-preview:large","max-video-preview":"max-video-preview:-1"},"canonical":"https:\/\/www.un.org\/pga\/73\/2018\/10\/15\/second-committee-economic-and-financial-committee\/","og_locale":"es_ES","og_type":"article","og_title":"Segunda Comisi\u00f3n \u201cAsuntos Econ\u00f3micos y Financieros\u201d - Asamblea General de las Naciones Unidas","og_description":"Segunda Comisi\u00f3n \u201cAsuntos Econ\u00f3micos y Financieros\u201d","og_url":"https:\/\/www.un.org\/pga\/73\/2018\/10\/15\/second-committee-economic-and-financial-committee\/","og_site_name":"Asamblea General de las Naciones Unidas","article_published_time":"2018-10-15T19:54:50+00:00","article_modified_time":"2018-10-15T20:32:55+00:00","og_image":[{"width":947,"height":847,"url":"https:\/\/www.un.org\/pga\/wp-content\/uploads\/sites\/53\/2018\/10\/photo5055352528492931072.jpg","type":"image\/jpeg"}],"author":"Katharina Kandt","twitter_card":"summary_large_image","twitter_misc":{"Escrito por":"Katharina Kandt","Tiempo de lectura":"6 minutos"},"schema":{"@context":"https:\/\/schema.org","@graph":[{"@type":"Article","@id":"https:\/\/www.un.org\/pga\/73\/2018\/10\/15\/second-committee-economic-and-financial-committee\/#article","isPartOf":{"@id":"https:\/\/www.un.org\/pga\/73\/2018\/10\/15\/second-committee-economic-and-financial-committee\/"},"author":{"name":"Katharina Kandt","@id":"https:\/\/www.un.org\/pga\/73\/#\/schema\/person\/06bf09e43d46846c087701ec99ac8412"},"headline":"Segunda Comisi\u00f3n \u201cAsuntos Econ\u00f3micos y Financieros\u201d","datePublished":"2018-10-15T19:54:50+00:00","dateModified":"2018-10-15T20:32:55+00:00","mainEntityOfPage":{"@id":"https:\/\/www.un.org\/pga\/73\/2018\/10\/15\/second-committee-economic-and-financial-committee\/"},"wordCount":1174,"publisher":{"@id":"https:\/\/www.un.org\/pga\/73\/#organization"},"image":{"@id":"https:\/\/www.un.org\/pga\/73\/2018\/10\/15\/second-committee-economic-and-financial-committee\/#primaryimage"},"thumbnailUrl":"https:\/\/www.un.org\/pga\/wp-content\/uploads\/sites\/53\/2018\/10\/photo5055352528492931072.jpg","articleSection":["Declaraciones"],"inLanguage":"es"},{"@type":"WebPage","@id":"https:\/\/www.un.org\/pga\/73\/2018\/10\/15\/second-committee-economic-and-financial-committee\/","url":"https:\/\/www.un.org\/pga\/73\/2018\/10\/15\/second-committee-economic-and-financial-committee\/","name":"Segunda Comisi\u00f3n \u201cAsuntos Econ\u00f3micos y Financieros\u201d - Asamblea General de las Naciones Unidas","isPartOf":{"@id":"https:\/\/www.un.org\/pga\/73\/#website"},"primaryImageOfPage":{"@id":"https:\/\/www.un.org\/pga\/73\/2018\/10\/15\/second-committee-economic-and-financial-committee\/#primaryimage"},"image":{"@id":"https:\/\/www.un.org\/pga\/73\/2018\/10\/15\/second-committee-economic-and-financial-committee\/#primaryimage"},"thumbnailUrl":"https:\/\/www.un.org\/pga\/wp-content\/uploads\/sites\/53\/2018\/10\/photo5055352528492931072.jpg","datePublished":"2018-10-15T19:54:50+00:00","dateModified":"2018-10-15T20:32:55+00:00","breadcrumb":{"@id":"https:\/\/www.un.org\/pga\/73\/2018\/10\/15\/second-committee-economic-and-financial-committee\/#breadcrumb"},"inLanguage":"es","potentialAction":[{"@type":"ReadAction","target":["https:\/\/www.un.org\/pga\/73\/2018\/10\/15\/second-committee-economic-and-financial-committee\/"]}]},{"@type":"ImageObject","inLanguage":"es","@id":"https:\/\/www.un.org\/pga\/73\/2018\/10\/15\/second-committee-economic-and-financial-committee\/#primaryimage","url":"https:\/\/www.un.org\/pga\/wp-content\/uploads\/sites\/53\/2018\/10\/photo5055352528492931072.jpg","contentUrl":"https:\/\/www.un.org\/pga\/wp-content\/uploads\/sites\/53\/2018\/10\/photo5055352528492931072.jpg","width":947,"height":847,"caption":"Segunda Comisi\u00f3n \u201cAsuntos Econ\u00f3micos y Financieros\u201d"},{"@type":"BreadcrumbList","@id":"https:\/\/www.un.org\/pga\/73\/2018\/10\/15\/second-committee-economic-and-financial-committee\/#breadcrumb","itemListElement":[{"@type":"ListItem","position":1,"name":"Home","item":"https:\/\/www.un.org\/pga\/73\/es\/"},{"@type":"ListItem","position":2,"name":"Segunda Comisi\u00f3n \u201cAsuntos Econ\u00f3micos y Financieros\u201d"}]},{"@type":"WebSite","@id":"https:\/\/www.un.org\/pga\/73\/#website","url":"https:\/\/www.un.org\/pga\/73\/","name":"General Assembly of the United Nations","description":"Presidenta del 73\u00b0 per\u00edodo de sesiones","publisher":{"@id":"https:\/\/www.un.org\/pga\/73\/#organization"},"potentialAction":[{"@type":"SearchAction","target":{"@type":"EntryPoint","urlTemplate":"https:\/\/www.un.org\/pga\/73\/?s={search_term_string}"},"query-input":{"@type":"PropertyValueSpecification","valueRequired":true,"valueName":"search_term_string"}}],"inLanguage":"es"},{"@type":"Organization","@id":"https:\/\/www.un.org\/pga\/73\/#organization","name":"General Assembly of the United Nations","url":"https:\/\/www.un.org\/pga\/73\/","logo":{"@type":"ImageObject","inLanguage":"es","@id":"https:\/\/www.un.org\/pga\/73\/#\/schema\/logo\/image\/","url":"https:\/\/www.un.org\/pga\/wp-content\/uploads\/sites\/53\/2018\/07\/18-00066a_±¬ÁÏÍøGA73_Logos-no-type-04.png","contentUrl":"https:\/\/www.un.org\/pga\/wp-content\/uploads\/sites\/53\/2018\/07\/18-00066a_±¬ÁÏÍøGA73_Logos-no-type-04.png","width":529,"height":601,"caption":"General Assembly of the United Nations"},"image":{"@id":"https:\/\/www.un.org\/pga\/73\/#\/schema\/logo\/image\/"}},{"@type":"Person","@id":"https:\/\/www.un.org\/pga\/73\/#\/schema\/person\/06bf09e43d46846c087701ec99ac8412","name":"Katharina Kandt","image":{"@type":"ImageObject","inLanguage":"es","@id":"https:\/\/secure.gravatar.com\/avatar\/5e28c19bf52d2ea02ca4d78c4548f4e118fe08e94744f59f7938769a04ae856e?s=96&d=mm&r=g","url":"https:\/\/secure.gravatar.com\/avatar\/5e28c19bf52d2ea02ca4d78c4548f4e118fe08e94744f59f7938769a04ae856e?s=96&d=mm&r=g","contentUrl":"https:\/\/secure.gravatar.com\/avatar\/5e28c19bf52d2ea02ca4d78c4548f4e118fe08e94744f59f7938769a04ae856e?s=96&d=mm&r=g","caption":"Katharina Kandt"},"url":"https:\/\/www.un.org\/pga\/73\/es\/author\/kandtun-org\/"}]}},"_links":{"self":[{"href":"https:\/\/www.un.org\/pga\/73\/es\/wp-json\/wp\/v2\/posts\/166978","targetHints":{"allow":["GET"]}}],"collection":[{"href":"https:\/\/www.un.org\/pga\/73\/es\/wp-json\/wp\/v2\/posts"}],"about":[{"href":"https:\/\/www.un.org\/pga\/73\/es\/wp-json\/wp\/v2\/types\/post"}],"author":[{"embeddable":true,"href":"https:\/\/www.un.org\/pga\/73\/es\/wp-json\/wp\/v2\/users\/202"}],"replies":[{"embeddable":true,"href":"https:\/\/www.un.org\/pga\/73\/es\/wp-json\/wp\/v2\/comments?post=166978"}],"version-history":[{"count":0,"href":"https:\/\/www.un.org\/pga\/73\/es\/wp-json\/wp\/v2\/posts\/166978\/revisions"}],"wp:featuredmedia":[{"embeddable":true,"href":"https:\/\/www.un.org\/pga\/73\/es\/wp-json\/wp\/v2\/media\/166948"}],"wp:attachment":[{"href":"https:\/\/www.un.org\/pga\/73\/es\/wp-json\/wp\/v2\/media?parent=166978"}],"wp:term":[{"taxonomy":"category","embeddable":true,"href":"https:\/\/www.un.org\/pga\/73\/es\/wp-json\/wp\/v2\/categories?post=166978"},{"taxonomy":"post_tag","embeddable":true,"href":"https:\/\/www.un.org\/pga\/73\/es\/wp-json\/wp\/v2\/tags?post=166978"}],"curies":[{"name":"wp","href":"https:\/\/api.w.org\/{rel}","templated":true}]}}