  {"id":165064,"date":"2018-08-22T15:00:42","date_gmt":"2018-08-22T19:00:42","guid":{"rendered":"https:\/\/www.un.org\/pga\/72\/?p=165064"},"modified":"2018-09-16T17:28:17","modified_gmt":"2018-09-16T21:28:17","slug":"note-to-correspondents-assembly-president-to-visit-liechtenstein-and-austria","status":"publish","type":"post","link":"https:\/\/www.un.org\/pga\/72\/2018\/08\/22\/note-to-correspondents-assembly-president-to-visit-liechtenstein-and-austria\/","title":{"rendered":"NOTE TO CORRESPONDENTS: Assembly President to visit Liechtenstein and Austria"},"content":{"rendered":"<p>[et_pb_section bb_built=&#8221;1&#8243;][et_pb_row][et_pb_column type=&#8221;4_4&#8243;][et_pb_text _builder_version=&#8221;3.6&#8243; border_style=&#8221;solid&#8221;]<\/p>\n<p style=\"text-align: right\"><strong>NOTE TO CORRESPONDENTS<\/strong><\/p>\n<p>&nbsp;<\/p>\n<h1><b>ASSEMBLY PRESIDENT TO VISIT\u00a0<\/b><b>LIECHTENSTEIN AND AUSTRIA<\/b><\/h1>\n<div class=\"post-meta vcard\"><\/div>\n<p>[\/et_pb_text][et_pb_text _builder_version=&#8221;3.6&#8243; border_style=&#8221;solid&#8221;]<\/p>\n<p><b>United Nations, New York, 20 August 2018\u00a0<\/b>\u2013 The President of the 72nd session of the United Nations General Assembly, H.E. Mr. Miroslav Laj\u010d\u00e1k, will visit the Principality of Liechtenstein on 24 August, and participate in the European Forum Alpbach in Austria, on 25 and 26 August.<\/p>\n<p>In Vaduz, the President will meet with officials of the Principality of Liechtenstein, including: H.S.H. Hereditary Prince Alois von Liechtenstein; H.E. Ms Aurelia Frick, Minister for Foreign Affairs, Justice and Culture; and H.E. Mr. Albert Frick, President of the Parliament.<\/p>\n<p><span class=\"contextualExtensionHighlight ms-font-color-themePrimary ms-border-color-themePrimary ident_716_1105\" role=\"button\">While in the capital of Liechtenstein, President Laj\u010d\u00e1k will also attend a breakfast meeting with civil society representatives hosted by H.E. Mr. Martin Frick, Director of the Office for Foreign Affairs, on the role of philanthropy and civil society at the United Nations, as well as a lunch event on migration as part of the Sustainable Development Agenda hosted by the Foreign Minister.<\/span><\/p>\n<p>In Alpbach, Austria, President Laj\u010d\u00e1k will participate in the Political Symposium of the European Forum Alpbach 2018 under the theme \u201cDiversity and Resilience\u201d. On the margins of the Forum, he will also deliver opening remarks at a high-level retreat organized by the Ministry for Foreign Affairs of Austria entitled \u201cThe resilience of values: Reconciling diversity and universality\u201d and address a workshop on \u201cThe resilience of values: The role of national and multilateral institutions in strengthening the international system \u201d.<\/p>\n<p>The President will travel to Liechtenstein with his Communications Adviser, Ms. Katharina Kandt, and his Personal Assistant, Ms. Vanda \u0160ipo\u0161ov\u00e1 and. In Austria, the President will be joined by his Chef de Cabinet, Mr. Franti\u0161ek Ru\u017ei\u010dka, and Ms. Kandt.<\/p>\n<p>Travel costs will be covered by the Trust Fund of the Office of the President of the General Assembly, with some support being provided by the Governments of Austria and Liechtenstein.<\/p>\n<p>***<\/p>\n<p><b>For media inquiries, please contact:<\/b><\/p>\n<p>Katharina Kandt, Communications Adviser to the President of the General Assembly, +1 917 244 3890, kandt@un.org.<\/p>\n<p>[\/et_pb_text][\/et_pb_column][\/et_pb_row][\/et_pb_section]<\/p>\n","protected":false},"excerpt":{"rendered":"<p>NOTE TO CORRESPONDENTS: Assembly President to visit Liechtenstein and Austria<\/p>\n","protected":false},"author":202,"featured_media":0,"comment_status":"closed","ping_status":"closed","sticky":false,"template":"","format":"standard","meta":{"_et_pb_use_builder":"on","_et_pb_old_content":"","_et_gb_content_width":"","footnotes":"","_links_to":"","_links_to_target":""},"categories":[69,61],"tags":[],"class_list":["post-165064","post","type-post","status-publish","format-standard","hentry","category-blog","category-pressreleases","et-doesnt-have-format-content","et_post_format-et-post-format-standard"],"yoast_head":"<!-- This site is optimized with the Yoast SEO plugin v28.3 - https:\/\/yoast.com\/product\/yoast-seo-wordpress\/ -->\n<title>NOTE TO CORRESPONDENTS: Assembly President to visit Liechtenstein and Austria - General Assembly of the United Nations<\/title>\n<meta name=\"robots\" content=\"index, follow, max-snippet:-1, max-image-preview:large, max-video-preview:-1\" \/>\n<link rel=\"canonical\" href=\"https:\/\/www.un.org\/pga\/72\/2018\/08\/22\/note-to-correspondents-assembly-president-to-visit-liechtenstein-and-austria\/\" \/>\n<meta property=\"og:locale\" content=\"en_US\" \/>\n<meta property=\"og:type\" content=\"article\" \/>\n<meta property=\"og:title\" content=\"NOTE TO CORRESPONDENTS: Assembly President to visit Liechtenstein and Austria - General Assembly of the United Nations\" \/>\n<meta property=\"og:description\" content=\"NOTE TO CORRESPONDENTS: Assembly President to visit Liechtenstein and Austria\" \/>\n<meta property=\"og:url\" content=\"https:\/\/www.un.org\/pga\/72\/2018\/08\/22\/note-to-correspondents-assembly-president-to-visit-liechtenstein-and-austria\/\" \/>\n<meta property=\"og:site_name\" content=\"General Assembly of the United Nations\" \/>\n<meta property=\"article:published_time\" content=\"2018-08-22T19:00:42+00:00\" \/>\n<meta property=\"article:modified_time\" content=\"2018-09-16T21:28:17+00:00\" \/>\n<meta name=\"author\" content=\"Katharina Kandt\" \/>\n<meta name=\"twitter:card\" content=\"summary_large_image\" \/>\n<meta name=\"twitter:label1\" content=\"Written by\" \/>\n\t<meta name=\"twitter:data1\" content=\"Katharina Kandt\" \/>\n\t<meta name=\"twitter:label2\" content=\"Est. reading time\" \/>\n\t<meta name=\"twitter:data2\" content=\"2 minutes\" \/>\n<script type=\"application\/ld+json\" class=\"yoast-schema-graph\">{\"@context\":\"https:\\\/\\\/schema.org\",\"@graph\":[{\"@type\":\"Article\",\"@id\":\"https:\\\/\\\/www.un.org\\\/pga\\\/72\\\/2018\\\/08\\\/22\\\/note-to-correspondents-assembly-president-to-visit-liechtenstein-and-austria\\\/#article\",\"isPartOf\":{\"@id\":\"https:\\\/\\\/www.un.org\\\/pga\\\/72\\\/2018\\\/08\\\/22\\\/note-to-correspondents-assembly-president-to-visit-liechtenstein-and-austria\\\/\"},\"author\":{\"name\":\"Katharina Kandt\",\"@id\":\"https:\\\/\\\/www.un.org\\\/pga\\\/72\\\/#\\\/schema\\\/person\\\/06bf09e43d46846c087701ec99ac8412\"},\"headline\":\"NOTE TO CORRESPONDENTS: Assembly President to visit Liechtenstein and Austria\",\"datePublished\":\"2018-08-22T19:00:42+00:00\",\"dateModified\":\"2018-09-16T21:28:17+00:00\",\"mainEntityOfPage\":{\"@id\":\"https:\\\/\\\/www.un.org\\\/pga\\\/72\\\/2018\\\/08\\\/22\\\/note-to-correspondents-assembly-president-to-visit-liechtenstein-and-austria\\\/\"},\"wordCount\":387,\"articleSection\":[\"Blog\",\"Press Releases\"],\"inLanguage\":\"en-US\"},{\"@type\":\"WebPage\",\"@id\":\"https:\\\/\\\/www.un.org\\\/pga\\\/72\\\/2018\\\/08\\\/22\\\/note-to-correspondents-assembly-president-to-visit-liechtenstein-and-austria\\\/\",\"url\":\"https:\\\/\\\/www.un.org\\\/pga\\\/72\\\/2018\\\/08\\\/22\\\/note-to-correspondents-assembly-president-to-visit-liechtenstein-and-austria\\\/\",\"name\":\"NOTE TO CORRESPONDENTS: Assembly President to visit Liechtenstein and Austria - General Assembly of the United Nations\",\"isPartOf\":{\"@id\":\"https:\\\/\\\/www.un.org\\\/pga\\\/72\\\/#website\"},\"datePublished\":\"2018-08-22T19:00:42+00:00\",\"dateModified\":\"2018-09-16T21:28:17+00:00\",\"author\":{\"@id\":\"https:\\\/\\\/www.un.org\\\/pga\\\/72\\\/#\\\/schema\\\/person\\\/06bf09e43d46846c087701ec99ac8412\"},\"breadcrumb\":{\"@id\":\"https:\\\/\\\/www.un.org\\\/pga\\\/72\\\/2018\\\/08\\\/22\\\/note-to-correspondents-assembly-president-to-visit-liechtenstein-and-austria\\\/#breadcrumb\"},\"inLanguage\":\"en-US\",\"potentialAction\":[{\"@type\":\"ReadAction\",\"target\":[\"https:\\\/\\\/www.un.org\\\/pga\\\/72\\\/2018\\\/08\\\/22\\\/note-to-correspondents-assembly-president-to-visit-liechtenstein-and-austria\\\/\"]}]},{\"@type\":\"BreadcrumbList\",\"@id\":\"https:\\\/\\\/www.un.org\\\/pga\\\/72\\\/2018\\\/08\\\/22\\\/note-to-correspondents-assembly-president-to-visit-liechtenstein-and-austria\\\/#breadcrumb\",\"itemListElement\":[{\"@type\":\"ListItem\",\"position\":1,\"name\":\"Home\",\"item\":\"https:\\\/\\\/www.un.org\\\/pga\\\/72\\\/\"},{\"@type\":\"ListItem\",\"position\":2,\"name\":\"NOTE TO CORRESPONDENTS: Assembly President to visit Liechtenstein and Austria\"}]},{\"@type\":\"WebSite\",\"@id\":\"https:\\\/\\\/www.un.org\\\/pga\\\/72\\\/#website\",\"url\":\"https:\\\/\\\/www.un.org\\\/pga\\\/72\\\/\",\"name\":\"General Assembly of the United Nations\",\"description\":\"President of the 72nd Session\",\"potentialAction\":[{\"@type\":\"SearchAction\",\"target\":{\"@type\":\"EntryPoint\",\"urlTemplate\":\"https:\\\/\\\/www.un.org\\\/pga\\\/72\\\/?s={search_term_string}\"},\"query-input\":{\"@type\":\"PropertyValueSpecification\",\"valueRequired\":true,\"valueName\":\"search_term_string\"}}],\"inLanguage\":\"en-US\"},{\"@type\":\"Person\",\"@id\":\"https:\\\/\\\/www.un.org\\\/pga\\\/72\\\/#\\\/schema\\\/person\\\/06bf09e43d46846c087701ec99ac8412\",\"name\":\"Katharina Kandt\",\"image\":{\"@type\":\"ImageObject\",\"inLanguage\":\"en-US\",\"@id\":\"https:\\\/\\\/secure.gravatar.com\\\/avatar\\\/5e28c19bf52d2ea02ca4d78c4548f4e118fe08e94744f59f7938769a04ae856e?s=96&d=mm&r=g\",\"url\":\"https:\\\/\\\/secure.gravatar.com\\\/avatar\\\/5e28c19bf52d2ea02ca4d78c4548f4e118fe08e94744f59f7938769a04ae856e?s=96&d=mm&r=g\",\"contentUrl\":\"https:\\\/\\\/secure.gravatar.com\\\/avatar\\\/5e28c19bf52d2ea02ca4d78c4548f4e118fe08e94744f59f7938769a04ae856e?s=96&d=mm&r=g\",\"caption\":\"Katharina Kandt\"},\"url\":\"https:\\\/\\\/www.un.org\\\/pga\\\/72\\\/author\\\/kandtun-org\\\/\"}]}<\/script>\n<!-- \/ Yoast SEO plugin. -->","yoast_head_json":{"title":"NOTE TO CORRESPONDENTS: Assembly President to visit Liechtenstein and Austria - General Assembly of the United Nations","robots":{"index":"index","follow":"follow","max-snippet":"max-snippet:-1","max-image-preview":"max-image-preview:large","max-video-preview":"max-video-preview:-1"},"canonical":"https:\/\/www.un.org\/pga\/72\/2018\/08\/22\/note-to-correspondents-assembly-president-to-visit-liechtenstein-and-austria\/","og_locale":"en_US","og_type":"article","og_title":"NOTE TO CORRESPONDENTS: Assembly President to visit Liechtenstein and Austria - General Assembly of the United Nations","og_description":"NOTE TO CORRESPONDENTS: Assembly President to visit Liechtenstein and Austria","og_url":"https:\/\/www.un.org\/pga\/72\/2018\/08\/22\/note-to-correspondents-assembly-president-to-visit-liechtenstein-and-austria\/","og_site_name":"General Assembly of the United Nations","article_published_time":"2018-08-22T19:00:42+00:00","article_modified_time":"2018-09-16T21:28:17+00:00","author":"Katharina Kandt","twitter_card":"summary_large_image","twitter_misc":{"Written by":"Katharina Kandt","Est. reading time":"2 minutes"},"schema":{"@context":"https:\/\/schema.org","@graph":[{"@type":"Article","@id":"https:\/\/www.un.org\/pga\/72\/2018\/08\/22\/note-to-correspondents-assembly-president-to-visit-liechtenstein-and-austria\/#article","isPartOf":{"@id":"https:\/\/www.un.org\/pga\/72\/2018\/08\/22\/note-to-correspondents-assembly-president-to-visit-liechtenstein-and-austria\/"},"author":{"name":"Katharina Kandt","@id":"https:\/\/www.un.org\/pga\/72\/#\/schema\/person\/06bf09e43d46846c087701ec99ac8412"},"headline":"NOTE TO CORRESPONDENTS: Assembly President to visit Liechtenstein and Austria","datePublished":"2018-08-22T19:00:42+00:00","dateModified":"2018-09-16T21:28:17+00:00","mainEntityOfPage":{"@id":"https:\/\/www.un.org\/pga\/72\/2018\/08\/22\/note-to-correspondents-assembly-president-to-visit-liechtenstein-and-austria\/"},"wordCount":387,"articleSection":["Blog","Press Releases"],"inLanguage":"en-US"},{"@type":"WebPage","@id":"https:\/\/www.un.org\/pga\/72\/2018\/08\/22\/note-to-correspondents-assembly-president-to-visit-liechtenstein-and-austria\/","url":"https:\/\/www.un.org\/pga\/72\/2018\/08\/22\/note-to-correspondents-assembly-president-to-visit-liechtenstein-and-austria\/","name":"NOTE TO CORRESPONDENTS: Assembly President to visit Liechtenstein and Austria - General Assembly of the United Nations","isPartOf":{"@id":"https:\/\/www.un.org\/pga\/72\/#website"},"datePublished":"2018-08-22T19:00:42+00:00","dateModified":"2018-09-16T21:28:17+00:00","author":{"@id":"https:\/\/www.un.org\/pga\/72\/#\/schema\/person\/06bf09e43d46846c087701ec99ac8412"},"breadcrumb":{"@id":"https:\/\/www.un.org\/pga\/72\/2018\/08\/22\/note-to-correspondents-assembly-president-to-visit-liechtenstein-and-austria\/#breadcrumb"},"inLanguage":"en-US","potentialAction":[{"@type":"ReadAction","target":["https:\/\/www.un.org\/pga\/72\/2018\/08\/22\/note-to-correspondents-assembly-president-to-visit-liechtenstein-and-austria\/"]}]},{"@type":"BreadcrumbList","@id":"https:\/\/www.un.org\/pga\/72\/2018\/08\/22\/note-to-correspondents-assembly-president-to-visit-liechtenstein-and-austria\/#breadcrumb","itemListElement":[{"@type":"ListItem","position":1,"name":"Home","item":"https:\/\/www.un.org\/pga\/72\/"},{"@type":"ListItem","position":2,"name":"NOTE TO CORRESPONDENTS: Assembly President to visit Liechtenstein and Austria"}]},{"@type":"WebSite","@id":"https:\/\/www.un.org\/pga\/72\/#website","url":"https:\/\/www.un.org\/pga\/72\/","name":"General Assembly of the United Nations","description":"President of the 72nd Session","potentialAction":[{"@type":"SearchAction","target":{"@type":"EntryPoint","urlTemplate":"https:\/\/www.un.org\/pga\/72\/?s={search_term_string}"},"query-input":{"@type":"PropertyValueSpecification","valueRequired":true,"valueName":"search_term_string"}}],"inLanguage":"en-US"},{"@type":"Person","@id":"https:\/\/www.un.org\/pga\/72\/#\/schema\/person\/06bf09e43d46846c087701ec99ac8412","name":"Katharina Kandt","image":{"@type":"ImageObject","inLanguage":"en-US","@id":"https:\/\/secure.gravatar.com\/avatar\/5e28c19bf52d2ea02ca4d78c4548f4e118fe08e94744f59f7938769a04ae856e?s=96&d=mm&r=g","url":"https:\/\/secure.gravatar.com\/avatar\/5e28c19bf52d2ea02ca4d78c4548f4e118fe08e94744f59f7938769a04ae856e?s=96&d=mm&r=g","contentUrl":"https:\/\/secure.gravatar.com\/avatar\/5e28c19bf52d2ea02ca4d78c4548f4e118fe08e94744f59f7938769a04ae856e?s=96&d=mm&r=g","caption":"Katharina Kandt"},"url":"https:\/\/www.un.org\/pga\/72\/author\/kandtun-org\/"}]}},"_links":{"self":[{"href":"https:\/\/www.un.org\/pga\/72\/wp-json\/wp\/v2\/posts\/165064","targetHints":{"allow":["GET"]}}],"collection":[{"href":"https:\/\/www.un.org\/pga\/72\/wp-json\/wp\/v2\/posts"}],"about":[{"href":"https:\/\/www.un.org\/pga\/72\/wp-json\/wp\/v2\/types\/post"}],"author":[{"embeddable":true,"href":"https:\/\/www.un.org\/pga\/72\/wp-json\/wp\/v2\/users\/202"}],"replies":[{"embeddable":true,"href":"https:\/\/www.un.org\/pga\/72\/wp-json\/wp\/v2\/comments?post=165064"}],"version-history":[{"count":0,"href":"https:\/\/www.un.org\/pga\/72\/wp-json\/wp\/v2\/posts\/165064\/revisions"}],"wp:attachment":[{"href":"https:\/\/www.un.org\/pga\/72\/wp-json\/wp\/v2\/media?parent=165064"}],"wp:term":[{"taxonomy":"category","embeddable":true,"href":"https:\/\/www.un.org\/pga\/72\/wp-json\/wp\/v2\/categories?post=165064"},{"taxonomy":"post_tag","embeddable":true,"href":"https:\/\/www.un.org\/pga\/72\/wp-json\/wp\/v2\/tags?post=165064"}],"curies":[{"name":"wp","href":"https:\/\/api.w.org\/{rel}","templated":true}]}}