  {"id":164821,"date":"2018-08-09T15:00:13","date_gmt":"2018-08-09T19:00:13","guid":{"rendered":"https:\/\/www.un.org\/pga\/72\/?p=164821"},"modified":"2018-08-09T15:00:13","modified_gmt":"2018-08-09T19:00:13","slug":"highlights-of-press-briefing-by-spokesperson-9-august-2018","status":"publish","type":"post","link":"https:\/\/www.un.org\/pga\/72\/2018\/08\/09\/highlights-of-press-briefing-by-spokesperson-9-august-2018\/","title":{"rendered":"HIGHLIGHTS OF PRESS BRIEFING BY SPOKESPERSON \u2013 9 AUGUST 2018"},"content":{"rendered":"<p>[et_pb_section bb_built=&#8221;1&#8243;][et_pb_row][et_pb_column type=&#8221;4_4&#8243;][et_pb_text _builder_version=&#8221;3.6&#8243;]<\/p>\n<h1><strong>HIGHLIGHTS OF PRESS BRIEFING BY BRENDEN VARMA,\u00a0<\/strong><strong>SPOKESPERSON FOR <\/strong><strong>GENERAL ASSEMBLY <\/strong><strong>PRESIDENT <\/strong><strong>MIROSLAV LAJ\u010c\u00c1K <\/strong><\/h1>\n<div class=\"post-meta vcard\">\n<p><strong>United Nations Headquarters, New York<\/strong><\/p>\n<p style=\"text-align: left\">9 August 2018<\/p>\n<\/div>\n<p>[\/et_pb_text][\/et_pb_column][\/et_pb_row][et_pb_row][et_pb_column type=&#8221;2_3&#8243;][et_pb_text _builder_version=&#8221;3.6&#8243;]<\/p>\n<h3><strong>PRESIDENT TO TRAVEL TO TURKEY<\/strong><\/h3>\n<ul>\n<li>The President will <a href=\"\/pga\/72?p=164816\">visit Turkey<\/a> this Monday, August 13th.<\/li>\n<li>In Ankara, the President will deliver remarks at the tenth annual Turkish Ambassadors\u2019 Conference. This annual gathering focuses on Turkey\u2019s foreign policy, and every year international dignitaries are invited to address it.<\/li>\n<li>The President\u2019s statement will address the state of multilateralism, as well as his priorities, including ±¬ÁÏÍø reform processes.<\/li>\n<li>While in the Turkish capital, President Laj\u010d\u00e1k will also attend a luncheon hosted by H.E. Mr. Recep Tayyip Erdo\u011fan, President of Turkey, and meet bilaterally with H.E. Mr. Mevl\u00fct \u00c7avu\u015fo\u011flu, Minister of Foreign Affairs of Turkey.<\/li>\n<\/ul>\n<p>&nbsp;<\/p>\n<h3><strong>GENERAL ASSEMBLY TO CONSIDER APPOINTMENT OF HUMAN RIGHTS CHIEF TOMORROW<\/strong><\/h3>\n<ul>\n<li>A note by the Secretary-General was issued yesterday, in which the Secretary-General proposed to appoint Michelle Bachelet of Chile as the ±¬ÁÏÍø High Commissioner for Human Rights.<\/li>\n<li>It is now up to the General Assembly to approve that appointment.<\/li>\n<li>In that regard, the President <a href=\"https:\/\/www.un.org\/pga\/72\/wp-content\/uploads\/sites\/51\/2018\/08\/Letter-to-MS.pdf\">informed Member States<\/a> yesterday that the General Assembly plenary will meet on this topic tomorrow at 10:00 a.m. in the Trusteeship Council Chamber.<\/li>\n<li>Asked about the format for tomorrow\u2019s meeting, the Spokesperson said it would start with the decision on the proposed appointment. Then there would possibly be statements from delegations. He added that the speakers list was not yet available.<\/li>\n<li>In response to further questions, the Spokesperson said that normally it was a unanimous decision and by acclamation. Asked whether the General Assembly would complete its action on this topic tomorrow, the Spokesperson said that this was indeed what was expected.<\/li>\n<li>Asked whether Ms. Bachelet would be present at tomorrow\u2019s meeting, the Spokesperson noetd that, sometimes in the past, new appointees had taken the floor. However, tomorrow\u2019s speakers list had not yet been determined.<\/li>\n<\/ul>\n<p>&nbsp;<\/p>\n<h3><strong>PRESIDENT MARKS INDIGENEOUS PEOPLES DAY<\/strong><\/h3>\n<ul>\n<li>On Twitter today, the President <a href=\"https:\/\/twitter.com\/±¬ÁÏÍø_PGA\/status\/1027558471561031680\">wished everyone<\/a> a happy International Day of the World&#8217;s Indigenous Peoples.<\/li>\n<li>He said he has met with indigenous representatives in the General Assembly to learn about their realities, dreams and challenges.<\/li>\n<li>Noting that they are increasingly moving in search of better lives, he added that the Global Compact for Migration aims to make movement safe, orderly and regular for all.<\/li>\n<\/ul>\n<p>&nbsp;<\/p>\n<h3><strong>JOURNALISTS SHOULD BE ABLE TO EASILY COVER THE GENERAL DEBATE<\/strong><\/h3>\n<ul>\n<li>Asked whether the President was aware that United Nations correspondents were not happy with the room that had been assigned to them during the general debate, the Spokesperson said the President was indeed aware and felt strongly that journalists should be able to do their work and to easily cover the General Assembly, including the general debate.<\/li>\n<li>At the same time, the Spokesperson noted that the designation of work spaces was handled by the Secretariat. He therefore deferred to the Department of Public Information, which was in the lead on this logistical matter.<\/li>\n<\/ul>\n<p>[\/et_pb_text][\/et_pb_column][et_pb_column type=&#8221;1_3&#8243;][et_pb_code _builder_version=&#8221;3.6&#8243;]\n<!-- iframe plugin v.6.0 wordpress.org\/plugins\/iframe\/ -->\n<iframe loading=\"lazy\" width=\"100%\" height=\"180\" src=\"\/\/www.un.org\/webcast\/1362235914001\/B1J3DDQJf_default\/index.html?videoId=5820103242001\" scrolling=\"yes\" class=\"iframe-class\" frameborder=\"0\"><\/iframe>\n&lt;!&#8211; [et_pb_line_break_holder] &#8211;&gt;[\/et_pb_code][\/et_pb_column][\/et_pb_row][\/et_pb_section]<\/p>\n","protected":false},"excerpt":{"rendered":"<p>Highlights of press briefing by spokesperson Brenden Varma \u2013 9 August 2018<\/p>\n","protected":false},"author":204,"featured_media":0,"comment_status":"closed","ping_status":"closed","sticky":false,"template":"","format":"standard","meta":{"_et_pb_use_builder":"on","_et_pb_old_content":"","_et_gb_content_width":"","footnotes":"","_links_to":"","_links_to_target":""},"categories":[232],"tags":[],"class_list":["post-164821","post","type-post","status-publish","format-standard","hentry","category-spokespersons-briefings","et-doesnt-have-format-content","et_post_format-et-post-format-standard"],"yoast_head":"<!-- This site is optimized with the Yoast SEO plugin v28.3 - https:\/\/yoast.com\/product\/yoast-seo-wordpress\/ -->\n<title>HIGHLIGHTS OF PRESS BRIEFING BY SPOKESPERSON \u2013 9 AUGUST 2018 - General Assembly of the United Nations<\/title>\n<meta name=\"robots\" content=\"index, follow, max-snippet:-1, max-image-preview:large, max-video-preview:-1\" \/>\n<link rel=\"canonical\" href=\"https:\/\/www.un.org\/pga\/72\/2018\/08\/09\/highlights-of-press-briefing-by-spokesperson-9-august-2018\/\" \/>\n<meta property=\"og:locale\" content=\"en_US\" \/>\n<meta property=\"og:type\" content=\"article\" \/>\n<meta property=\"og:title\" content=\"HIGHLIGHTS OF PRESS BRIEFING BY SPOKESPERSON \u2013 9 AUGUST 2018 - General Assembly of the United Nations\" \/>\n<meta property=\"og:description\" content=\"Highlights of press briefing by spokesperson Brenden Varma \u2013 9 August 2018\" \/>\n<meta property=\"og:url\" content=\"https:\/\/www.un.org\/pga\/72\/2018\/08\/09\/highlights-of-press-briefing-by-spokesperson-9-august-2018\/\" \/>\n<meta property=\"og:site_name\" content=\"General Assembly of the United Nations\" \/>\n<meta property=\"article:published_time\" content=\"2018-08-09T19:00:13+00:00\" \/>\n<meta name=\"author\" content=\"Sharifa Yousef A. S. Alnesf\" \/>\n<meta name=\"twitter:card\" content=\"summary_large_image\" \/>\n<meta name=\"twitter:label1\" content=\"Written by\" \/>\n\t<meta name=\"twitter:data1\" content=\"Sharifa Yousef A. S. Alnesf\" \/>\n\t<meta name=\"twitter:label2\" content=\"Est. reading time\" \/>\n\t<meta name=\"twitter:data2\" content=\"3 minutes\" \/>\n<script type=\"application\/ld+json\" class=\"yoast-schema-graph\">{\"@context\":\"https:\\\/\\\/schema.org\",\"@graph\":[{\"@type\":\"Article\",\"@id\":\"https:\\\/\\\/www.un.org\\\/pga\\\/72\\\/2018\\\/08\\\/09\\\/highlights-of-press-briefing-by-spokesperson-9-august-2018\\\/#article\",\"isPartOf\":{\"@id\":\"https:\\\/\\\/www.un.org\\\/pga\\\/72\\\/2018\\\/08\\\/09\\\/highlights-of-press-briefing-by-spokesperson-9-august-2018\\\/\"},\"author\":{\"name\":\"Sharifa Yousef A. S. Alnesf\",\"@id\":\"https:\\\/\\\/www.un.org\\\/pga\\\/72\\\/#\\\/schema\\\/person\\\/e633fdf13420126ec19e8d7134a02096\"},\"headline\":\"HIGHLIGHTS OF PRESS BRIEFING BY SPOKESPERSON \u2013 9 AUGUST 2018\",\"datePublished\":\"2018-08-09T19:00:13+00:00\",\"mainEntityOfPage\":{\"@id\":\"https:\\\/\\\/www.un.org\\\/pga\\\/72\\\/2018\\\/08\\\/09\\\/highlights-of-press-briefing-by-spokesperson-9-august-2018\\\/\"},\"wordCount\":595,\"articleSection\":[\"Spokesperson's Briefings\"],\"inLanguage\":\"en-US\"},{\"@type\":\"WebPage\",\"@id\":\"https:\\\/\\\/www.un.org\\\/pga\\\/72\\\/2018\\\/08\\\/09\\\/highlights-of-press-briefing-by-spokesperson-9-august-2018\\\/\",\"url\":\"https:\\\/\\\/www.un.org\\\/pga\\\/72\\\/2018\\\/08\\\/09\\\/highlights-of-press-briefing-by-spokesperson-9-august-2018\\\/\",\"name\":\"HIGHLIGHTS OF PRESS BRIEFING BY SPOKESPERSON \u2013 9 AUGUST 2018 - General Assembly of the United Nations\",\"isPartOf\":{\"@id\":\"https:\\\/\\\/www.un.org\\\/pga\\\/72\\\/#website\"},\"datePublished\":\"2018-08-09T19:00:13+00:00\",\"author\":{\"@id\":\"https:\\\/\\\/www.un.org\\\/pga\\\/72\\\/#\\\/schema\\\/person\\\/e633fdf13420126ec19e8d7134a02096\"},\"breadcrumb\":{\"@id\":\"https:\\\/\\\/www.un.org\\\/pga\\\/72\\\/2018\\\/08\\\/09\\\/highlights-of-press-briefing-by-spokesperson-9-august-2018\\\/#breadcrumb\"},\"inLanguage\":\"en-US\",\"potentialAction\":[{\"@type\":\"ReadAction\",\"target\":[\"https:\\\/\\\/www.un.org\\\/pga\\\/72\\\/2018\\\/08\\\/09\\\/highlights-of-press-briefing-by-spokesperson-9-august-2018\\\/\"]}]},{\"@type\":\"BreadcrumbList\",\"@id\":\"https:\\\/\\\/www.un.org\\\/pga\\\/72\\\/2018\\\/08\\\/09\\\/highlights-of-press-briefing-by-spokesperson-9-august-2018\\\/#breadcrumb\",\"itemListElement\":[{\"@type\":\"ListItem\",\"position\":1,\"name\":\"Home\",\"item\":\"https:\\\/\\\/www.un.org\\\/pga\\\/72\\\/\"},{\"@type\":\"ListItem\",\"position\":2,\"name\":\"HIGHLIGHTS OF PRESS BRIEFING BY SPOKESPERSON \u2013 9 AUGUST 2018\"}]},{\"@type\":\"WebSite\",\"@id\":\"https:\\\/\\\/www.un.org\\\/pga\\\/72\\\/#website\",\"url\":\"https:\\\/\\\/www.un.org\\\/pga\\\/72\\\/\",\"name\":\"General Assembly of the United Nations\",\"description\":\"President of the 72nd Session\",\"potentialAction\":[{\"@type\":\"SearchAction\",\"target\":{\"@type\":\"EntryPoint\",\"urlTemplate\":\"https:\\\/\\\/www.un.org\\\/pga\\\/72\\\/?s={search_term_string}\"},\"query-input\":{\"@type\":\"PropertyValueSpecification\",\"valueRequired\":true,\"valueName\":\"search_term_string\"}}],\"inLanguage\":\"en-US\"},{\"@type\":\"Person\",\"@id\":\"https:\\\/\\\/www.un.org\\\/pga\\\/72\\\/#\\\/schema\\\/person\\\/e633fdf13420126ec19e8d7134a02096\",\"name\":\"Sharifa Yousef A. S. Alnesf\",\"image\":{\"@type\":\"ImageObject\",\"inLanguage\":\"en-US\",\"@id\":\"https:\\\/\\\/secure.gravatar.com\\\/avatar\\\/73f99484ca19be10ca3c6435c54bb768f6eb290557b2df73e3f59ebf8691db89?s=96&d=mm&r=g\",\"url\":\"https:\\\/\\\/secure.gravatar.com\\\/avatar\\\/73f99484ca19be10ca3c6435c54bb768f6eb290557b2df73e3f59ebf8691db89?s=96&d=mm&r=g\",\"contentUrl\":\"https:\\\/\\\/secure.gravatar.com\\\/avatar\\\/73f99484ca19be10ca3c6435c54bb768f6eb290557b2df73e3f59ebf8691db89?s=96&d=mm&r=g\",\"caption\":\"Sharifa Yousef A. S. Alnesf\"},\"url\":\"https:\\\/\\\/www.un.org\\\/pga\\\/72\\\/author\\\/sharifa-alnesfun-org\\\/\"}]}<\/script>\n<!-- \/ Yoast SEO plugin. -->","yoast_head_json":{"title":"HIGHLIGHTS OF PRESS BRIEFING BY SPOKESPERSON \u2013 9 AUGUST 2018 - General Assembly of the United Nations","robots":{"index":"index","follow":"follow","max-snippet":"max-snippet:-1","max-image-preview":"max-image-preview:large","max-video-preview":"max-video-preview:-1"},"canonical":"https:\/\/www.un.org\/pga\/72\/2018\/08\/09\/highlights-of-press-briefing-by-spokesperson-9-august-2018\/","og_locale":"en_US","og_type":"article","og_title":"HIGHLIGHTS OF PRESS BRIEFING BY SPOKESPERSON \u2013 9 AUGUST 2018 - General Assembly of the United Nations","og_description":"Highlights of press briefing by spokesperson Brenden Varma \u2013 9 August 2018","og_url":"https:\/\/www.un.org\/pga\/72\/2018\/08\/09\/highlights-of-press-briefing-by-spokesperson-9-august-2018\/","og_site_name":"General Assembly of the United Nations","article_published_time":"2018-08-09T19:00:13+00:00","author":"Sharifa Yousef A. S. Alnesf","twitter_card":"summary_large_image","twitter_misc":{"Written by":"Sharifa Yousef A. S. Alnesf","Est. reading time":"3 minutes"},"schema":{"@context":"https:\/\/schema.org","@graph":[{"@type":"Article","@id":"https:\/\/www.un.org\/pga\/72\/2018\/08\/09\/highlights-of-press-briefing-by-spokesperson-9-august-2018\/#article","isPartOf":{"@id":"https:\/\/www.un.org\/pga\/72\/2018\/08\/09\/highlights-of-press-briefing-by-spokesperson-9-august-2018\/"},"author":{"name":"Sharifa Yousef A. S. Alnesf","@id":"https:\/\/www.un.org\/pga\/72\/#\/schema\/person\/e633fdf13420126ec19e8d7134a02096"},"headline":"HIGHLIGHTS OF PRESS BRIEFING BY SPOKESPERSON \u2013 9 AUGUST 2018","datePublished":"2018-08-09T19:00:13+00:00","mainEntityOfPage":{"@id":"https:\/\/www.un.org\/pga\/72\/2018\/08\/09\/highlights-of-press-briefing-by-spokesperson-9-august-2018\/"},"wordCount":595,"articleSection":["Spokesperson's Briefings"],"inLanguage":"en-US"},{"@type":"WebPage","@id":"https:\/\/www.un.org\/pga\/72\/2018\/08\/09\/highlights-of-press-briefing-by-spokesperson-9-august-2018\/","url":"https:\/\/www.un.org\/pga\/72\/2018\/08\/09\/highlights-of-press-briefing-by-spokesperson-9-august-2018\/","name":"HIGHLIGHTS OF PRESS BRIEFING BY SPOKESPERSON \u2013 9 AUGUST 2018 - General Assembly of the United Nations","isPartOf":{"@id":"https:\/\/www.un.org\/pga\/72\/#website"},"datePublished":"2018-08-09T19:00:13+00:00","author":{"@id":"https:\/\/www.un.org\/pga\/72\/#\/schema\/person\/e633fdf13420126ec19e8d7134a02096"},"breadcrumb":{"@id":"https:\/\/www.un.org\/pga\/72\/2018\/08\/09\/highlights-of-press-briefing-by-spokesperson-9-august-2018\/#breadcrumb"},"inLanguage":"en-US","potentialAction":[{"@type":"ReadAction","target":["https:\/\/www.un.org\/pga\/72\/2018\/08\/09\/highlights-of-press-briefing-by-spokesperson-9-august-2018\/"]}]},{"@type":"BreadcrumbList","@id":"https:\/\/www.un.org\/pga\/72\/2018\/08\/09\/highlights-of-press-briefing-by-spokesperson-9-august-2018\/#breadcrumb","itemListElement":[{"@type":"ListItem","position":1,"name":"Home","item":"https:\/\/www.un.org\/pga\/72\/"},{"@type":"ListItem","position":2,"name":"HIGHLIGHTS OF PRESS BRIEFING BY SPOKESPERSON \u2013 9 AUGUST 2018"}]},{"@type":"WebSite","@id":"https:\/\/www.un.org\/pga\/72\/#website","url":"https:\/\/www.un.org\/pga\/72\/","name":"General Assembly of the United Nations","description":"President of the 72nd Session","potentialAction":[{"@type":"SearchAction","target":{"@type":"EntryPoint","urlTemplate":"https:\/\/www.un.org\/pga\/72\/?s={search_term_string}"},"query-input":{"@type":"PropertyValueSpecification","valueRequired":true,"valueName":"search_term_string"}}],"inLanguage":"en-US"},{"@type":"Person","@id":"https:\/\/www.un.org\/pga\/72\/#\/schema\/person\/e633fdf13420126ec19e8d7134a02096","name":"Sharifa Yousef A. S. Alnesf","image":{"@type":"ImageObject","inLanguage":"en-US","@id":"https:\/\/secure.gravatar.com\/avatar\/73f99484ca19be10ca3c6435c54bb768f6eb290557b2df73e3f59ebf8691db89?s=96&d=mm&r=g","url":"https:\/\/secure.gravatar.com\/avatar\/73f99484ca19be10ca3c6435c54bb768f6eb290557b2df73e3f59ebf8691db89?s=96&d=mm&r=g","contentUrl":"https:\/\/secure.gravatar.com\/avatar\/73f99484ca19be10ca3c6435c54bb768f6eb290557b2df73e3f59ebf8691db89?s=96&d=mm&r=g","caption":"Sharifa Yousef A. S. Alnesf"},"url":"https:\/\/www.un.org\/pga\/72\/author\/sharifa-alnesfun-org\/"}]}},"_links":{"self":[{"href":"https:\/\/www.un.org\/pga\/72\/wp-json\/wp\/v2\/posts\/164821","targetHints":{"allow":["GET"]}}],"collection":[{"href":"https:\/\/www.un.org\/pga\/72\/wp-json\/wp\/v2\/posts"}],"about":[{"href":"https:\/\/www.un.org\/pga\/72\/wp-json\/wp\/v2\/types\/post"}],"author":[{"embeddable":true,"href":"https:\/\/www.un.org\/pga\/72\/wp-json\/wp\/v2\/users\/204"}],"replies":[{"embeddable":true,"href":"https:\/\/www.un.org\/pga\/72\/wp-json\/wp\/v2\/comments?post=164821"}],"version-history":[{"count":0,"href":"https:\/\/www.un.org\/pga\/72\/wp-json\/wp\/v2\/posts\/164821\/revisions"}],"wp:attachment":[{"href":"https:\/\/www.un.org\/pga\/72\/wp-json\/wp\/v2\/media?parent=164821"}],"wp:term":[{"taxonomy":"category","embeddable":true,"href":"https:\/\/www.un.org\/pga\/72\/wp-json\/wp\/v2\/categories?post=164821"},{"taxonomy":"post_tag","embeddable":true,"href":"https:\/\/www.un.org\/pga\/72\/wp-json\/wp\/v2\/tags?post=164821"}],"curies":[{"name":"wp","href":"https:\/\/api.w.org\/{rel}","templated":true}]}}