  {"id":144305,"date":"2018-03-23T12:21:34","date_gmt":"2018-03-23T16:21:34","guid":{"rendered":"https:\/\/www.un.org\/pga\/72\/?p=144305"},"modified":"2018-04-02T17:59:18","modified_gmt":"2018-04-02T21:59:18","slug":"general-assembly-president-heads-to-prague-and-brussels","status":"publish","type":"post","link":"https:\/\/www.un.org\/pga\/72\/2018\/03\/23\/general-assembly-president-heads-to-prague-and-brussels\/","title":{"rendered":"NOTE TO CORRESPONDENTS: GENERAL ASSEMBLY PRESIDENT HEADS TO PRAGUE AND BRUSSELS"},"content":{"rendered":"<p>[et_pb_section bb_built=&#8221;1&#8243;][et_pb_row][et_pb_column type=&#8221;4_4&#8243;][et_pb_text _builder_version=&#8221;3.0.87&#8243; background_layout=&#8221;light&#8221; border_style=&#8221;solid&#8221; border_style_all=&#8221;solid&#8221;]<\/p>\n<p style=\"text-align: right\"><strong>NOTE TO CORRESPONDENTS<\/strong><\/p>\n<p>&nbsp;<\/p>\n<p>&nbsp;<\/p>\n<h1 style=\"text-align: center\">GENERAL ASSEMBLY PRESIDENT HEADS TO PRAGUE AND BRUSSELS<\/h1>\n<div class=\"post-meta vcard\"><\/div>\n<p>[\/et_pb_text][et_pb_text _builder_version=&#8221;3.0.87&#8243; background_layout=&#8221;light&#8221; border_style=&#8221;solid&#8221;]<\/p>\n<p>&nbsp;<\/p>\n<p><strong>United Nations, New York, 23 March 2018<\/strong> \u2013 The President of the 72nd session of the United Nations General Assembly, H.E. Mr. Miroslav Laj\u010d\u00e1k, will be in Prague, Czech Republic, from 25 to 26 March. There he will address the opening of the Economic and Social Council (ECOSOC) Preparatory Meeting entitled \u201cTowards sustainable, resilient and inclusive societies through participation of all\u201d.<\/p>\n<p>While in Prague, the President is expected to meet with H.E. Mr. Andrej Babi\u0161, Prime Minister of the Czech Republic; H.E. Mr. Martin Stropnick\u00fd, Deputy Prime Minister and Minister of Foreign Affairs; and H.E. Mr. Radek Vondr\u00e1\u010dek, President of Chamber of Deputies in the Parliament.<\/p>\n<p>The President will travel to Prague with: Mr. Abdelghani Merabet, Senior Adviser; Mr. Michal Komada, Senior Adviser; and Ms. Sharifa Alnesf, Communications Adviser.<\/p>\n<p>From Prague, the President will head to Brussels, Belgium, on 26 March, where he is planning to meet with officials from European institutions, including: H.E. Mr. Donald Tusk, President of the European Council; H.E. Mr. Jean-Claude Juncker, President of the European Commission; H.E. Mr. Antonio Tajani, President of the European Parliament. He also expects to meet with H.E. Mr. Didier Reynders, Deputy Prime Minister and Minister for Foreign and European Affairs of Belgium and the United Nations Country Team.<\/p>\n<p>In Brussels, the President will be accompanied by Mr. Abdelghani Merabet, Senior Adviser; Ms. Sharifa Alnesf, Communications Adviser; and Ms. Vanda \u0160ipo\u0161ov\u00e1, Personal Assistant to the President.<\/p>\n<p>Travel costs will be covered by the Trust Fund of the Office of the President of the General Assembly with support on the ground in Prague provided by the Government of the Czech Republic.<\/p>\n<p>The President will be back in his office in New York on 2 April.<\/p>\n<p>***<\/p>\n<p><strong>For media inquiries, please contact:<\/strong><\/p>\n<p>Ms. Sharifa Alnesf, Communications Adviser to the President of the General Assembly, 1-917-367-3150, 1-646-585-8888, <a href=\"mailto:sharifa.alnesf@un.org\">sharifa.alnesf@un.org<\/a><\/p>\n<p>[\/et_pb_text][\/et_pb_column][\/et_pb_row][\/et_pb_section]<\/p>\n","protected":false},"excerpt":{"rendered":"<p>NOTE TO CORRESPONDENTS: GENERAL ASSEMBLY PRESIDENT HEADS TO PRAGUE AND BRUSSELS <\/p>\n","protected":false},"author":204,"featured_media":0,"comment_status":"closed","ping_status":"closed","sticky":false,"template":"","format":"standard","meta":{"_et_pb_use_builder":"on","_et_pb_old_content":"","_et_gb_content_width":"","footnotes":"","_links_to":"","_links_to_target":""},"categories":[61],"tags":[],"class_list":["post-144305","post","type-post","status-publish","format-standard","hentry","category-pressreleases","et-doesnt-have-format-content","et_post_format-et-post-format-standard"],"yoast_head":"<!-- This site is optimized with the Yoast SEO plugin v28.3 - https:\/\/yoast.com\/product\/yoast-seo-wordpress\/ -->\n<title>NOTE TO CORRESPONDENTS: GENERAL ASSEMBLY PRESIDENT HEADS TO PRAGUE AND BRUSSELS - General Assembly of the United Nations<\/title>\n<meta name=\"robots\" content=\"index, follow, max-snippet:-1, max-image-preview:large, max-video-preview:-1\" \/>\n<link rel=\"canonical\" href=\"https:\/\/www.un.org\/pga\/72\/2018\/03\/23\/general-assembly-president-heads-to-prague-and-brussels\/\" \/>\n<meta property=\"og:locale\" content=\"en_US\" \/>\n<meta property=\"og:type\" content=\"article\" \/>\n<meta property=\"og:title\" content=\"NOTE TO CORRESPONDENTS: GENERAL ASSEMBLY PRESIDENT HEADS TO PRAGUE AND BRUSSELS - General Assembly of the United Nations\" \/>\n<meta property=\"og:description\" content=\"NOTE TO CORRESPONDENTS: GENERAL ASSEMBLY PRESIDENT HEADS TO PRAGUE AND BRUSSELS\" \/>\n<meta property=\"og:url\" content=\"https:\/\/www.un.org\/pga\/72\/2018\/03\/23\/general-assembly-president-heads-to-prague-and-brussels\/\" \/>\n<meta property=\"og:site_name\" content=\"General Assembly of the United Nations\" \/>\n<meta property=\"article:published_time\" content=\"2018-03-23T16:21:34+00:00\" \/>\n<meta property=\"article:modified_time\" content=\"2018-04-02T21:59:18+00:00\" \/>\n<meta name=\"author\" content=\"Sharifa Yousef A. S. Alnesf\" \/>\n<meta name=\"twitter:card\" content=\"summary_large_image\" \/>\n<meta name=\"twitter:label1\" content=\"Written by\" \/>\n\t<meta name=\"twitter:data1\" content=\"Sharifa Yousef A. S. Alnesf\" \/>\n\t<meta name=\"twitter:label2\" content=\"Est. reading time\" \/>\n\t<meta name=\"twitter:data2\" content=\"2 minutes\" \/>\n<script type=\"application\/ld+json\" class=\"yoast-schema-graph\">{\"@context\":\"https:\\\/\\\/schema.org\",\"@graph\":[{\"@type\":\"Article\",\"@id\":\"https:\\\/\\\/www.un.org\\\/pga\\\/72\\\/2018\\\/03\\\/23\\\/general-assembly-president-heads-to-prague-and-brussels\\\/#article\",\"isPartOf\":{\"@id\":\"https:\\\/\\\/www.un.org\\\/pga\\\/72\\\/2018\\\/03\\\/23\\\/general-assembly-president-heads-to-prague-and-brussels\\\/\"},\"author\":{\"name\":\"Sharifa Yousef A. S. Alnesf\",\"@id\":\"https:\\\/\\\/www.un.org\\\/pga\\\/72\\\/#\\\/schema\\\/person\\\/e633fdf13420126ec19e8d7134a02096\"},\"headline\":\"NOTE TO CORRESPONDENTS: GENERAL ASSEMBLY PRESIDENT HEADS TO PRAGUE AND BRUSSELS\",\"datePublished\":\"2018-03-23T16:21:34+00:00\",\"dateModified\":\"2018-04-02T21:59:18+00:00\",\"mainEntityOfPage\":{\"@id\":\"https:\\\/\\\/www.un.org\\\/pga\\\/72\\\/2018\\\/03\\\/23\\\/general-assembly-president-heads-to-prague-and-brussels\\\/\"},\"wordCount\":392,\"articleSection\":[\"Press Releases\"],\"inLanguage\":\"en-US\"},{\"@type\":\"WebPage\",\"@id\":\"https:\\\/\\\/www.un.org\\\/pga\\\/72\\\/2018\\\/03\\\/23\\\/general-assembly-president-heads-to-prague-and-brussels\\\/\",\"url\":\"https:\\\/\\\/www.un.org\\\/pga\\\/72\\\/2018\\\/03\\\/23\\\/general-assembly-president-heads-to-prague-and-brussels\\\/\",\"name\":\"NOTE TO CORRESPONDENTS: GENERAL ASSEMBLY PRESIDENT HEADS TO PRAGUE AND BRUSSELS - General Assembly of the United Nations\",\"isPartOf\":{\"@id\":\"https:\\\/\\\/www.un.org\\\/pga\\\/72\\\/#website\"},\"datePublished\":\"2018-03-23T16:21:34+00:00\",\"dateModified\":\"2018-04-02T21:59:18+00:00\",\"author\":{\"@id\":\"https:\\\/\\\/www.un.org\\\/pga\\\/72\\\/#\\\/schema\\\/person\\\/e633fdf13420126ec19e8d7134a02096\"},\"breadcrumb\":{\"@id\":\"https:\\\/\\\/www.un.org\\\/pga\\\/72\\\/2018\\\/03\\\/23\\\/general-assembly-president-heads-to-prague-and-brussels\\\/#breadcrumb\"},\"inLanguage\":\"en-US\",\"potentialAction\":[{\"@type\":\"ReadAction\",\"target\":[\"https:\\\/\\\/www.un.org\\\/pga\\\/72\\\/2018\\\/03\\\/23\\\/general-assembly-president-heads-to-prague-and-brussels\\\/\"]}]},{\"@type\":\"BreadcrumbList\",\"@id\":\"https:\\\/\\\/www.un.org\\\/pga\\\/72\\\/2018\\\/03\\\/23\\\/general-assembly-president-heads-to-prague-and-brussels\\\/#breadcrumb\",\"itemListElement\":[{\"@type\":\"ListItem\",\"position\":1,\"name\":\"Home\",\"item\":\"https:\\\/\\\/www.un.org\\\/pga\\\/72\\\/\"},{\"@type\":\"ListItem\",\"position\":2,\"name\":\"NOTE TO CORRESPONDENTS: GENERAL ASSEMBLY PRESIDENT HEADS TO PRAGUE AND BRUSSELS\"}]},{\"@type\":\"WebSite\",\"@id\":\"https:\\\/\\\/www.un.org\\\/pga\\\/72\\\/#website\",\"url\":\"https:\\\/\\\/www.un.org\\\/pga\\\/72\\\/\",\"name\":\"General Assembly of the United Nations\",\"description\":\"President of the 72nd Session\",\"potentialAction\":[{\"@type\":\"SearchAction\",\"target\":{\"@type\":\"EntryPoint\",\"urlTemplate\":\"https:\\\/\\\/www.un.org\\\/pga\\\/72\\\/?s={search_term_string}\"},\"query-input\":{\"@type\":\"PropertyValueSpecification\",\"valueRequired\":true,\"valueName\":\"search_term_string\"}}],\"inLanguage\":\"en-US\"},{\"@type\":\"Person\",\"@id\":\"https:\\\/\\\/www.un.org\\\/pga\\\/72\\\/#\\\/schema\\\/person\\\/e633fdf13420126ec19e8d7134a02096\",\"name\":\"Sharifa Yousef A. S. Alnesf\",\"image\":{\"@type\":\"ImageObject\",\"inLanguage\":\"en-US\",\"@id\":\"https:\\\/\\\/secure.gravatar.com\\\/avatar\\\/73f99484ca19be10ca3c6435c54bb768f6eb290557b2df73e3f59ebf8691db89?s=96&d=mm&r=g\",\"url\":\"https:\\\/\\\/secure.gravatar.com\\\/avatar\\\/73f99484ca19be10ca3c6435c54bb768f6eb290557b2df73e3f59ebf8691db89?s=96&d=mm&r=g\",\"contentUrl\":\"https:\\\/\\\/secure.gravatar.com\\\/avatar\\\/73f99484ca19be10ca3c6435c54bb768f6eb290557b2df73e3f59ebf8691db89?s=96&d=mm&r=g\",\"caption\":\"Sharifa Yousef A. S. Alnesf\"},\"url\":\"https:\\\/\\\/www.un.org\\\/pga\\\/72\\\/author\\\/sharifa-alnesfun-org\\\/\"}]}<\/script>\n<!-- \/ Yoast SEO plugin. -->","yoast_head_json":{"title":"NOTE TO CORRESPONDENTS: GENERAL ASSEMBLY PRESIDENT HEADS TO PRAGUE AND BRUSSELS - General Assembly of the United Nations","robots":{"index":"index","follow":"follow","max-snippet":"max-snippet:-1","max-image-preview":"max-image-preview:large","max-video-preview":"max-video-preview:-1"},"canonical":"https:\/\/www.un.org\/pga\/72\/2018\/03\/23\/general-assembly-president-heads-to-prague-and-brussels\/","og_locale":"en_US","og_type":"article","og_title":"NOTE TO CORRESPONDENTS: GENERAL ASSEMBLY PRESIDENT HEADS TO PRAGUE AND BRUSSELS - General Assembly of the United Nations","og_description":"NOTE TO CORRESPONDENTS: GENERAL ASSEMBLY PRESIDENT HEADS TO PRAGUE AND BRUSSELS","og_url":"https:\/\/www.un.org\/pga\/72\/2018\/03\/23\/general-assembly-president-heads-to-prague-and-brussels\/","og_site_name":"General Assembly of the United Nations","article_published_time":"2018-03-23T16:21:34+00:00","article_modified_time":"2018-04-02T21:59:18+00:00","author":"Sharifa Yousef A. S. Alnesf","twitter_card":"summary_large_image","twitter_misc":{"Written by":"Sharifa Yousef A. S. Alnesf","Est. reading time":"2 minutes"},"schema":{"@context":"https:\/\/schema.org","@graph":[{"@type":"Article","@id":"https:\/\/www.un.org\/pga\/72\/2018\/03\/23\/general-assembly-president-heads-to-prague-and-brussels\/#article","isPartOf":{"@id":"https:\/\/www.un.org\/pga\/72\/2018\/03\/23\/general-assembly-president-heads-to-prague-and-brussels\/"},"author":{"name":"Sharifa Yousef A. S. Alnesf","@id":"https:\/\/www.un.org\/pga\/72\/#\/schema\/person\/e633fdf13420126ec19e8d7134a02096"},"headline":"NOTE TO CORRESPONDENTS: GENERAL ASSEMBLY PRESIDENT HEADS TO PRAGUE AND BRUSSELS","datePublished":"2018-03-23T16:21:34+00:00","dateModified":"2018-04-02T21:59:18+00:00","mainEntityOfPage":{"@id":"https:\/\/www.un.org\/pga\/72\/2018\/03\/23\/general-assembly-president-heads-to-prague-and-brussels\/"},"wordCount":392,"articleSection":["Press Releases"],"inLanguage":"en-US"},{"@type":"WebPage","@id":"https:\/\/www.un.org\/pga\/72\/2018\/03\/23\/general-assembly-president-heads-to-prague-and-brussels\/","url":"https:\/\/www.un.org\/pga\/72\/2018\/03\/23\/general-assembly-president-heads-to-prague-and-brussels\/","name":"NOTE TO CORRESPONDENTS: GENERAL ASSEMBLY PRESIDENT HEADS TO PRAGUE AND BRUSSELS - General Assembly of the United Nations","isPartOf":{"@id":"https:\/\/www.un.org\/pga\/72\/#website"},"datePublished":"2018-03-23T16:21:34+00:00","dateModified":"2018-04-02T21:59:18+00:00","author":{"@id":"https:\/\/www.un.org\/pga\/72\/#\/schema\/person\/e633fdf13420126ec19e8d7134a02096"},"breadcrumb":{"@id":"https:\/\/www.un.org\/pga\/72\/2018\/03\/23\/general-assembly-president-heads-to-prague-and-brussels\/#breadcrumb"},"inLanguage":"en-US","potentialAction":[{"@type":"ReadAction","target":["https:\/\/www.un.org\/pga\/72\/2018\/03\/23\/general-assembly-president-heads-to-prague-and-brussels\/"]}]},{"@type":"BreadcrumbList","@id":"https:\/\/www.un.org\/pga\/72\/2018\/03\/23\/general-assembly-president-heads-to-prague-and-brussels\/#breadcrumb","itemListElement":[{"@type":"ListItem","position":1,"name":"Home","item":"https:\/\/www.un.org\/pga\/72\/"},{"@type":"ListItem","position":2,"name":"NOTE TO CORRESPONDENTS: GENERAL ASSEMBLY PRESIDENT HEADS TO PRAGUE AND BRUSSELS"}]},{"@type":"WebSite","@id":"https:\/\/www.un.org\/pga\/72\/#website","url":"https:\/\/www.un.org\/pga\/72\/","name":"General Assembly of the United Nations","description":"President of the 72nd Session","potentialAction":[{"@type":"SearchAction","target":{"@type":"EntryPoint","urlTemplate":"https:\/\/www.un.org\/pga\/72\/?s={search_term_string}"},"query-input":{"@type":"PropertyValueSpecification","valueRequired":true,"valueName":"search_term_string"}}],"inLanguage":"en-US"},{"@type":"Person","@id":"https:\/\/www.un.org\/pga\/72\/#\/schema\/person\/e633fdf13420126ec19e8d7134a02096","name":"Sharifa Yousef A. S. Alnesf","image":{"@type":"ImageObject","inLanguage":"en-US","@id":"https:\/\/secure.gravatar.com\/avatar\/73f99484ca19be10ca3c6435c54bb768f6eb290557b2df73e3f59ebf8691db89?s=96&d=mm&r=g","url":"https:\/\/secure.gravatar.com\/avatar\/73f99484ca19be10ca3c6435c54bb768f6eb290557b2df73e3f59ebf8691db89?s=96&d=mm&r=g","contentUrl":"https:\/\/secure.gravatar.com\/avatar\/73f99484ca19be10ca3c6435c54bb768f6eb290557b2df73e3f59ebf8691db89?s=96&d=mm&r=g","caption":"Sharifa Yousef A. S. Alnesf"},"url":"https:\/\/www.un.org\/pga\/72\/author\/sharifa-alnesfun-org\/"}]}},"_links":{"self":[{"href":"https:\/\/www.un.org\/pga\/72\/wp-json\/wp\/v2\/posts\/144305","targetHints":{"allow":["GET"]}}],"collection":[{"href":"https:\/\/www.un.org\/pga\/72\/wp-json\/wp\/v2\/posts"}],"about":[{"href":"https:\/\/www.un.org\/pga\/72\/wp-json\/wp\/v2\/types\/post"}],"author":[{"embeddable":true,"href":"https:\/\/www.un.org\/pga\/72\/wp-json\/wp\/v2\/users\/204"}],"replies":[{"embeddable":true,"href":"https:\/\/www.un.org\/pga\/72\/wp-json\/wp\/v2\/comments?post=144305"}],"version-history":[{"count":0,"href":"https:\/\/www.un.org\/pga\/72\/wp-json\/wp\/v2\/posts\/144305\/revisions"}],"wp:attachment":[{"href":"https:\/\/www.un.org\/pga\/72\/wp-json\/wp\/v2\/media?parent=144305"}],"wp:term":[{"taxonomy":"category","embeddable":true,"href":"https:\/\/www.un.org\/pga\/72\/wp-json\/wp\/v2\/categories?post=144305"},{"taxonomy":"post_tag","embeddable":true,"href":"https:\/\/www.un.org\/pga\/72\/wp-json\/wp\/v2\/tags?post=144305"}],"curies":[{"name":"wp","href":"https:\/\/api.w.org\/{rel}","templated":true}]}}