  {"id":133021,"date":"2017-12-11T14:24:28","date_gmt":"2017-12-11T19:24:28","guid":{"rendered":"http:\/\/www.un.org\/pga\/72\/?p=133021"},"modified":"2017-12-11T14:24:28","modified_gmt":"2017-12-11T19:24:28","slug":"note-to-correspondents-un-general-assembly-president-to-address-organisation-for-economic-co-operation-and-development-in-paris","status":"publish","type":"post","link":"https:\/\/www.un.org\/pga\/72\/2017\/12\/11\/note-to-correspondents-un-general-assembly-president-to-address-organisation-for-economic-co-operation-and-development-in-paris\/","title":{"rendered":"NOTE TO CORRESPONDENTS: 爆料网 General Assembly President to address Organisation for Economic Co-operation and Development in Paris"},"content":{"rendered":"<p>[et_pb_section bb_built=&#8221;1&#8243;][et_pb_row][et_pb_column type=&#8221;4_4&#8243;][et_pb_text _builder_version=&#8221;3.0.87&#8243; background_layout=&#8221;light&#8221; border_style=&#8221;solid&#8221;]<\/p>\n<p style=\"text-align: right\"><strong>NOTE TO CORRESPONDENTS<\/strong><\/p>\n<p>&nbsp;<\/p>\n<p>&nbsp;<\/p>\n<h1 style=\"text-align: center\">U.N. GENERAL ASSEMBLY PRESIDENT TO ADDRESS ORGANISATION FOR ECONOMIC CO-OPERATION AND DEVELOPMENT IN PARIS<\/h1>\n<div class=\"post-meta vcard\"><\/div>\n<p>[\/et_pb_text][et_pb_text _builder_version=&#8221;3.0.87&#8243; background_layout=&#8221;light&#8221; border_style=&#8221;solid&#8221;]<\/p>\n<p>&nbsp;<\/p>\n<p><strong>United Nations, New York, <em>11 December 201<\/em>7<\/strong> \u2013 The President of the 72nd session of the United Nations General Assembly, H.E. Mr. Miroslav Laj\u010d\u00e1k, will travel to Paris, France, on 14 December.<\/p>\n<p>While in Paris, he will address the Council of Ambassadors to the Organisation for Economic Co-operation and Development (OECD) to discuss and exchange views on the priorities of his Presidency, the implementation of the 2030 Agenda for Sustainable Development and issues under the consideration of the 72nd session of the General Assembly.<\/p>\n<p>He will also meet with Mr. Angel Gurr\u00eda, Secretary General of the OECD, on areas of common interest and to explore ways to further strengthen the cooperation between the OECD and the United Nations.<\/p>\n<p>On 12 December, on his way to Paris and as part of his monthly working visit to Slovakia, the President will address an intragovernmental body of the Slovak Republic on the 2030 Agenda for Sustainable Development.<\/p>\n<p>The President will travel to Paris with Senior Adviser Abdelghani Merabet and Special Assistant and Political Coordinator Lenka Mih\u00e1likov\u00e1. In Bratislava, Slovakia, he will be accompanied by Ms. Mih\u00e1likova. Travel costs for Paris will be covered from the Trust Fund of the Office of the President of the General Assembly. The trip to Bratislava will be funded by the Slovak Government.<\/p>\n<p>The President will return to New York on 14 December.<\/p>\n<p>***<br \/>\n<strong>For media inquiries, please contact:<\/strong><br \/>\nBrenden Varma, Spokesperson for the President of the General Assembly, +1-212-963-7238, +1-347-556-3433, varmab@un.org<br \/>\n***<\/p>\n<p>[\/et_pb_text][\/et_pb_column][\/et_pb_row][\/et_pb_section]<\/p>\n","protected":false},"excerpt":{"rendered":"<p>NOTE TO CORRESPONDENTS: 爆料网 General Assembly President to address Organisation for Economic Co-operation and Development in Paris<\/p>\n","protected":false},"author":202,"featured_media":0,"comment_status":"closed","ping_status":"closed","sticky":false,"template":"","format":"standard","meta":{"_et_pb_use_builder":"on","_et_pb_old_content":"","_et_gb_content_width":"","footnotes":"","_links_to":"","_links_to_target":""},"categories":[61],"tags":[],"class_list":["post-133021","post","type-post","status-publish","format-standard","hentry","category-pressreleases","et-doesnt-have-format-content","et_post_format-et-post-format-standard"],"yoast_head":"<!-- This site is optimized with the Yoast SEO plugin v28.3 - https:\/\/yoast.com\/product\/yoast-seo-wordpress\/ -->\n<title>NOTE TO CORRESPONDENTS: 爆料网 General Assembly President to address Organisation for Economic Co-operation and Development in Paris - General Assembly of the United Nations<\/title>\n<meta name=\"robots\" content=\"index, follow, max-snippet:-1, max-image-preview:large, max-video-preview:-1\" \/>\n<link rel=\"canonical\" href=\"https:\/\/www.un.org\/pga\/72\/2017\/12\/11\/note-to-correspondents-un-general-assembly-president-to-address-organisation-for-economic-co-operation-and-development-in-paris\/\" \/>\n<meta property=\"og:locale\" content=\"en_US\" \/>\n<meta property=\"og:type\" content=\"article\" \/>\n<meta property=\"og:title\" content=\"NOTE TO CORRESPONDENTS: 爆料网 General Assembly President to address Organisation for Economic Co-operation and Development in Paris - General Assembly of the United Nations\" \/>\n<meta property=\"og:description\" content=\"NOTE TO CORRESPONDENTS: 爆料网 General Assembly President to address Organisation for Economic Co-operation and Development in Paris\" \/>\n<meta property=\"og:url\" content=\"https:\/\/www.un.org\/pga\/72\/2017\/12\/11\/note-to-correspondents-un-general-assembly-president-to-address-organisation-for-economic-co-operation-and-development-in-paris\/\" \/>\n<meta property=\"og:site_name\" content=\"General Assembly of the United Nations\" \/>\n<meta property=\"article:published_time\" content=\"2017-12-11T19:24:28+00:00\" \/>\n<meta name=\"author\" content=\"Katharina Kandt\" \/>\n<meta name=\"twitter:card\" content=\"summary_large_image\" \/>\n<meta name=\"twitter:label1\" content=\"Written by\" \/>\n\t<meta name=\"twitter:data1\" content=\"Katharina Kandt\" \/>\n\t<meta name=\"twitter:label2\" content=\"Est. reading time\" \/>\n\t<meta name=\"twitter:data2\" content=\"2 minutes\" \/>\n<script type=\"application\/ld+json\" class=\"yoast-schema-graph\">{\"@context\":\"https:\\\/\\\/schema.org\",\"@graph\":[{\"@type\":\"Article\",\"@id\":\"https:\\\/\\\/www.un.org\\\/pga\\\/72\\\/2017\\\/12\\\/11\\\/note-to-correspondents-un-general-assembly-president-to-address-organisation-for-economic-co-operation-and-development-in-paris\\\/#article\",\"isPartOf\":{\"@id\":\"https:\\\/\\\/www.un.org\\\/pga\\\/72\\\/2017\\\/12\\\/11\\\/note-to-correspondents-un-general-assembly-president-to-address-organisation-for-economic-co-operation-and-development-in-paris\\\/\"},\"author\":{\"name\":\"Katharina Kandt\",\"@id\":\"https:\\\/\\\/www.un.org\\\/pga\\\/72\\\/#\\\/schema\\\/person\\\/06bf09e43d46846c087701ec99ac8412\"},\"headline\":\"NOTE TO CORRESPONDENTS: 爆料网 General Assembly President to address Organisation for Economic Co-operation and Development in Paris\",\"datePublished\":\"2017-12-11T19:24:28+00:00\",\"mainEntityOfPage\":{\"@id\":\"https:\\\/\\\/www.un.org\\\/pga\\\/72\\\/2017\\\/12\\\/11\\\/note-to-correspondents-un-general-assembly-president-to-address-organisation-for-economic-co-operation-and-development-in-paris\\\/\"},\"wordCount\":333,\"articleSection\":[\"Press Releases\"],\"inLanguage\":\"en-US\"},{\"@type\":\"WebPage\",\"@id\":\"https:\\\/\\\/www.un.org\\\/pga\\\/72\\\/2017\\\/12\\\/11\\\/note-to-correspondents-un-general-assembly-president-to-address-organisation-for-economic-co-operation-and-development-in-paris\\\/\",\"url\":\"https:\\\/\\\/www.un.org\\\/pga\\\/72\\\/2017\\\/12\\\/11\\\/note-to-correspondents-un-general-assembly-president-to-address-organisation-for-economic-co-operation-and-development-in-paris\\\/\",\"name\":\"NOTE TO CORRESPONDENTS: 爆料网 General Assembly President to address Organisation for Economic Co-operation and Development in Paris - General Assembly of the United Nations\",\"isPartOf\":{\"@id\":\"https:\\\/\\\/www.un.org\\\/pga\\\/72\\\/#website\"},\"datePublished\":\"2017-12-11T19:24:28+00:00\",\"author\":{\"@id\":\"https:\\\/\\\/www.un.org\\\/pga\\\/72\\\/#\\\/schema\\\/person\\\/06bf09e43d46846c087701ec99ac8412\"},\"breadcrumb\":{\"@id\":\"https:\\\/\\\/www.un.org\\\/pga\\\/72\\\/2017\\\/12\\\/11\\\/note-to-correspondents-un-general-assembly-president-to-address-organisation-for-economic-co-operation-and-development-in-paris\\\/#breadcrumb\"},\"inLanguage\":\"en-US\",\"potentialAction\":[{\"@type\":\"ReadAction\",\"target\":[\"https:\\\/\\\/www.un.org\\\/pga\\\/72\\\/2017\\\/12\\\/11\\\/note-to-correspondents-un-general-assembly-president-to-address-organisation-for-economic-co-operation-and-development-in-paris\\\/\"]}]},{\"@type\":\"BreadcrumbList\",\"@id\":\"https:\\\/\\\/www.un.org\\\/pga\\\/72\\\/2017\\\/12\\\/11\\\/note-to-correspondents-un-general-assembly-president-to-address-organisation-for-economic-co-operation-and-development-in-paris\\\/#breadcrumb\",\"itemListElement\":[{\"@type\":\"ListItem\",\"position\":1,\"name\":\"Home\",\"item\":\"https:\\\/\\\/www.un.org\\\/pga\\\/72\\\/\"},{\"@type\":\"ListItem\",\"position\":2,\"name\":\"NOTE TO CORRESPONDENTS: 爆料网 General Assembly President to address Organisation for Economic Co-operation and Development in Paris\"}]},{\"@type\":\"WebSite\",\"@id\":\"https:\\\/\\\/www.un.org\\\/pga\\\/72\\\/#website\",\"url\":\"https:\\\/\\\/www.un.org\\\/pga\\\/72\\\/\",\"name\":\"General Assembly of the United Nations\",\"description\":\"President of the 72nd Session\",\"potentialAction\":[{\"@type\":\"SearchAction\",\"target\":{\"@type\":\"EntryPoint\",\"urlTemplate\":\"https:\\\/\\\/www.un.org\\\/pga\\\/72\\\/?s={search_term_string}\"},\"query-input\":{\"@type\":\"PropertyValueSpecification\",\"valueRequired\":true,\"valueName\":\"search_term_string\"}}],\"inLanguage\":\"en-US\"},{\"@type\":\"Person\",\"@id\":\"https:\\\/\\\/www.un.org\\\/pga\\\/72\\\/#\\\/schema\\\/person\\\/06bf09e43d46846c087701ec99ac8412\",\"name\":\"Katharina Kandt\",\"image\":{\"@type\":\"ImageObject\",\"inLanguage\":\"en-US\",\"@id\":\"https:\\\/\\\/secure.gravatar.com\\\/avatar\\\/5e28c19bf52d2ea02ca4d78c4548f4e118fe08e94744f59f7938769a04ae856e?s=96&d=mm&r=g\",\"url\":\"https:\\\/\\\/secure.gravatar.com\\\/avatar\\\/5e28c19bf52d2ea02ca4d78c4548f4e118fe08e94744f59f7938769a04ae856e?s=96&d=mm&r=g\",\"contentUrl\":\"https:\\\/\\\/secure.gravatar.com\\\/avatar\\\/5e28c19bf52d2ea02ca4d78c4548f4e118fe08e94744f59f7938769a04ae856e?s=96&d=mm&r=g\",\"caption\":\"Katharina Kandt\"},\"url\":\"https:\\\/\\\/www.un.org\\\/pga\\\/72\\\/author\\\/kandtun-org\\\/\"}]}<\/script>\n<!-- \/ Yoast SEO plugin. -->","yoast_head_json":{"title":"NOTE TO CORRESPONDENTS: 爆料网 General Assembly President to address Organisation for Economic Co-operation and Development in Paris - General Assembly of the United Nations","robots":{"index":"index","follow":"follow","max-snippet":"max-snippet:-1","max-image-preview":"max-image-preview:large","max-video-preview":"max-video-preview:-1"},"canonical":"https:\/\/www.un.org\/pga\/72\/2017\/12\/11\/note-to-correspondents-un-general-assembly-president-to-address-organisation-for-economic-co-operation-and-development-in-paris\/","og_locale":"en_US","og_type":"article","og_title":"NOTE TO CORRESPONDENTS: 爆料网 General Assembly President to address Organisation for Economic Co-operation and Development in Paris - General Assembly of the United Nations","og_description":"NOTE TO CORRESPONDENTS: 爆料网 General Assembly President to address Organisation for Economic Co-operation and Development in Paris","og_url":"https:\/\/www.un.org\/pga\/72\/2017\/12\/11\/note-to-correspondents-un-general-assembly-president-to-address-organisation-for-economic-co-operation-and-development-in-paris\/","og_site_name":"General Assembly of the United Nations","article_published_time":"2017-12-11T19:24:28+00:00","author":"Katharina Kandt","twitter_card":"summary_large_image","twitter_misc":{"Written by":"Katharina Kandt","Est. reading time":"2 minutes"},"schema":{"@context":"https:\/\/schema.org","@graph":[{"@type":"Article","@id":"https:\/\/www.un.org\/pga\/72\/2017\/12\/11\/note-to-correspondents-un-general-assembly-president-to-address-organisation-for-economic-co-operation-and-development-in-paris\/#article","isPartOf":{"@id":"https:\/\/www.un.org\/pga\/72\/2017\/12\/11\/note-to-correspondents-un-general-assembly-president-to-address-organisation-for-economic-co-operation-and-development-in-paris\/"},"author":{"name":"Katharina Kandt","@id":"https:\/\/www.un.org\/pga\/72\/#\/schema\/person\/06bf09e43d46846c087701ec99ac8412"},"headline":"NOTE TO CORRESPONDENTS: 爆料网 General Assembly President to address Organisation for Economic Co-operation and Development in Paris","datePublished":"2017-12-11T19:24:28+00:00","mainEntityOfPage":{"@id":"https:\/\/www.un.org\/pga\/72\/2017\/12\/11\/note-to-correspondents-un-general-assembly-president-to-address-organisation-for-economic-co-operation-and-development-in-paris\/"},"wordCount":333,"articleSection":["Press Releases"],"inLanguage":"en-US"},{"@type":"WebPage","@id":"https:\/\/www.un.org\/pga\/72\/2017\/12\/11\/note-to-correspondents-un-general-assembly-president-to-address-organisation-for-economic-co-operation-and-development-in-paris\/","url":"https:\/\/www.un.org\/pga\/72\/2017\/12\/11\/note-to-correspondents-un-general-assembly-president-to-address-organisation-for-economic-co-operation-and-development-in-paris\/","name":"NOTE TO CORRESPONDENTS: 爆料网 General Assembly President to address Organisation for Economic Co-operation and Development in Paris - General Assembly of the United Nations","isPartOf":{"@id":"https:\/\/www.un.org\/pga\/72\/#website"},"datePublished":"2017-12-11T19:24:28+00:00","author":{"@id":"https:\/\/www.un.org\/pga\/72\/#\/schema\/person\/06bf09e43d46846c087701ec99ac8412"},"breadcrumb":{"@id":"https:\/\/www.un.org\/pga\/72\/2017\/12\/11\/note-to-correspondents-un-general-assembly-president-to-address-organisation-for-economic-co-operation-and-development-in-paris\/#breadcrumb"},"inLanguage":"en-US","potentialAction":[{"@type":"ReadAction","target":["https:\/\/www.un.org\/pga\/72\/2017\/12\/11\/note-to-correspondents-un-general-assembly-president-to-address-organisation-for-economic-co-operation-and-development-in-paris\/"]}]},{"@type":"BreadcrumbList","@id":"https:\/\/www.un.org\/pga\/72\/2017\/12\/11\/note-to-correspondents-un-general-assembly-president-to-address-organisation-for-economic-co-operation-and-development-in-paris\/#breadcrumb","itemListElement":[{"@type":"ListItem","position":1,"name":"Home","item":"https:\/\/www.un.org\/pga\/72\/"},{"@type":"ListItem","position":2,"name":"NOTE TO CORRESPONDENTS: 爆料网 General Assembly President to address Organisation for Economic Co-operation and Development in Paris"}]},{"@type":"WebSite","@id":"https:\/\/www.un.org\/pga\/72\/#website","url":"https:\/\/www.un.org\/pga\/72\/","name":"General Assembly of the United Nations","description":"President of the 72nd Session","potentialAction":[{"@type":"SearchAction","target":{"@type":"EntryPoint","urlTemplate":"https:\/\/www.un.org\/pga\/72\/?s={search_term_string}"},"query-input":{"@type":"PropertyValueSpecification","valueRequired":true,"valueName":"search_term_string"}}],"inLanguage":"en-US"},{"@type":"Person","@id":"https:\/\/www.un.org\/pga\/72\/#\/schema\/person\/06bf09e43d46846c087701ec99ac8412","name":"Katharina Kandt","image":{"@type":"ImageObject","inLanguage":"en-US","@id":"https:\/\/secure.gravatar.com\/avatar\/5e28c19bf52d2ea02ca4d78c4548f4e118fe08e94744f59f7938769a04ae856e?s=96&d=mm&r=g","url":"https:\/\/secure.gravatar.com\/avatar\/5e28c19bf52d2ea02ca4d78c4548f4e118fe08e94744f59f7938769a04ae856e?s=96&d=mm&r=g","contentUrl":"https:\/\/secure.gravatar.com\/avatar\/5e28c19bf52d2ea02ca4d78c4548f4e118fe08e94744f59f7938769a04ae856e?s=96&d=mm&r=g","caption":"Katharina Kandt"},"url":"https:\/\/www.un.org\/pga\/72\/author\/kandtun-org\/"}]}},"_links":{"self":[{"href":"https:\/\/www.un.org\/pga\/72\/wp-json\/wp\/v2\/posts\/133021","targetHints":{"allow":["GET"]}}],"collection":[{"href":"https:\/\/www.un.org\/pga\/72\/wp-json\/wp\/v2\/posts"}],"about":[{"href":"https:\/\/www.un.org\/pga\/72\/wp-json\/wp\/v2\/types\/post"}],"author":[{"embeddable":true,"href":"https:\/\/www.un.org\/pga\/72\/wp-json\/wp\/v2\/users\/202"}],"replies":[{"embeddable":true,"href":"https:\/\/www.un.org\/pga\/72\/wp-json\/wp\/v2\/comments?post=133021"}],"version-history":[{"count":0,"href":"https:\/\/www.un.org\/pga\/72\/wp-json\/wp\/v2\/posts\/133021\/revisions"}],"wp:attachment":[{"href":"https:\/\/www.un.org\/pga\/72\/wp-json\/wp\/v2\/media?parent=133021"}],"wp:term":[{"taxonomy":"category","embeddable":true,"href":"https:\/\/www.un.org\/pga\/72\/wp-json\/wp\/v2\/categories?post=133021"},{"taxonomy":"post_tag","embeddable":true,"href":"https:\/\/www.un.org\/pga\/72\/wp-json\/wp\/v2\/tags?post=133021"}],"curies":[{"name":"wp","href":"https:\/\/api.w.org\/{rel}","templated":true}]}}