  {"id":132873,"date":"2017-12-07T13:43:17","date_gmt":"2017-12-07T18:43:17","guid":{"rendered":"http:\/\/www.un.org\/pga\/72\/?p=132873"},"modified":"2018-06-18T19:11:21","modified_gmt":"2018-06-18T23:11:21","slug":"highlights-of-press-briefing-by-spokesperson-7-december-2017","status":"publish","type":"post","link":"https:\/\/www.un.org\/pga\/72\/2017\/12\/07\/highlights-of-press-briefing-by-spokesperson-7-december-2017\/","title":{"rendered":"HIGHLIGHTS OF PRESS BRIEFING BY SPOKESPERSON \u2013 7 DECEMBER 2017"},"content":{"rendered":"<p>[et_pb_section bb_built=&#8221;1&#8243;][et_pb_row][et_pb_column type=&#8221;2_3&#8243;][et_pb_text _builder_version=&#8221;3.0.87&#8243; background_layout=&#8221;light&#8221; border_style=&#8221;solid&#8221;]<\/p>\n<h1><strong>HIGHLIGHTS OF PRESS BRIEFING BY BRENDEN VARMA,\u00a0<\/strong><strong>SPOKESPERSON FOR <\/strong><strong>GENERAL ASSEMBLY <\/strong><strong>PRESIDENT <\/strong><strong>MIROSLAV LAJ\u010c\u00c1K <\/strong><\/h1>\n<div class=\"post-meta vcard\">\n<p><strong>United Nations Headquarters, New York<\/strong><\/p>\n<p style=\"text-align: left\"><span class=\"updated\">07 December 2017<\/span><\/p>\n<p>&nbsp;<\/p>\n<\/div>\n<p>[\/et_pb_text][et_pb_text _builder_version=&#8221;3.0.87&#8243; background_layout=&#8221;light&#8221; border_style=&#8221;solid&#8221; border_style_all=&#8221;solid&#8221;]<\/p>\n<h3><strong>PRESIDENT ADDRESSES \u201cMOST COMPREHENSIVE AND INCLUSIVE INTERNATIONAL DISCUSSIONS ON MIGRATION IN HISTORY\u201d<\/strong><\/h3>\n<ul>\n<li>The President will return to New York today. Yesterday, he delivered <a href=\"\/pga\/72?p=132819\">closing remarks<\/a> to the General Assembly\u2019s stocktaking meeting on migration, which was held in Mexico.<\/li>\n<li>He said that, along with other gatherings related to the global compact on safe, orderly and regular migration, the Mexico meting represented \u201cthe most comprehensive and inclusive international discussions on migration in history.\u201d<\/li>\n<li>He also highlighted areas of agreement at the meeting. Those included the ideas that: the current response to international migration is unsustainable; that migration is a global phenomenon in need of an international response; that a credible follow-up mechanism is essential for implementing what was agreed upon; and that Member States will continue to determine their own migration policies.<\/li>\n<li>He said that negotiating the global compact, which would be the first of its kind, would be \u201ca test of the United Nations\u2019 capacity to respond to the most pressing global issues.\u201d<\/li>\n<li>While in Mexico, the President also met with the Director General of the International Organization for Migration (IOM), the President of the IOM Council, and civil society representatives.<\/li>\n<li>The Spokesperson was asked about how one could reconcile migration being handled as an international issue with the idea that different countries could still determine their own national policies. The Spokesperson replied that the point of the global compact was not meant to serve as a legally binding treaty or supersede national sovereignty. The goal was to arrive at a common global understanding of what migration means and how it should be addressed. Currently, no such understanding existed, and migration was being handled in a national and reactive fashion. The President felt that any steps toward understanding migration globally would be a step in the right direction and would help millions of people throughout the world who were on the move.<\/li>\n<\/ul>\n<p>&nbsp;<\/p>\n<h3><strong>ASSEMBLY CONSIDERS DRAFT RESOLUTIONS FROM SPECIAL POLITICAL &amp; LEGAL COMMITTEES<\/strong><\/h3>\n<ul>\n<li>The General Assembly met this morning and adopted all draft resolutions and decisions from the Fourth Committee, or Special Political and Decolonization Committee.<\/li>\n<li>This afternoon, it will consider drafts from the Sixth Committee, which handles legal matters.<\/li>\n<\/ul>\n<p><strong>\u00a0<\/strong><\/p>\n<h3><strong>PRESIDENT TO ADDRESS DIALOGUE ON PEACEBUILDING &amp; CONFLICT PREVENTION<\/strong><\/h3>\n<ul>\n<li>The President will speak at Columbia University tomorrow at an event entitled: \u201cSustaining Peace: Partnerships for Conflict Prevention and Peacebuilding.\u201d<\/li>\n<li>This is a United Nations-led dialogue with governments, the private sector, civil society, and academia.<\/li>\n<li>It is one of the events leading up to the President\u2019s high-level event on peacebuilding and sustaining peace, which he will convene in April 2018.<\/li>\n<li>Other United Nations participants tomorrow will include the Secretary-General\u2019s Chef de Cabinet, Ms. Maria Luiza Ribeiro Viotti, Assistant Secretary-General for Political Affairs Miroslav Jen\u010da, and Colombia\u2019s Permanent Representative to the United Nations, H.E. Ms. Mar\u00eda Emma Mej\u00eda V\u00e9lez.<\/li>\n<li>Tomorrow\u2019s event will take place from 9:30 am to 1:00 pm. All are invited to attend or watch via webcast. Registration and viewing details can be found <a href=\"https:\/\/www.eventbrite.com\/e\/sustaining-peace-partnerships-for-conflict-prevention-and-peacebuilding-tickets-39556691128?ref=enivtefor001&amp;invite=MTMxNzU3NDcvZWxpZi5jYWxpc2thbkB1bi5vcmcvMA%3D%3D&amp;utm_source=eb_email&amp;utm_medium=email&amp;utm_campaign=inviteformalv2&amp;utm_term=attend\">here<\/a>.<\/li>\n<\/ul>\n<p>&nbsp;<\/p>\n<h3><strong>GENERAL ASSEMBLY\u2019S POSITION ON JERUSALEM IS CLEAR<\/strong><\/h3>\n<ul>\n<li>Asked whether the President would be issuing a statement on Jerusalem, the Spokesperson replied that the position of the General Assembly on Jerusalem was already clear, as reflected in the <a href=\"https:\/\/undocs.org\/A\/72\/L.11\">resolution<\/a> it had adopted on 30 November.<\/li>\n<\/ul>\n<p>[\/et_pb_text][\/et_pb_column][et_pb_column type=&#8221;1_3&#8243;][et_pb_code admin_label=&#8221;BrightCove Video ShortCode&#8221; _builder_version=&#8221;3.6&#8243;]\n<!-- iframe plugin v.6.0 wordpress.org\/plugins\/iframe\/ -->\n<iframe width=\"&quot;100%&quot;\" height=\"&quot;180&quot;\" src scrolling=\"yes\" class=\"iframe-class\" frameborder=\"0\"><\/iframe>\n[\/et_pb_code][\/et_pb_column][\/et_pb_row][\/et_pb_section]<\/p>\n","protected":false},"excerpt":{"rendered":"<p>Highlights of press briefing by spokesperson Brenden Varma \u2013 7 December 2017<\/p>\n","protected":false},"author":204,"featured_media":0,"comment_status":"closed","ping_status":"closed","sticky":false,"template":"","format":"standard","meta":{"_et_pb_use_builder":"on","_et_pb_old_content":"","_et_gb_content_width":"","footnotes":"","_links_to":"","_links_to_target":""},"categories":[232],"tags":[],"class_list":["post-132873","post","type-post","status-publish","format-standard","hentry","category-spokespersons-briefings","et-doesnt-have-format-content","et_post_format-et-post-format-standard"],"yoast_head":"<!-- This site is optimized with the Yoast SEO plugin v28.3 - https:\/\/yoast.com\/product\/yoast-seo-wordpress\/ -->\n<title>HIGHLIGHTS OF PRESS BRIEFING BY SPOKESPERSON \u2013 7 DECEMBER 2017 - General Assembly of the United Nations<\/title>\n<meta name=\"robots\" content=\"index, follow, max-snippet:-1, max-image-preview:large, max-video-preview:-1\" \/>\n<link rel=\"canonical\" href=\"https:\/\/www.un.org\/pga\/72\/2017\/12\/07\/highlights-of-press-briefing-by-spokesperson-7-december-2017\/\" \/>\n<meta property=\"og:locale\" content=\"en_US\" \/>\n<meta property=\"og:type\" content=\"article\" \/>\n<meta property=\"og:title\" content=\"HIGHLIGHTS OF PRESS BRIEFING BY SPOKESPERSON \u2013 7 DECEMBER 2017 - General Assembly of the United Nations\" \/>\n<meta property=\"og:description\" content=\"Highlights of press briefing by spokesperson Brenden Varma \u2013 7 December 2017\" \/>\n<meta property=\"og:url\" content=\"https:\/\/www.un.org\/pga\/72\/2017\/12\/07\/highlights-of-press-briefing-by-spokesperson-7-december-2017\/\" \/>\n<meta property=\"og:site_name\" content=\"General Assembly of the United Nations\" \/>\n<meta property=\"article:published_time\" content=\"2017-12-07T18:43:17+00:00\" \/>\n<meta property=\"article:modified_time\" content=\"2018-06-18T23:11:21+00:00\" \/>\n<meta name=\"author\" content=\"Sharifa Yousef A. S. Alnesf\" \/>\n<meta name=\"twitter:card\" content=\"summary_large_image\" \/>\n<meta name=\"twitter:label1\" content=\"Written by\" \/>\n\t<meta name=\"twitter:data1\" content=\"Sharifa Yousef A. S. Alnesf\" \/>\n\t<meta name=\"twitter:label2\" content=\"Est. reading time\" \/>\n\t<meta name=\"twitter:data2\" content=\"3 minutes\" \/>\n<script type=\"application\/ld+json\" class=\"yoast-schema-graph\">{\"@context\":\"https:\\\/\\\/schema.org\",\"@graph\":[{\"@type\":\"Article\",\"@id\":\"https:\\\/\\\/www.un.org\\\/pga\\\/72\\\/2017\\\/12\\\/07\\\/highlights-of-press-briefing-by-spokesperson-7-december-2017\\\/#article\",\"isPartOf\":{\"@id\":\"https:\\\/\\\/www.un.org\\\/pga\\\/72\\\/2017\\\/12\\\/07\\\/highlights-of-press-briefing-by-spokesperson-7-december-2017\\\/\"},\"author\":{\"name\":\"Sharifa Yousef A. S. Alnesf\",\"@id\":\"https:\\\/\\\/www.un.org\\\/pga\\\/72\\\/#\\\/schema\\\/person\\\/e633fdf13420126ec19e8d7134a02096\"},\"headline\":\"HIGHLIGHTS OF PRESS BRIEFING BY SPOKESPERSON \u2013 7 DECEMBER 2017\",\"datePublished\":\"2017-12-07T18:43:17+00:00\",\"dateModified\":\"2018-06-18T23:11:21+00:00\",\"mainEntityOfPage\":{\"@id\":\"https:\\\/\\\/www.un.org\\\/pga\\\/72\\\/2017\\\/12\\\/07\\\/highlights-of-press-briefing-by-spokesperson-7-december-2017\\\/\"},\"wordCount\":669,\"articleSection\":[\"Spokesperson's Briefings\"],\"inLanguage\":\"en-US\"},{\"@type\":\"WebPage\",\"@id\":\"https:\\\/\\\/www.un.org\\\/pga\\\/72\\\/2017\\\/12\\\/07\\\/highlights-of-press-briefing-by-spokesperson-7-december-2017\\\/\",\"url\":\"https:\\\/\\\/www.un.org\\\/pga\\\/72\\\/2017\\\/12\\\/07\\\/highlights-of-press-briefing-by-spokesperson-7-december-2017\\\/\",\"name\":\"HIGHLIGHTS OF PRESS BRIEFING BY SPOKESPERSON \u2013 7 DECEMBER 2017 - General Assembly of the United Nations\",\"isPartOf\":{\"@id\":\"https:\\\/\\\/www.un.org\\\/pga\\\/72\\\/#website\"},\"datePublished\":\"2017-12-07T18:43:17+00:00\",\"dateModified\":\"2018-06-18T23:11:21+00:00\",\"author\":{\"@id\":\"https:\\\/\\\/www.un.org\\\/pga\\\/72\\\/#\\\/schema\\\/person\\\/e633fdf13420126ec19e8d7134a02096\"},\"breadcrumb\":{\"@id\":\"https:\\\/\\\/www.un.org\\\/pga\\\/72\\\/2017\\\/12\\\/07\\\/highlights-of-press-briefing-by-spokesperson-7-december-2017\\\/#breadcrumb\"},\"inLanguage\":\"en-US\",\"potentialAction\":[{\"@type\":\"ReadAction\",\"target\":[\"https:\\\/\\\/www.un.org\\\/pga\\\/72\\\/2017\\\/12\\\/07\\\/highlights-of-press-briefing-by-spokesperson-7-december-2017\\\/\"]}]},{\"@type\":\"BreadcrumbList\",\"@id\":\"https:\\\/\\\/www.un.org\\\/pga\\\/72\\\/2017\\\/12\\\/07\\\/highlights-of-press-briefing-by-spokesperson-7-december-2017\\\/#breadcrumb\",\"itemListElement\":[{\"@type\":\"ListItem\",\"position\":1,\"name\":\"Home\",\"item\":\"https:\\\/\\\/www.un.org\\\/pga\\\/72\\\/\"},{\"@type\":\"ListItem\",\"position\":2,\"name\":\"HIGHLIGHTS OF PRESS BRIEFING BY SPOKESPERSON \u2013 7 DECEMBER 2017\"}]},{\"@type\":\"WebSite\",\"@id\":\"https:\\\/\\\/www.un.org\\\/pga\\\/72\\\/#website\",\"url\":\"https:\\\/\\\/www.un.org\\\/pga\\\/72\\\/\",\"name\":\"General Assembly of the United Nations\",\"description\":\"President of the 72nd Session\",\"potentialAction\":[{\"@type\":\"SearchAction\",\"target\":{\"@type\":\"EntryPoint\",\"urlTemplate\":\"https:\\\/\\\/www.un.org\\\/pga\\\/72\\\/?s={search_term_string}\"},\"query-input\":{\"@type\":\"PropertyValueSpecification\",\"valueRequired\":true,\"valueName\":\"search_term_string\"}}],\"inLanguage\":\"en-US\"},{\"@type\":\"Person\",\"@id\":\"https:\\\/\\\/www.un.org\\\/pga\\\/72\\\/#\\\/schema\\\/person\\\/e633fdf13420126ec19e8d7134a02096\",\"name\":\"Sharifa Yousef A. S. Alnesf\",\"image\":{\"@type\":\"ImageObject\",\"inLanguage\":\"en-US\",\"@id\":\"https:\\\/\\\/secure.gravatar.com\\\/avatar\\\/73f99484ca19be10ca3c6435c54bb768f6eb290557b2df73e3f59ebf8691db89?s=96&d=mm&r=g\",\"url\":\"https:\\\/\\\/secure.gravatar.com\\\/avatar\\\/73f99484ca19be10ca3c6435c54bb768f6eb290557b2df73e3f59ebf8691db89?s=96&d=mm&r=g\",\"contentUrl\":\"https:\\\/\\\/secure.gravatar.com\\\/avatar\\\/73f99484ca19be10ca3c6435c54bb768f6eb290557b2df73e3f59ebf8691db89?s=96&d=mm&r=g\",\"caption\":\"Sharifa Yousef A. S. Alnesf\"},\"url\":\"https:\\\/\\\/www.un.org\\\/pga\\\/72\\\/author\\\/sharifa-alnesfun-org\\\/\"}]}<\/script>\n<!-- \/ Yoast SEO plugin. -->","yoast_head_json":{"title":"HIGHLIGHTS OF PRESS BRIEFING BY SPOKESPERSON \u2013 7 DECEMBER 2017 - General Assembly of the United Nations","robots":{"index":"index","follow":"follow","max-snippet":"max-snippet:-1","max-image-preview":"max-image-preview:large","max-video-preview":"max-video-preview:-1"},"canonical":"https:\/\/www.un.org\/pga\/72\/2017\/12\/07\/highlights-of-press-briefing-by-spokesperson-7-december-2017\/","og_locale":"en_US","og_type":"article","og_title":"HIGHLIGHTS OF PRESS BRIEFING BY SPOKESPERSON \u2013 7 DECEMBER 2017 - General Assembly of the United Nations","og_description":"Highlights of press briefing by spokesperson Brenden Varma \u2013 7 December 2017","og_url":"https:\/\/www.un.org\/pga\/72\/2017\/12\/07\/highlights-of-press-briefing-by-spokesperson-7-december-2017\/","og_site_name":"General Assembly of the United Nations","article_published_time":"2017-12-07T18:43:17+00:00","article_modified_time":"2018-06-18T23:11:21+00:00","author":"Sharifa Yousef A. S. Alnesf","twitter_card":"summary_large_image","twitter_misc":{"Written by":"Sharifa Yousef A. S. Alnesf","Est. reading time":"3 minutes"},"schema":{"@context":"https:\/\/schema.org","@graph":[{"@type":"Article","@id":"https:\/\/www.un.org\/pga\/72\/2017\/12\/07\/highlights-of-press-briefing-by-spokesperson-7-december-2017\/#article","isPartOf":{"@id":"https:\/\/www.un.org\/pga\/72\/2017\/12\/07\/highlights-of-press-briefing-by-spokesperson-7-december-2017\/"},"author":{"name":"Sharifa Yousef A. S. Alnesf","@id":"https:\/\/www.un.org\/pga\/72\/#\/schema\/person\/e633fdf13420126ec19e8d7134a02096"},"headline":"HIGHLIGHTS OF PRESS BRIEFING BY SPOKESPERSON \u2013 7 DECEMBER 2017","datePublished":"2017-12-07T18:43:17+00:00","dateModified":"2018-06-18T23:11:21+00:00","mainEntityOfPage":{"@id":"https:\/\/www.un.org\/pga\/72\/2017\/12\/07\/highlights-of-press-briefing-by-spokesperson-7-december-2017\/"},"wordCount":669,"articleSection":["Spokesperson's Briefings"],"inLanguage":"en-US"},{"@type":"WebPage","@id":"https:\/\/www.un.org\/pga\/72\/2017\/12\/07\/highlights-of-press-briefing-by-spokesperson-7-december-2017\/","url":"https:\/\/www.un.org\/pga\/72\/2017\/12\/07\/highlights-of-press-briefing-by-spokesperson-7-december-2017\/","name":"HIGHLIGHTS OF PRESS BRIEFING BY SPOKESPERSON \u2013 7 DECEMBER 2017 - General Assembly of the United Nations","isPartOf":{"@id":"https:\/\/www.un.org\/pga\/72\/#website"},"datePublished":"2017-12-07T18:43:17+00:00","dateModified":"2018-06-18T23:11:21+00:00","author":{"@id":"https:\/\/www.un.org\/pga\/72\/#\/schema\/person\/e633fdf13420126ec19e8d7134a02096"},"breadcrumb":{"@id":"https:\/\/www.un.org\/pga\/72\/2017\/12\/07\/highlights-of-press-briefing-by-spokesperson-7-december-2017\/#breadcrumb"},"inLanguage":"en-US","potentialAction":[{"@type":"ReadAction","target":["https:\/\/www.un.org\/pga\/72\/2017\/12\/07\/highlights-of-press-briefing-by-spokesperson-7-december-2017\/"]}]},{"@type":"BreadcrumbList","@id":"https:\/\/www.un.org\/pga\/72\/2017\/12\/07\/highlights-of-press-briefing-by-spokesperson-7-december-2017\/#breadcrumb","itemListElement":[{"@type":"ListItem","position":1,"name":"Home","item":"https:\/\/www.un.org\/pga\/72\/"},{"@type":"ListItem","position":2,"name":"HIGHLIGHTS OF PRESS BRIEFING BY SPOKESPERSON \u2013 7 DECEMBER 2017"}]},{"@type":"WebSite","@id":"https:\/\/www.un.org\/pga\/72\/#website","url":"https:\/\/www.un.org\/pga\/72\/","name":"General Assembly of the United Nations","description":"President of the 72nd Session","potentialAction":[{"@type":"SearchAction","target":{"@type":"EntryPoint","urlTemplate":"https:\/\/www.un.org\/pga\/72\/?s={search_term_string}"},"query-input":{"@type":"PropertyValueSpecification","valueRequired":true,"valueName":"search_term_string"}}],"inLanguage":"en-US"},{"@type":"Person","@id":"https:\/\/www.un.org\/pga\/72\/#\/schema\/person\/e633fdf13420126ec19e8d7134a02096","name":"Sharifa Yousef A. S. Alnesf","image":{"@type":"ImageObject","inLanguage":"en-US","@id":"https:\/\/secure.gravatar.com\/avatar\/73f99484ca19be10ca3c6435c54bb768f6eb290557b2df73e3f59ebf8691db89?s=96&d=mm&r=g","url":"https:\/\/secure.gravatar.com\/avatar\/73f99484ca19be10ca3c6435c54bb768f6eb290557b2df73e3f59ebf8691db89?s=96&d=mm&r=g","contentUrl":"https:\/\/secure.gravatar.com\/avatar\/73f99484ca19be10ca3c6435c54bb768f6eb290557b2df73e3f59ebf8691db89?s=96&d=mm&r=g","caption":"Sharifa Yousef A. S. Alnesf"},"url":"https:\/\/www.un.org\/pga\/72\/author\/sharifa-alnesfun-org\/"}]}},"_links":{"self":[{"href":"https:\/\/www.un.org\/pga\/72\/wp-json\/wp\/v2\/posts\/132873","targetHints":{"allow":["GET"]}}],"collection":[{"href":"https:\/\/www.un.org\/pga\/72\/wp-json\/wp\/v2\/posts"}],"about":[{"href":"https:\/\/www.un.org\/pga\/72\/wp-json\/wp\/v2\/types\/post"}],"author":[{"embeddable":true,"href":"https:\/\/www.un.org\/pga\/72\/wp-json\/wp\/v2\/users\/204"}],"replies":[{"embeddable":true,"href":"https:\/\/www.un.org\/pga\/72\/wp-json\/wp\/v2\/comments?post=132873"}],"version-history":[{"count":0,"href":"https:\/\/www.un.org\/pga\/72\/wp-json\/wp\/v2\/posts\/132873\/revisions"}],"wp:attachment":[{"href":"https:\/\/www.un.org\/pga\/72\/wp-json\/wp\/v2\/media?parent=132873"}],"wp:term":[{"taxonomy":"category","embeddable":true,"href":"https:\/\/www.un.org\/pga\/72\/wp-json\/wp\/v2\/categories?post=132873"},{"taxonomy":"post_tag","embeddable":true,"href":"https:\/\/www.un.org\/pga\/72\/wp-json\/wp\/v2\/tags?post=132873"}],"curies":[{"name":"wp","href":"https:\/\/api.w.org\/{rel}","templated":true}]}}