  {"id":127858,"date":"2017-10-27T14:57:38","date_gmt":"2017-10-27T18:57:38","guid":{"rendered":"http:\/\/www.un.org\/pga\/72\/?p=127858\/"},"modified":"2018-06-18T19:20:10","modified_gmt":"2018-06-18T23:20:10","slug":"highlights-of-press-briefing-by-spokesperson-27-october-2017","status":"publish","type":"post","link":"https:\/\/www.un.org\/pga\/72\/2017\/10\/27\/highlights-of-press-briefing-by-spokesperson-27-october-2017\/","title":{"rendered":"Highlights of press briefing by spokesperson \u2013 27 October 2017"},"content":{"rendered":"<p>[et_pb_section bb_built=&#8221;1&#8243;][et_pb_row][et_pb_column type=&#8221;2_3&#8243;][et_pb_text _builder_version=&#8221;3.0.69&#8243; background_layout=&#8221;light&#8221; text_orientation=&#8221;left&#8221; border_style=&#8221;solid&#8221;]<\/p>\n<h1><strong>HIGHLIGHTS OF PRESS BRIEFING BY BRENDEN VARMA,\u00a0<\/strong><strong>SPOKESPERSON FOR <\/strong><strong>GENERAL ASSEMBLY <\/strong><strong>PRESIDENT <\/strong><strong>MIROSLAV LAJ\u010c\u00c1K <\/strong><\/h1>\n<div class=\"post-meta vcard\">\n<p><strong>United Nations Headquarters, New York<\/strong><\/p>\n<p style=\"text-align: left\"><span class=\"updated\">27 October 2017<\/span><\/p>\n<p>&nbsp;<\/p>\n<\/div>\n<p>[\/et_pb_text][et_pb_text _builder_version=&#8221;3.0.69&#8243; background_layout=&#8221;light&#8221; text_orientation=&#8221;left&#8221; border_style=&#8221;solid&#8221;]<\/p>\n<h3><strong>WORLD MUST SUPPORT COLOMBIAN PEACE PROCESS, PRESIDENT TELLS COLOMBIAN FOREIGN MINISTER<\/strong><\/h3>\n<ul>\n<li>The President met this morning with the <a href=\"http:\/\/www.un.org\/pga\/72\/2017\/10\/27\/meeting-with-minister-of-foreign-affairs-of-colombia\/\">Foreign Minister of Colombia, H.E. Mar\u00eda \u00c1ngela Holgu\u00edn Cu\u00e9llar<\/a>.<\/li>\n<li>They exchanged views on Colombia\u2019s experience with respect to peacemaking. The President underlined the inspiring nature of the peace process in Colombia, and encouraged all parties to remain committed to it as the country moves towards reintegrating former FARC-EP members into civilian life.<\/li>\n<li>The President emphasized that the international community must remain united in supporting Colombia in the implementation of the peace process.<\/li>\n<li>They also discussed current developments in the region.<\/li>\n<\/ul>\n<p>&nbsp;<\/p>\n<h3><strong>PRESIDENT HIGHLIGHTS SIGNIFICANCE OF I.C.C. AHEAD OF ASSEMBLY MEETING<\/strong><\/h3>\n<ul>\n<li>The President of the General Assembly today met with the <a href=\"http:\/\/www.un.org\/pga\/72\/2017\/10\/27\/meeting-with-president-of-the-international-criminal-court\/\">President of the International Criminal Court (ICC), Judge Silvia Fern\u00e1ndez de Gurmendi<\/a>. They discussed the activities of the Court over the last year.<\/li>\n<li>President Laj\u010d\u00e1k underlined the important role of the ICC in the international system and its contribution to strengthening accountability, protecting human rights and promoting the rule of law.<\/li>\n<li>The General Assembly will consider the annual report of the International Criminal Court on Monday, 31 October 2017.<\/li>\n<\/ul>\n<p>&nbsp;<\/p>\n<h3><strong>PRESIDENT PRAISES NEPAL FOR CONTRIBUTIONS TO U.N. PEACEKEEPING<\/strong><\/h3>\n<ul>\n<li>The President met today with <a href=\"http:\/\/www.un.org\/pga\/72\/2017\/10\/27\/meeting-with-foreign-secretary-of-nepal\/\">E. Mr. Shankar Das Bairagi,\u00a0Foreign Secretary of Nepal<\/a>. They discussed issues related to migration, peace, sustainable development, and United Nations reform.<\/li>\n<li>The President commended Nepal for its active role within the United Nations, including in relation to the Least Developed Countries\u00a0(LDCs) and Landlocked Developing Countries\u00a0(LLDCs).<\/li>\n<li>The President encouraged Nepal to actively participate in the events that he would be organizing during the 72nd session, including on sustaining peace, water, financing for development, youth and migration.<\/li>\n<li>President Laj\u010d\u00e1k also praised Nepal\u2019s strong commitment to multilateralism and the United Nations, noting the country\u2019s significant contributions to United Nations peacekeeping operations.<\/li>\n<\/ul>\n<p>[\/et_pb_text][\/et_pb_column][et_pb_column type=&#8221;1_3&#8243;][et_pb_code admin_label=&#8221;BrightCove Video ShortCode&#8221; _builder_version=&#8221;3.6&#8243;]\n<!-- iframe plugin v.6.0 wordpress.org\/plugins\/iframe\/ -->\n<iframe width=\"&quot;100%&quot;\" height=\"&quot;180&quot;\" src scrolling=\"yes\" class=\"iframe-class\" frameborder=\"0\"><\/iframe>\n&lt;!&#8211; [et_pb_line_break_holder] &#8211;&gt;[\/et_pb_code][\/et_pb_column][\/et_pb_row][\/et_pb_section]<\/p>\n","protected":false},"excerpt":{"rendered":"<p>Highlights of press briefing by spokesperson Brenden Varma \u2013 27 October 2017<\/p>\n","protected":false},"author":202,"featured_media":0,"comment_status":"closed","ping_status":"closed","sticky":false,"template":"","format":"standard","meta":{"_et_pb_use_builder":"on","_et_pb_old_content":"","_et_gb_content_width":"","footnotes":"","_links_to":"","_links_to_target":""},"categories":[232],"tags":[],"class_list":["post-127858","post","type-post","status-publish","format-standard","hentry","category-spokespersons-briefings","et-doesnt-have-format-content","et_post_format-et-post-format-standard"],"yoast_head":"<!-- This site is optimized with the Yoast SEO plugin v28.3 - https:\/\/yoast.com\/product\/yoast-seo-wordpress\/ -->\n<title>Highlights of press briefing by spokesperson \u2013 27 October 2017 - General Assembly of the United Nations<\/title>\n<meta name=\"robots\" content=\"index, follow, max-snippet:-1, max-image-preview:large, max-video-preview:-1\" \/>\n<link rel=\"canonical\" href=\"https:\/\/www.un.org\/pga\/72\/2017\/10\/27\/highlights-of-press-briefing-by-spokesperson-27-october-2017\/\" \/>\n<meta property=\"og:locale\" content=\"en_US\" \/>\n<meta property=\"og:type\" content=\"article\" \/>\n<meta property=\"og:title\" content=\"Highlights of press briefing by spokesperson \u2013 27 October 2017 - General Assembly of the United Nations\" \/>\n<meta property=\"og:description\" content=\"Highlights of press briefing by spokesperson Brenden Varma \u2013 27 October 2017\" \/>\n<meta property=\"og:url\" content=\"https:\/\/www.un.org\/pga\/72\/2017\/10\/27\/highlights-of-press-briefing-by-spokesperson-27-october-2017\/\" \/>\n<meta property=\"og:site_name\" content=\"General Assembly of the United Nations\" \/>\n<meta property=\"article:published_time\" content=\"2017-10-27T18:57:38+00:00\" \/>\n<meta property=\"article:modified_time\" content=\"2018-06-18T23:20:10+00:00\" \/>\n<meta name=\"author\" content=\"Katharina Kandt\" \/>\n<meta name=\"twitter:card\" content=\"summary_large_image\" \/>\n<meta name=\"twitter:label1\" content=\"Written by\" \/>\n\t<meta name=\"twitter:data1\" content=\"Katharina Kandt\" \/>\n\t<meta name=\"twitter:label2\" content=\"Est. reading time\" \/>\n\t<meta name=\"twitter:data2\" content=\"2 minutes\" \/>\n<script type=\"application\/ld+json\" class=\"yoast-schema-graph\">{\"@context\":\"https:\\\/\\\/schema.org\",\"@graph\":[{\"@type\":\"Article\",\"@id\":\"https:\\\/\\\/www.un.org\\\/pga\\\/72\\\/2017\\\/10\\\/27\\\/highlights-of-press-briefing-by-spokesperson-27-october-2017\\\/#article\",\"isPartOf\":{\"@id\":\"https:\\\/\\\/www.un.org\\\/pga\\\/72\\\/2017\\\/10\\\/27\\\/highlights-of-press-briefing-by-spokesperson-27-october-2017\\\/\"},\"author\":{\"name\":\"Katharina Kandt\",\"@id\":\"https:\\\/\\\/www.un.org\\\/pga\\\/72\\\/#\\\/schema\\\/person\\\/06bf09e43d46846c087701ec99ac8412\"},\"headline\":\"Highlights of press briefing by spokesperson \u2013 27 October 2017\",\"datePublished\":\"2017-10-27T18:57:38+00:00\",\"dateModified\":\"2018-06-18T23:20:10+00:00\",\"mainEntityOfPage\":{\"@id\":\"https:\\\/\\\/www.un.org\\\/pga\\\/72\\\/2017\\\/10\\\/27\\\/highlights-of-press-briefing-by-spokesperson-27-october-2017\\\/\"},\"wordCount\":447,\"articleSection\":[\"Spokesperson's Briefings\"],\"inLanguage\":\"en-US\"},{\"@type\":\"WebPage\",\"@id\":\"https:\\\/\\\/www.un.org\\\/pga\\\/72\\\/2017\\\/10\\\/27\\\/highlights-of-press-briefing-by-spokesperson-27-october-2017\\\/\",\"url\":\"https:\\\/\\\/www.un.org\\\/pga\\\/72\\\/2017\\\/10\\\/27\\\/highlights-of-press-briefing-by-spokesperson-27-october-2017\\\/\",\"name\":\"Highlights of press briefing by spokesperson \u2013 27 October 2017 - General Assembly of the United Nations\",\"isPartOf\":{\"@id\":\"https:\\\/\\\/www.un.org\\\/pga\\\/72\\\/#website\"},\"datePublished\":\"2017-10-27T18:57:38+00:00\",\"dateModified\":\"2018-06-18T23:20:10+00:00\",\"author\":{\"@id\":\"https:\\\/\\\/www.un.org\\\/pga\\\/72\\\/#\\\/schema\\\/person\\\/06bf09e43d46846c087701ec99ac8412\"},\"breadcrumb\":{\"@id\":\"https:\\\/\\\/www.un.org\\\/pga\\\/72\\\/2017\\\/10\\\/27\\\/highlights-of-press-briefing-by-spokesperson-27-october-2017\\\/#breadcrumb\"},\"inLanguage\":\"en-US\",\"potentialAction\":[{\"@type\":\"ReadAction\",\"target\":[\"https:\\\/\\\/www.un.org\\\/pga\\\/72\\\/2017\\\/10\\\/27\\\/highlights-of-press-briefing-by-spokesperson-27-october-2017\\\/\"]}]},{\"@type\":\"BreadcrumbList\",\"@id\":\"https:\\\/\\\/www.un.org\\\/pga\\\/72\\\/2017\\\/10\\\/27\\\/highlights-of-press-briefing-by-spokesperson-27-october-2017\\\/#breadcrumb\",\"itemListElement\":[{\"@type\":\"ListItem\",\"position\":1,\"name\":\"Home\",\"item\":\"https:\\\/\\\/www.un.org\\\/pga\\\/72\\\/\"},{\"@type\":\"ListItem\",\"position\":2,\"name\":\"Highlights of press briefing by spokesperson \u2013 27 October 2017\"}]},{\"@type\":\"WebSite\",\"@id\":\"https:\\\/\\\/www.un.org\\\/pga\\\/72\\\/#website\",\"url\":\"https:\\\/\\\/www.un.org\\\/pga\\\/72\\\/\",\"name\":\"General Assembly of the United Nations\",\"description\":\"President of the 72nd Session\",\"potentialAction\":[{\"@type\":\"SearchAction\",\"target\":{\"@type\":\"EntryPoint\",\"urlTemplate\":\"https:\\\/\\\/www.un.org\\\/pga\\\/72\\\/?s={search_term_string}\"},\"query-input\":{\"@type\":\"PropertyValueSpecification\",\"valueRequired\":true,\"valueName\":\"search_term_string\"}}],\"inLanguage\":\"en-US\"},{\"@type\":\"Person\",\"@id\":\"https:\\\/\\\/www.un.org\\\/pga\\\/72\\\/#\\\/schema\\\/person\\\/06bf09e43d46846c087701ec99ac8412\",\"name\":\"Katharina Kandt\",\"image\":{\"@type\":\"ImageObject\",\"inLanguage\":\"en-US\",\"@id\":\"https:\\\/\\\/secure.gravatar.com\\\/avatar\\\/5e28c19bf52d2ea02ca4d78c4548f4e118fe08e94744f59f7938769a04ae856e?s=96&d=mm&r=g\",\"url\":\"https:\\\/\\\/secure.gravatar.com\\\/avatar\\\/5e28c19bf52d2ea02ca4d78c4548f4e118fe08e94744f59f7938769a04ae856e?s=96&d=mm&r=g\",\"contentUrl\":\"https:\\\/\\\/secure.gravatar.com\\\/avatar\\\/5e28c19bf52d2ea02ca4d78c4548f4e118fe08e94744f59f7938769a04ae856e?s=96&d=mm&r=g\",\"caption\":\"Katharina Kandt\"},\"url\":\"https:\\\/\\\/www.un.org\\\/pga\\\/72\\\/author\\\/kandtun-org\\\/\"}]}<\/script>\n<!-- \/ Yoast SEO plugin. -->","yoast_head_json":{"title":"Highlights of press briefing by spokesperson \u2013 27 October 2017 - General Assembly of the United Nations","robots":{"index":"index","follow":"follow","max-snippet":"max-snippet:-1","max-image-preview":"max-image-preview:large","max-video-preview":"max-video-preview:-1"},"canonical":"https:\/\/www.un.org\/pga\/72\/2017\/10\/27\/highlights-of-press-briefing-by-spokesperson-27-october-2017\/","og_locale":"en_US","og_type":"article","og_title":"Highlights of press briefing by spokesperson \u2013 27 October 2017 - General Assembly of the United Nations","og_description":"Highlights of press briefing by spokesperson Brenden Varma \u2013 27 October 2017","og_url":"https:\/\/www.un.org\/pga\/72\/2017\/10\/27\/highlights-of-press-briefing-by-spokesperson-27-october-2017\/","og_site_name":"General Assembly of the United Nations","article_published_time":"2017-10-27T18:57:38+00:00","article_modified_time":"2018-06-18T23:20:10+00:00","author":"Katharina Kandt","twitter_card":"summary_large_image","twitter_misc":{"Written by":"Katharina Kandt","Est. reading time":"2 minutes"},"schema":{"@context":"https:\/\/schema.org","@graph":[{"@type":"Article","@id":"https:\/\/www.un.org\/pga\/72\/2017\/10\/27\/highlights-of-press-briefing-by-spokesperson-27-october-2017\/#article","isPartOf":{"@id":"https:\/\/www.un.org\/pga\/72\/2017\/10\/27\/highlights-of-press-briefing-by-spokesperson-27-october-2017\/"},"author":{"name":"Katharina Kandt","@id":"https:\/\/www.un.org\/pga\/72\/#\/schema\/person\/06bf09e43d46846c087701ec99ac8412"},"headline":"Highlights of press briefing by spokesperson \u2013 27 October 2017","datePublished":"2017-10-27T18:57:38+00:00","dateModified":"2018-06-18T23:20:10+00:00","mainEntityOfPage":{"@id":"https:\/\/www.un.org\/pga\/72\/2017\/10\/27\/highlights-of-press-briefing-by-spokesperson-27-october-2017\/"},"wordCount":447,"articleSection":["Spokesperson's Briefings"],"inLanguage":"en-US"},{"@type":"WebPage","@id":"https:\/\/www.un.org\/pga\/72\/2017\/10\/27\/highlights-of-press-briefing-by-spokesperson-27-october-2017\/","url":"https:\/\/www.un.org\/pga\/72\/2017\/10\/27\/highlights-of-press-briefing-by-spokesperson-27-october-2017\/","name":"Highlights of press briefing by spokesperson \u2013 27 October 2017 - General Assembly of the United Nations","isPartOf":{"@id":"https:\/\/www.un.org\/pga\/72\/#website"},"datePublished":"2017-10-27T18:57:38+00:00","dateModified":"2018-06-18T23:20:10+00:00","author":{"@id":"https:\/\/www.un.org\/pga\/72\/#\/schema\/person\/06bf09e43d46846c087701ec99ac8412"},"breadcrumb":{"@id":"https:\/\/www.un.org\/pga\/72\/2017\/10\/27\/highlights-of-press-briefing-by-spokesperson-27-october-2017\/#breadcrumb"},"inLanguage":"en-US","potentialAction":[{"@type":"ReadAction","target":["https:\/\/www.un.org\/pga\/72\/2017\/10\/27\/highlights-of-press-briefing-by-spokesperson-27-october-2017\/"]}]},{"@type":"BreadcrumbList","@id":"https:\/\/www.un.org\/pga\/72\/2017\/10\/27\/highlights-of-press-briefing-by-spokesperson-27-october-2017\/#breadcrumb","itemListElement":[{"@type":"ListItem","position":1,"name":"Home","item":"https:\/\/www.un.org\/pga\/72\/"},{"@type":"ListItem","position":2,"name":"Highlights of press briefing by spokesperson \u2013 27 October 2017"}]},{"@type":"WebSite","@id":"https:\/\/www.un.org\/pga\/72\/#website","url":"https:\/\/www.un.org\/pga\/72\/","name":"General Assembly of the United Nations","description":"President of the 72nd Session","potentialAction":[{"@type":"SearchAction","target":{"@type":"EntryPoint","urlTemplate":"https:\/\/www.un.org\/pga\/72\/?s={search_term_string}"},"query-input":{"@type":"PropertyValueSpecification","valueRequired":true,"valueName":"search_term_string"}}],"inLanguage":"en-US"},{"@type":"Person","@id":"https:\/\/www.un.org\/pga\/72\/#\/schema\/person\/06bf09e43d46846c087701ec99ac8412","name":"Katharina Kandt","image":{"@type":"ImageObject","inLanguage":"en-US","@id":"https:\/\/secure.gravatar.com\/avatar\/5e28c19bf52d2ea02ca4d78c4548f4e118fe08e94744f59f7938769a04ae856e?s=96&d=mm&r=g","url":"https:\/\/secure.gravatar.com\/avatar\/5e28c19bf52d2ea02ca4d78c4548f4e118fe08e94744f59f7938769a04ae856e?s=96&d=mm&r=g","contentUrl":"https:\/\/secure.gravatar.com\/avatar\/5e28c19bf52d2ea02ca4d78c4548f4e118fe08e94744f59f7938769a04ae856e?s=96&d=mm&r=g","caption":"Katharina Kandt"},"url":"https:\/\/www.un.org\/pga\/72\/author\/kandtun-org\/"}]}},"_links":{"self":[{"href":"https:\/\/www.un.org\/pga\/72\/wp-json\/wp\/v2\/posts\/127858","targetHints":{"allow":["GET"]}}],"collection":[{"href":"https:\/\/www.un.org\/pga\/72\/wp-json\/wp\/v2\/posts"}],"about":[{"href":"https:\/\/www.un.org\/pga\/72\/wp-json\/wp\/v2\/types\/post"}],"author":[{"embeddable":true,"href":"https:\/\/www.un.org\/pga\/72\/wp-json\/wp\/v2\/users\/202"}],"replies":[{"embeddable":true,"href":"https:\/\/www.un.org\/pga\/72\/wp-json\/wp\/v2\/comments?post=127858"}],"version-history":[{"count":0,"href":"https:\/\/www.un.org\/pga\/72\/wp-json\/wp\/v2\/posts\/127858\/revisions"}],"wp:attachment":[{"href":"https:\/\/www.un.org\/pga\/72\/wp-json\/wp\/v2\/media?parent=127858"}],"wp:term":[{"taxonomy":"category","embeddable":true,"href":"https:\/\/www.un.org\/pga\/72\/wp-json\/wp\/v2\/categories?post=127858"},{"taxonomy":"post_tag","embeddable":true,"href":"https:\/\/www.un.org\/pga\/72\/wp-json\/wp\/v2\/tags?post=127858"}],"curies":[{"name":"wp","href":"https:\/\/api.w.org\/{rel}","templated":true}]}}