  {"id":122223,"date":"2017-09-27T19:02:47","date_gmt":"2017-09-27T23:02:47","guid":{"rendered":"http:\/\/www.un.org\/pga\/72\/?p=122223\/"},"modified":"2018-06-18T19:27:40","modified_gmt":"2018-06-18T23:27:40","slug":"highlights-of-press-briefing-by-spokesperson-27-september-2017","status":"publish","type":"post","link":"https:\/\/www.un.org\/pga\/72\/2017\/09\/27\/highlights-of-press-briefing-by-spokesperson-27-september-2017\/","title":{"rendered":"Highlights of press briefing by spokesperson &#8211; 27 September 2017"},"content":{"rendered":"<p>[et_pb_section bb_built=&#8221;1&#8243;][et_pb_row][et_pb_column type=&#8221;2_3&#8243;][et_pb_text _builder_version=&#8221;3.0.69&#8243; background_layout=&#8221;light&#8221; text_orientation=&#8221;left&#8221; border_style=&#8221;solid&#8221; background_position=&#8221;top_left&#8221; background_repeat=&#8221;repeat&#8221; background_size=&#8221;initial&#8221;]<\/p>\n<h1><strong>HIGHLIGHTS OF PRESS BRIEFING BY BRENDEN VARMA,\u00a0<\/strong><strong>SPOKESPERSON FOR <\/strong><strong>GENERAL ASSEMBLY <\/strong><strong>PRESIDENT <\/strong><strong>MIROSLAV LAJ\u010c\u00c1K <\/strong><\/h1>\n<div class=\"post-meta vcard\">\n<p><strong>United Nations Headquarters, New York<\/strong><\/p>\n<p style=\"text-align: left\"><span class=\"updated\">27 September 2017<\/span><\/p>\n<\/div>\n<p>[\/et_pb_text][et_pb_text _builder_version=&#8221;3.0.69&#8243; background_layout=&#8221;light&#8221; text_orientation=&#8221;left&#8221; border_style=&#8221;solid&#8221; background_position=&#8221;top_left&#8221; background_repeat=&#8221;repeat&#8221; background_size=&#8221;initial&#8221;]<\/p>\n<p>&nbsp;<\/p>\n<p><strong>PRESIDENT OPENS HIGH-LEVEL MEETING ON HUMAN TRAFFICKING<\/strong><\/p>\n<ul>\n<li>This morning the President opened and delivered <a href=\"http:\/\/www.un.org\/pga\/72\/2017\/09\/27\/global-plan-of-action-to-combat-trafficking-in-persons-2\/\">remarks<\/a> to the high-level <a href=\"http:\/\/www.un.org\/pga\/72\/event-latest\/global-plan-of-action-to-combat-trafficking-in-persons\/\">meeting<\/a> of the General Assembly on the appraisal of the United Nations Global Plan of Action to Combat Trafficking in Persons.<\/li>\n<li>The meeting aims to appraise progress achieved in the implementation of the Global Plan of Action. Today it adopted a political declaration as an outcome document.<\/li>\n<li>Among other things, the 2010 Global Plan aims to help Member States to reinforce their political commitments and legal obligations to prevent and combat trafficking in persons.<\/li>\n<li>Additional speakers this morning included the Secretary-General; Yury Fedotov, Executive Director of the United Nations Office on Drugs and Crime (±¬ÁÏÍøODC); actress and ±¬ÁÏÍøODC Goodwill Ambassador Mira Sorvino; and South African activist and human trafficking survivor Grizelda Grootboom. The President later met separately with Ms. Grootboom and Ms. Sorvino in his office.<\/li>\n<li>There are plenary meetings being held on 27 and 28 September \u2013 as well as two interactive panel discussions this afternoon.<\/li>\n<\/ul>\n<p>&nbsp;<\/p>\n<p><strong>PRESIDENT WELCOMES NEW COLOMBIA MISSION<\/strong><\/p>\n<ul>\n<li>On Twitter today, the President warmly welcomed the new mandate of the United Nations Verification Mission in Colombia.<\/li>\n<li>He tweeted, \u201cArms were collected, and now it\u2019s time to further strengthen peace throughout Colombia.\u201d He can be followed on Twitter at: <a href=\"https:\/\/twitter.com\/±¬ÁÏÍø_PGA\">±¬ÁÏÍø_PGA<\/a>.<\/li>\n<\/ul>\n<p>&nbsp;<\/p>\n<p><strong>PRESIDENT DISCUSSES MIDEAST DYNAMICS WITH IRANIAN FOREIGN MINISTER<\/strong><\/p>\n<ul>\n<li>The President held a bilateral meeting today with the Foreign Minister of Iran, H.E. Mr. Mohammad Javad Zarif. The Spokesperson later noted that multilateralism was addressed during the meeting.<\/li>\n<li>The discussion also focused on the dynamics in the broader Middle East region.<\/li>\n<\/ul>\n<p>&nbsp;<\/p>\n<p><strong>NEW ADVISORY TEAM NAMED<\/strong><\/p>\n<ul>\n<li>At his <a href=\"http:\/\/www.un.org\/pga\/72\/2017\/09\/26\/transcript-first-press-conference-by-the-president-of-the-general-assembly\/\">press conference<\/a> on 26 September, the President announced that he had formed a new Team of External Advisors. Their role will be to advise him on how best to advance his priorities for the General Assembly\u2019s 72nd session.<\/li>\n<li>The 15 advisors are as follows: Antonio de Aguiar Patriota; Amina Mohamed; Carl Bildt; Carlos Lopes; Francisco Jos\u00e9 Pereira Pinto de Balsem\u00e3o; Igor Ivanov; Irina Bokova; Jean-Marie Gu\u00e9henno; Jeffrey Sachs; Jos\u00e9 Ramos Horta; Karen Donfried; Kishore Mahbubani; Marty Natalegawa; Nik Gowing; and Susana Malcorra.<\/li>\n<li>Asked how the President would interact with the Team of External Advisors and how they would be compensated for their work, the Spokesperson said that there would be an initial meeting in October in New York for all team members who were able to travel at that time. Also, since the members were based in different parts of the world, the President would meet with them during his international travels, as well as in New York, on an ad hoc basis. Regarding compensation, they would work pro bono, without salaries, and their travel to New York would be funded from the Trust Fund of the Office of the President of the General Assembly.<\/li>\n<li>Asked how the experts were chosen and why there were no Arabs on the team, the Spokesperson said they were selected based on their areas of expertise, and they represented a wide cross-section of the globe.<\/li>\n<li>On the question of Arab participation, he later added that this list only contained the names of those who had already confirmed their interest and availability. Invitations had indeed been sent to Arab personalities. However, none of those invitees had been able to confirm their availability yet. Therefore, the list was not final and could grow, as more invitees confirmed their participation.<\/li>\n<\/ul>\n<p>[\/et_pb_text][\/et_pb_column][et_pb_column type=&#8221;1_3&#8243;][et_pb_code admin_label=&#8221;BrightCove Video ShortCode&#8221; _builder_version=&#8221;3.6&#8243;]\n<!-- iframe plugin v.6.0 wordpress.org\/plugins\/iframe\/ -->\n<iframe width=\"&quot;100%&quot;\" height=\"&quot;180&quot;\" src scrolling=\"yes\" class=\"iframe-class\" frameborder=\"0\"><\/iframe>\n[\/et_pb_code][\/et_pb_column][\/et_pb_row][\/et_pb_section]<\/p>\n","protected":false},"excerpt":{"rendered":"<p>Highlights of press briefing by spokesperson Brenden Varma &#8211; 27 September 2017<\/p>\n","protected":false},"author":202,"featured_media":0,"comment_status":"closed","ping_status":"closed","sticky":false,"template":"","format":"standard","meta":{"_et_pb_use_builder":"on","_et_pb_old_content":"","_et_gb_content_width":"","footnotes":"","_links_to":"","_links_to_target":""},"categories":[232],"tags":[],"class_list":["post-122223","post","type-post","status-publish","format-standard","hentry","category-spokespersons-briefings","et-doesnt-have-format-content","et_post_format-et-post-format-standard"],"yoast_head":"<!-- This site is optimized with the Yoast SEO plugin v28.3 - https:\/\/yoast.com\/product\/yoast-seo-wordpress\/ -->\n<title>Highlights of press briefing by spokesperson - 27 September 2017 - General Assembly of the United Nations<\/title>\n<meta name=\"robots\" content=\"index, follow, max-snippet:-1, max-image-preview:large, max-video-preview:-1\" \/>\n<link rel=\"canonical\" href=\"https:\/\/www.un.org\/pga\/72\/2017\/09\/27\/highlights-of-press-briefing-by-spokesperson-27-september-2017\/\" \/>\n<meta property=\"og:locale\" content=\"en_US\" \/>\n<meta property=\"og:type\" content=\"article\" \/>\n<meta property=\"og:title\" content=\"Highlights of press briefing by spokesperson - 27 September 2017 - General Assembly of the United Nations\" \/>\n<meta property=\"og:description\" content=\"Highlights of press briefing by spokesperson Brenden Varma - 27 September 2017\" \/>\n<meta property=\"og:url\" content=\"https:\/\/www.un.org\/pga\/72\/2017\/09\/27\/highlights-of-press-briefing-by-spokesperson-27-september-2017\/\" \/>\n<meta property=\"og:site_name\" content=\"General Assembly of the United Nations\" \/>\n<meta property=\"article:published_time\" content=\"2017-09-27T23:02:47+00:00\" \/>\n<meta property=\"article:modified_time\" content=\"2018-06-18T23:27:40+00:00\" \/>\n<meta name=\"author\" content=\"Katharina Kandt\" \/>\n<meta name=\"twitter:card\" content=\"summary_large_image\" \/>\n<meta name=\"twitter:label1\" content=\"Written by\" \/>\n\t<meta name=\"twitter:data1\" content=\"Katharina Kandt\" \/>\n\t<meta name=\"twitter:label2\" content=\"Est. reading time\" \/>\n\t<meta name=\"twitter:data2\" content=\"4 minutes\" \/>\n<script type=\"application\/ld+json\" class=\"yoast-schema-graph\">{\"@context\":\"https:\\\/\\\/schema.org\",\"@graph\":[{\"@type\":\"Article\",\"@id\":\"https:\\\/\\\/www.un.org\\\/pga\\\/72\\\/2017\\\/09\\\/27\\\/highlights-of-press-briefing-by-spokesperson-27-september-2017\\\/#article\",\"isPartOf\":{\"@id\":\"https:\\\/\\\/www.un.org\\\/pga\\\/72\\\/2017\\\/09\\\/27\\\/highlights-of-press-briefing-by-spokesperson-27-september-2017\\\/\"},\"author\":{\"name\":\"Katharina Kandt\",\"@id\":\"https:\\\/\\\/www.un.org\\\/pga\\\/72\\\/#\\\/schema\\\/person\\\/06bf09e43d46846c087701ec99ac8412\"},\"headline\":\"Highlights of press briefing by spokesperson &#8211; 27 September 2017\",\"datePublished\":\"2017-09-27T23:02:47+00:00\",\"dateModified\":\"2018-06-18T23:27:40+00:00\",\"mainEntityOfPage\":{\"@id\":\"https:\\\/\\\/www.un.org\\\/pga\\\/72\\\/2017\\\/09\\\/27\\\/highlights-of-press-briefing-by-spokesperson-27-september-2017\\\/\"},\"wordCount\":709,\"articleSection\":[\"Spokesperson's Briefings\"],\"inLanguage\":\"en-US\"},{\"@type\":\"WebPage\",\"@id\":\"https:\\\/\\\/www.un.org\\\/pga\\\/72\\\/2017\\\/09\\\/27\\\/highlights-of-press-briefing-by-spokesperson-27-september-2017\\\/\",\"url\":\"https:\\\/\\\/www.un.org\\\/pga\\\/72\\\/2017\\\/09\\\/27\\\/highlights-of-press-briefing-by-spokesperson-27-september-2017\\\/\",\"name\":\"Highlights of press briefing by spokesperson - 27 September 2017 - General Assembly of the United Nations\",\"isPartOf\":{\"@id\":\"https:\\\/\\\/www.un.org\\\/pga\\\/72\\\/#website\"},\"datePublished\":\"2017-09-27T23:02:47+00:00\",\"dateModified\":\"2018-06-18T23:27:40+00:00\",\"author\":{\"@id\":\"https:\\\/\\\/www.un.org\\\/pga\\\/72\\\/#\\\/schema\\\/person\\\/06bf09e43d46846c087701ec99ac8412\"},\"breadcrumb\":{\"@id\":\"https:\\\/\\\/www.un.org\\\/pga\\\/72\\\/2017\\\/09\\\/27\\\/highlights-of-press-briefing-by-spokesperson-27-september-2017\\\/#breadcrumb\"},\"inLanguage\":\"en-US\",\"potentialAction\":[{\"@type\":\"ReadAction\",\"target\":[\"https:\\\/\\\/www.un.org\\\/pga\\\/72\\\/2017\\\/09\\\/27\\\/highlights-of-press-briefing-by-spokesperson-27-september-2017\\\/\"]}]},{\"@type\":\"BreadcrumbList\",\"@id\":\"https:\\\/\\\/www.un.org\\\/pga\\\/72\\\/2017\\\/09\\\/27\\\/highlights-of-press-briefing-by-spokesperson-27-september-2017\\\/#breadcrumb\",\"itemListElement\":[{\"@type\":\"ListItem\",\"position\":1,\"name\":\"Home\",\"item\":\"https:\\\/\\\/www.un.org\\\/pga\\\/72\\\/\"},{\"@type\":\"ListItem\",\"position\":2,\"name\":\"Highlights of press briefing by spokesperson &#8211; 27 September 2017\"}]},{\"@type\":\"WebSite\",\"@id\":\"https:\\\/\\\/www.un.org\\\/pga\\\/72\\\/#website\",\"url\":\"https:\\\/\\\/www.un.org\\\/pga\\\/72\\\/\",\"name\":\"General Assembly of the United Nations\",\"description\":\"President of the 72nd Session\",\"potentialAction\":[{\"@type\":\"SearchAction\",\"target\":{\"@type\":\"EntryPoint\",\"urlTemplate\":\"https:\\\/\\\/www.un.org\\\/pga\\\/72\\\/?s={search_term_string}\"},\"query-input\":{\"@type\":\"PropertyValueSpecification\",\"valueRequired\":true,\"valueName\":\"search_term_string\"}}],\"inLanguage\":\"en-US\"},{\"@type\":\"Person\",\"@id\":\"https:\\\/\\\/www.un.org\\\/pga\\\/72\\\/#\\\/schema\\\/person\\\/06bf09e43d46846c087701ec99ac8412\",\"name\":\"Katharina Kandt\",\"image\":{\"@type\":\"ImageObject\",\"inLanguage\":\"en-US\",\"@id\":\"https:\\\/\\\/secure.gravatar.com\\\/avatar\\\/5e28c19bf52d2ea02ca4d78c4548f4e118fe08e94744f59f7938769a04ae856e?s=96&d=mm&r=g\",\"url\":\"https:\\\/\\\/secure.gravatar.com\\\/avatar\\\/5e28c19bf52d2ea02ca4d78c4548f4e118fe08e94744f59f7938769a04ae856e?s=96&d=mm&r=g\",\"contentUrl\":\"https:\\\/\\\/secure.gravatar.com\\\/avatar\\\/5e28c19bf52d2ea02ca4d78c4548f4e118fe08e94744f59f7938769a04ae856e?s=96&d=mm&r=g\",\"caption\":\"Katharina Kandt\"},\"url\":\"https:\\\/\\\/www.un.org\\\/pga\\\/72\\\/author\\\/kandtun-org\\\/\"}]}<\/script>\n<!-- \/ Yoast SEO plugin. -->","yoast_head_json":{"title":"Highlights of press briefing by spokesperson - 27 September 2017 - General Assembly of the United Nations","robots":{"index":"index","follow":"follow","max-snippet":"max-snippet:-1","max-image-preview":"max-image-preview:large","max-video-preview":"max-video-preview:-1"},"canonical":"https:\/\/www.un.org\/pga\/72\/2017\/09\/27\/highlights-of-press-briefing-by-spokesperson-27-september-2017\/","og_locale":"en_US","og_type":"article","og_title":"Highlights of press briefing by spokesperson - 27 September 2017 - General Assembly of the United Nations","og_description":"Highlights of press briefing by spokesperson Brenden Varma - 27 September 2017","og_url":"https:\/\/www.un.org\/pga\/72\/2017\/09\/27\/highlights-of-press-briefing-by-spokesperson-27-september-2017\/","og_site_name":"General Assembly of the United Nations","article_published_time":"2017-09-27T23:02:47+00:00","article_modified_time":"2018-06-18T23:27:40+00:00","author":"Katharina Kandt","twitter_card":"summary_large_image","twitter_misc":{"Written by":"Katharina Kandt","Est. reading time":"4 minutes"},"schema":{"@context":"https:\/\/schema.org","@graph":[{"@type":"Article","@id":"https:\/\/www.un.org\/pga\/72\/2017\/09\/27\/highlights-of-press-briefing-by-spokesperson-27-september-2017\/#article","isPartOf":{"@id":"https:\/\/www.un.org\/pga\/72\/2017\/09\/27\/highlights-of-press-briefing-by-spokesperson-27-september-2017\/"},"author":{"name":"Katharina Kandt","@id":"https:\/\/www.un.org\/pga\/72\/#\/schema\/person\/06bf09e43d46846c087701ec99ac8412"},"headline":"Highlights of press briefing by spokesperson &#8211; 27 September 2017","datePublished":"2017-09-27T23:02:47+00:00","dateModified":"2018-06-18T23:27:40+00:00","mainEntityOfPage":{"@id":"https:\/\/www.un.org\/pga\/72\/2017\/09\/27\/highlights-of-press-briefing-by-spokesperson-27-september-2017\/"},"wordCount":709,"articleSection":["Spokesperson's Briefings"],"inLanguage":"en-US"},{"@type":"WebPage","@id":"https:\/\/www.un.org\/pga\/72\/2017\/09\/27\/highlights-of-press-briefing-by-spokesperson-27-september-2017\/","url":"https:\/\/www.un.org\/pga\/72\/2017\/09\/27\/highlights-of-press-briefing-by-spokesperson-27-september-2017\/","name":"Highlights of press briefing by spokesperson - 27 September 2017 - General Assembly of the United Nations","isPartOf":{"@id":"https:\/\/www.un.org\/pga\/72\/#website"},"datePublished":"2017-09-27T23:02:47+00:00","dateModified":"2018-06-18T23:27:40+00:00","author":{"@id":"https:\/\/www.un.org\/pga\/72\/#\/schema\/person\/06bf09e43d46846c087701ec99ac8412"},"breadcrumb":{"@id":"https:\/\/www.un.org\/pga\/72\/2017\/09\/27\/highlights-of-press-briefing-by-spokesperson-27-september-2017\/#breadcrumb"},"inLanguage":"en-US","potentialAction":[{"@type":"ReadAction","target":["https:\/\/www.un.org\/pga\/72\/2017\/09\/27\/highlights-of-press-briefing-by-spokesperson-27-september-2017\/"]}]},{"@type":"BreadcrumbList","@id":"https:\/\/www.un.org\/pga\/72\/2017\/09\/27\/highlights-of-press-briefing-by-spokesperson-27-september-2017\/#breadcrumb","itemListElement":[{"@type":"ListItem","position":1,"name":"Home","item":"https:\/\/www.un.org\/pga\/72\/"},{"@type":"ListItem","position":2,"name":"Highlights of press briefing by spokesperson &#8211; 27 September 2017"}]},{"@type":"WebSite","@id":"https:\/\/www.un.org\/pga\/72\/#website","url":"https:\/\/www.un.org\/pga\/72\/","name":"General Assembly of the United Nations","description":"President of the 72nd Session","potentialAction":[{"@type":"SearchAction","target":{"@type":"EntryPoint","urlTemplate":"https:\/\/www.un.org\/pga\/72\/?s={search_term_string}"},"query-input":{"@type":"PropertyValueSpecification","valueRequired":true,"valueName":"search_term_string"}}],"inLanguage":"en-US"},{"@type":"Person","@id":"https:\/\/www.un.org\/pga\/72\/#\/schema\/person\/06bf09e43d46846c087701ec99ac8412","name":"Katharina Kandt","image":{"@type":"ImageObject","inLanguage":"en-US","@id":"https:\/\/secure.gravatar.com\/avatar\/5e28c19bf52d2ea02ca4d78c4548f4e118fe08e94744f59f7938769a04ae856e?s=96&d=mm&r=g","url":"https:\/\/secure.gravatar.com\/avatar\/5e28c19bf52d2ea02ca4d78c4548f4e118fe08e94744f59f7938769a04ae856e?s=96&d=mm&r=g","contentUrl":"https:\/\/secure.gravatar.com\/avatar\/5e28c19bf52d2ea02ca4d78c4548f4e118fe08e94744f59f7938769a04ae856e?s=96&d=mm&r=g","caption":"Katharina Kandt"},"url":"https:\/\/www.un.org\/pga\/72\/author\/kandtun-org\/"}]}},"_links":{"self":[{"href":"https:\/\/www.un.org\/pga\/72\/wp-json\/wp\/v2\/posts\/122223","targetHints":{"allow":["GET"]}}],"collection":[{"href":"https:\/\/www.un.org\/pga\/72\/wp-json\/wp\/v2\/posts"}],"about":[{"href":"https:\/\/www.un.org\/pga\/72\/wp-json\/wp\/v2\/types\/post"}],"author":[{"embeddable":true,"href":"https:\/\/www.un.org\/pga\/72\/wp-json\/wp\/v2\/users\/202"}],"replies":[{"embeddable":true,"href":"https:\/\/www.un.org\/pga\/72\/wp-json\/wp\/v2\/comments?post=122223"}],"version-history":[{"count":0,"href":"https:\/\/www.un.org\/pga\/72\/wp-json\/wp\/v2\/posts\/122223\/revisions"}],"wp:attachment":[{"href":"https:\/\/www.un.org\/pga\/72\/wp-json\/wp\/v2\/media?parent=122223"}],"wp:term":[{"taxonomy":"category","embeddable":true,"href":"https:\/\/www.un.org\/pga\/72\/wp-json\/wp\/v2\/categories?post=122223"},{"taxonomy":"post_tag","embeddable":true,"href":"https:\/\/www.un.org\/pga\/72\/wp-json\/wp\/v2\/tags?post=122223"}],"curies":[{"name":"wp","href":"https:\/\/api.w.org\/{rel}","templated":true}]}}