  {"id":131028,"date":"2017-11-21T12:39:11","date_gmt":"2017-11-21T17:39:11","guid":{"rendered":"http:\/\/www.un.org\/pga\/72\/?p=131028"},"modified":"2017-11-22T12:44:14","modified_gmt":"2017-11-22T17:44:14","slug":"caraibes-lonu-appelle-a-aider-les-pays-affectes-par-les-ouragans-irma-et-maria-a-se-reconstruire","status":"publish","type":"post","link":"https:\/\/www.un.org\/pga\/72\/fr\/2017\/11\/21\/caraibes-lonu-appelle-a-aider-les-pays-affectes-par-les-ouragans-irma-et-maria-a-se-reconstruire\/","title":{"rendered":"Cara\u00efbes : l&rsquo;ONU appelle \u00e0 aider les pays affect\u00e9s par les ouragans Irma et Maria \u00e0 se reconstruire"},"content":{"rendered":"<div id=\"fullstory\">\n<p>[&#8230;]<\/p>\n<p>Le Pr\u00e9sident de l&rsquo;Assembl\u00e9e g\u00e9n\u00e9rale des Nations Unies, Miroslav Laj\u010d\u00e1k, a rappel\u00e9 de son c\u00f4t\u00e9 que le changement climatique n&rsquo;\u00e9tait pas \u00ab une question th\u00e9orique pour les habitants des Cara\u00efbes \u00bb.<\/p>\n<p>Selon lui, la communaut\u00e9 internationale a une obligation morale \u00e0 l&rsquo;\u00e9gard des personnes affect\u00e9es. \u00ab Premi\u00e8rement, nous devons soutenir l&rsquo;effort de reconstruction (\u2026) Deuxi\u00e8mement, nous devons mettre l&rsquo;accent sur la r\u00e9silience (\u2026) Troisi\u00e8mement, nous devons reconna\u00eetre que les petits \u00c9tats insulaires en d\u00e9veloppement sont particuli\u00e8rement vuln\u00e9rables aux changements climatiques, aux catastrophes naturelles et aux chocs externes \u00bb, a-t-il dit.<\/p>\n<p>Le Pr\u00e9sident de l&rsquo;Assembl\u00e9e g\u00e9n\u00e9rale a remerci\u00e9 ceux qui ont d\u00e9j\u00e0 promis leur soutien et pris des mesures. Il a encourag\u00e9 tous les pays et parties prenantes \u00e0 apporter leur soutien financier aux pays des Cara\u00efbes affect\u00e9s par les ouragans Irma et Maria.<\/p>\n<p><a href=\"http:\/\/www.un.org\/apps\/newsFr\/storyF.asp?NewsID=40550\">Lire l&rsquo;int\u00e9gralit\u00e9 de la d\u00e9p\u00eache [Source : ONU Info]<\/a><\/p>\n<\/div>\n","protected":false},"excerpt":{"rendered":"<p>Le Pr\u00e9sident de l&rsquo;Assembl\u00e9e g\u00e9n\u00e9rale a remerci\u00e9 ceux qui ont d\u00e9j\u00e0 promis leur soutien et pris des mesures. Il a encourag\u00e9 tous les pays et parties prenantes \u00e0 apporter leur soutien financier aux pays des Cara\u00efbes affect\u00e9s par les ouragans Irma et Maria.<\/p>\n","protected":false},"author":210,"featured_media":131029,"comment_status":"closed","ping_status":"closed","sticky":false,"template":"","format":"standard","meta":{"_et_pb_use_builder":"","_et_pb_old_content":"","_et_gb_content_width":"","footnotes":"","_links_to":"","_links_to_target":""},"categories":[73],"tags":[],"class_list":["post-131028","post","type-post","status-publish","format-standard","has-post-thumbnail","hentry","category-newsandupdates-fr","et-has-post-format-content","et_post_format-et-post-format-standard"],"yoast_head":"<!-- This site is optimized with the Yoast SEO plugin v28.3 - https:\/\/yoast.com\/product\/yoast-seo-wordpress\/ -->\n<title>Cara\u00efbes : l&#039;ONU appelle \u00e0 aider les pays affect\u00e9s par les ouragans Irma et Maria \u00e0 se reconstruire - Assembl\u00e9e g\u00e9n\u00e9rale des Nations Unies<\/title>\n<meta name=\"robots\" content=\"index, follow, max-snippet:-1, max-image-preview:large, max-video-preview:-1\" \/>\n<link rel=\"canonical\" href=\"https:\/\/www.un.org\/pga\/72\/fr\/2017\/11\/21\/caraibes-lonu-appelle-a-aider-les-pays-affectes-par-les-ouragans-irma-et-maria-a-se-reconstruire\/\" \/>\n<meta property=\"og:locale\" content=\"fr_FR\" \/>\n<meta property=\"og:type\" content=\"article\" \/>\n<meta property=\"og:title\" content=\"Cara\u00efbes : l&#039;ONU appelle \u00e0 aider les pays affect\u00e9s par les ouragans Irma et Maria \u00e0 se reconstruire - Assembl\u00e9e g\u00e9n\u00e9rale des Nations Unies\" \/>\n<meta property=\"og:description\" content=\"Le Pr\u00e9sident de l&#039;Assembl\u00e9e g\u00e9n\u00e9rale a remerci\u00e9 ceux qui ont d\u00e9j\u00e0 promis leur soutien et pris des mesures. Il a encourag\u00e9 tous les pays et parties prenantes \u00e0 apporter leur soutien financier aux pays des Cara\u00efbes affect\u00e9s par les ouragans Irma et Maria.\" \/>\n<meta property=\"og:url\" content=\"https:\/\/www.un.org\/pga\/72\/fr\/2017\/11\/21\/caraibes-lonu-appelle-a-aider-les-pays-affectes-par-les-ouragans-irma-et-maria-a-se-reconstruire\/\" \/>\n<meta property=\"og:site_name\" content=\"Assembl\u00e9e g\u00e9n\u00e9rale des Nations Unies\" \/>\n<meta property=\"article:published_time\" content=\"2017-11-21T17:39:11+00:00\" \/>\n<meta property=\"article:modified_time\" content=\"2017-11-22T17:44:14+00:00\" \/>\n<meta property=\"og:image\" content=\"https:\/\/www.un.org\/pga\/wp-content\/uploads\/sites\/51\/2017\/11\/Barbuda_737382_SG_Trip.jpg\" \/>\n\t<meta property=\"og:image:width\" content=\"1024\" \/>\n\t<meta property=\"og:image:height\" content=\"683\" \/>\n\t<meta property=\"og:image:type\" content=\"image\/jpeg\" \/>\n<meta name=\"author\" content=\"Sophie Farigoul\" \/>\n<meta name=\"twitter:card\" content=\"summary_large_image\" \/>\n<meta name=\"twitter:label1\" content=\"\u00c9crit par\" \/>\n\t<meta name=\"twitter:data1\" content=\"Sophie Farigoul\" \/>\n\t<meta name=\"twitter:label2\" content=\"Dur\u00e9e de lecture estim\u00e9e\" \/>\n\t<meta name=\"twitter:data2\" content=\"1 minute\" \/>\n<script type=\"application\/ld+json\" class=\"yoast-schema-graph\">{\"@context\":\"https:\\\/\\\/schema.org\",\"@graph\":[{\"@type\":\"Article\",\"@id\":\"https:\\\/\\\/www.un.org\\\/pga\\\/72\\\/fr\\\/2017\\\/11\\\/21\\\/caraibes-lonu-appelle-a-aider-les-pays-affectes-par-les-ouragans-irma-et-maria-a-se-reconstruire\\\/#article\",\"isPartOf\":{\"@id\":\"https:\\\/\\\/www.un.org\\\/pga\\\/72\\\/fr\\\/2017\\\/11\\\/21\\\/caraibes-lonu-appelle-a-aider-les-pays-affectes-par-les-ouragans-irma-et-maria-a-se-reconstruire\\\/\"},\"author\":{\"name\":\"Sophie Farigoul\",\"@id\":\"https:\\\/\\\/www.un.org\\\/pga\\\/72\\\/#\\\/schema\\\/person\\\/a8ead7780726e582c2b9afb7daa2d930\"},\"headline\":\"Cara\u00efbes : l&rsquo;ONU appelle \u00e0 aider les pays affect\u00e9s par les ouragans Irma et Maria \u00e0 se reconstruire\",\"datePublished\":\"2017-11-21T17:39:11+00:00\",\"dateModified\":\"2017-11-22T17:44:14+00:00\",\"mainEntityOfPage\":{\"@id\":\"https:\\\/\\\/www.un.org\\\/pga\\\/72\\\/fr\\\/2017\\\/11\\\/21\\\/caraibes-lonu-appelle-a-aider-les-pays-affectes-par-les-ouragans-irma-et-maria-a-se-reconstruire\\\/\"},\"wordCount\":185,\"image\":{\"@id\":\"https:\\\/\\\/www.un.org\\\/pga\\\/72\\\/fr\\\/2017\\\/11\\\/21\\\/caraibes-lonu-appelle-a-aider-les-pays-affectes-par-les-ouragans-irma-et-maria-a-se-reconstruire\\\/#primaryimage\"},\"thumbnailUrl\":\"https:\\\/\\\/www.un.org\\\/pga\\\/wp-content\\\/uploads\\\/sites\\\/51\\\/2017\\\/11\\\/Barbuda_737382_SG_Trip.jpg\",\"articleSection\":[\"News And Updates\"],\"inLanguage\":\"fr-FR\"},{\"@type\":\"WebPage\",\"@id\":\"https:\\\/\\\/www.un.org\\\/pga\\\/72\\\/fr\\\/2017\\\/11\\\/21\\\/caraibes-lonu-appelle-a-aider-les-pays-affectes-par-les-ouragans-irma-et-maria-a-se-reconstruire\\\/\",\"url\":\"https:\\\/\\\/www.un.org\\\/pga\\\/72\\\/fr\\\/2017\\\/11\\\/21\\\/caraibes-lonu-appelle-a-aider-les-pays-affectes-par-les-ouragans-irma-et-maria-a-se-reconstruire\\\/\",\"name\":\"Cara\u00efbes : l'ONU appelle \u00e0 aider les pays affect\u00e9s par les ouragans Irma et Maria \u00e0 se reconstruire - Assembl\u00e9e g\u00e9n\u00e9rale des Nations Unies\",\"isPartOf\":{\"@id\":\"https:\\\/\\\/www.un.org\\\/pga\\\/72\\\/#website\"},\"primaryImageOfPage\":{\"@id\":\"https:\\\/\\\/www.un.org\\\/pga\\\/72\\\/fr\\\/2017\\\/11\\\/21\\\/caraibes-lonu-appelle-a-aider-les-pays-affectes-par-les-ouragans-irma-et-maria-a-se-reconstruire\\\/#primaryimage\"},\"image\":{\"@id\":\"https:\\\/\\\/www.un.org\\\/pga\\\/72\\\/fr\\\/2017\\\/11\\\/21\\\/caraibes-lonu-appelle-a-aider-les-pays-affectes-par-les-ouragans-irma-et-maria-a-se-reconstruire\\\/#primaryimage\"},\"thumbnailUrl\":\"https:\\\/\\\/www.un.org\\\/pga\\\/wp-content\\\/uploads\\\/sites\\\/51\\\/2017\\\/11\\\/Barbuda_737382_SG_Trip.jpg\",\"datePublished\":\"2017-11-21T17:39:11+00:00\",\"dateModified\":\"2017-11-22T17:44:14+00:00\",\"author\":{\"@id\":\"https:\\\/\\\/www.un.org\\\/pga\\\/72\\\/#\\\/schema\\\/person\\\/a8ead7780726e582c2b9afb7daa2d930\"},\"breadcrumb\":{\"@id\":\"https:\\\/\\\/www.un.org\\\/pga\\\/72\\\/fr\\\/2017\\\/11\\\/21\\\/caraibes-lonu-appelle-a-aider-les-pays-affectes-par-les-ouragans-irma-et-maria-a-se-reconstruire\\\/#breadcrumb\"},\"inLanguage\":\"fr-FR\",\"potentialAction\":[{\"@type\":\"ReadAction\",\"target\":[\"https:\\\/\\\/www.un.org\\\/pga\\\/72\\\/fr\\\/2017\\\/11\\\/21\\\/caraibes-lonu-appelle-a-aider-les-pays-affectes-par-les-ouragans-irma-et-maria-a-se-reconstruire\\\/\"]}]},{\"@type\":\"ImageObject\",\"inLanguage\":\"fr-FR\",\"@id\":\"https:\\\/\\\/www.un.org\\\/pga\\\/72\\\/fr\\\/2017\\\/11\\\/21\\\/caraibes-lonu-appelle-a-aider-les-pays-affectes-par-les-ouragans-irma-et-maria-a-se-reconstruire\\\/#primaryimage\",\"url\":\"https:\\\/\\\/www.un.org\\\/pga\\\/wp-content\\\/uploads\\\/sites\\\/51\\\/2017\\\/11\\\/Barbuda_737382_SG_Trip.jpg\",\"contentUrl\":\"https:\\\/\\\/www.un.org\\\/pga\\\/wp-content\\\/uploads\\\/sites\\\/51\\\/2017\\\/11\\\/Barbuda_737382_SG_Trip.jpg\",\"width\":1024,\"height\":683,\"caption\":\"La ville de Codrington \u00e0 Barbuda ravag\u00e9e par des ouragans en 2017. Photo ONU\\\/Rick Bajornas\"},{\"@type\":\"BreadcrumbList\",\"@id\":\"https:\\\/\\\/www.un.org\\\/pga\\\/72\\\/fr\\\/2017\\\/11\\\/21\\\/caraibes-lonu-appelle-a-aider-les-pays-affectes-par-les-ouragans-irma-et-maria-a-se-reconstruire\\\/#breadcrumb\",\"itemListElement\":[{\"@type\":\"ListItem\",\"position\":1,\"name\":\"Home\",\"item\":\"https:\\\/\\\/www.un.org\\\/pga\\\/72\\\/fr\\\/\"},{\"@type\":\"ListItem\",\"position\":2,\"name\":\"Cara\u00efbes : l&rsquo;ONU appelle \u00e0 aider les pays affect\u00e9s par les ouragans Irma et Maria \u00e0 se reconstruire\"}]},{\"@type\":\"WebSite\",\"@id\":\"https:\\\/\\\/www.un.org\\\/pga\\\/72\\\/#website\",\"url\":\"https:\\\/\\\/www.un.org\\\/pga\\\/72\\\/\",\"name\":\"Assembl\u00e9e g\u00e9n\u00e9rale des Nations Unies\",\"description\":\"Pr\u00e9sident de la 72e session\",\"potentialAction\":[{\"@type\":\"SearchAction\",\"target\":{\"@type\":\"EntryPoint\",\"urlTemplate\":\"https:\\\/\\\/www.un.org\\\/pga\\\/72\\\/?s={search_term_string}\"},\"query-input\":{\"@type\":\"PropertyValueSpecification\",\"valueRequired\":true,\"valueName\":\"search_term_string\"}}],\"inLanguage\":\"fr-FR\"},{\"@type\":\"Person\",\"@id\":\"https:\\\/\\\/www.un.org\\\/pga\\\/72\\\/#\\\/schema\\\/person\\\/a8ead7780726e582c2b9afb7daa2d930\",\"name\":\"Sophie Farigoul\",\"image\":{\"@type\":\"ImageObject\",\"inLanguage\":\"fr-FR\",\"@id\":\"https:\\\/\\\/secure.gravatar.com\\\/avatar\\\/108bf7056e36e7bc4c0904c6486b1358f9e93fcd7714ef259fc4b7db4d822b40?s=96&d=mm&r=g\",\"url\":\"https:\\\/\\\/secure.gravatar.com\\\/avatar\\\/108bf7056e36e7bc4c0904c6486b1358f9e93fcd7714ef259fc4b7db4d822b40?s=96&d=mm&r=g\",\"contentUrl\":\"https:\\\/\\\/secure.gravatar.com\\\/avatar\\\/108bf7056e36e7bc4c0904c6486b1358f9e93fcd7714ef259fc4b7db4d822b40?s=96&d=mm&r=g\",\"caption\":\"Sophie Farigoul\"},\"url\":\"https:\\\/\\\/www.un.org\\\/pga\\\/72\\\/fr\\\/author\\\/farigoulun-org\\\/\"}]}<\/script>\n<!-- \/ Yoast SEO plugin. -->","yoast_head_json":{"title":"Cara\u00efbes : l'ONU appelle \u00e0 aider les pays affect\u00e9s par les ouragans Irma et Maria \u00e0 se reconstruire - Assembl\u00e9e g\u00e9n\u00e9rale des Nations Unies","robots":{"index":"index","follow":"follow","max-snippet":"max-snippet:-1","max-image-preview":"max-image-preview:large","max-video-preview":"max-video-preview:-1"},"canonical":"https:\/\/www.un.org\/pga\/72\/fr\/2017\/11\/21\/caraibes-lonu-appelle-a-aider-les-pays-affectes-par-les-ouragans-irma-et-maria-a-se-reconstruire\/","og_locale":"fr_FR","og_type":"article","og_title":"Cara\u00efbes : l'ONU appelle \u00e0 aider les pays affect\u00e9s par les ouragans Irma et Maria \u00e0 se reconstruire - Assembl\u00e9e g\u00e9n\u00e9rale des Nations Unies","og_description":"Le Pr\u00e9sident de l'Assembl\u00e9e g\u00e9n\u00e9rale a remerci\u00e9 ceux qui ont d\u00e9j\u00e0 promis leur soutien et pris des mesures. Il a encourag\u00e9 tous les pays et parties prenantes \u00e0 apporter leur soutien financier aux pays des Cara\u00efbes affect\u00e9s par les ouragans Irma et Maria.","og_url":"https:\/\/www.un.org\/pga\/72\/fr\/2017\/11\/21\/caraibes-lonu-appelle-a-aider-les-pays-affectes-par-les-ouragans-irma-et-maria-a-se-reconstruire\/","og_site_name":"Assembl\u00e9e g\u00e9n\u00e9rale des Nations Unies","article_published_time":"2017-11-21T17:39:11+00:00","article_modified_time":"2017-11-22T17:44:14+00:00","og_image":[{"width":1024,"height":683,"url":"https:\/\/www.un.org\/pga\/wp-content\/uploads\/sites\/51\/2017\/11\/Barbuda_737382_SG_Trip.jpg","type":"image\/jpeg"}],"author":"Sophie Farigoul","twitter_card":"summary_large_image","twitter_misc":{"\u00c9crit par":"Sophie Farigoul","Dur\u00e9e de lecture estim\u00e9e":"1 minute"},"schema":{"@context":"https:\/\/schema.org","@graph":[{"@type":"Article","@id":"https:\/\/www.un.org\/pga\/72\/fr\/2017\/11\/21\/caraibes-lonu-appelle-a-aider-les-pays-affectes-par-les-ouragans-irma-et-maria-a-se-reconstruire\/#article","isPartOf":{"@id":"https:\/\/www.un.org\/pga\/72\/fr\/2017\/11\/21\/caraibes-lonu-appelle-a-aider-les-pays-affectes-par-les-ouragans-irma-et-maria-a-se-reconstruire\/"},"author":{"name":"Sophie Farigoul","@id":"https:\/\/www.un.org\/pga\/72\/#\/schema\/person\/a8ead7780726e582c2b9afb7daa2d930"},"headline":"Cara\u00efbes : l&rsquo;ONU appelle \u00e0 aider les pays affect\u00e9s par les ouragans Irma et Maria \u00e0 se reconstruire","datePublished":"2017-11-21T17:39:11+00:00","dateModified":"2017-11-22T17:44:14+00:00","mainEntityOfPage":{"@id":"https:\/\/www.un.org\/pga\/72\/fr\/2017\/11\/21\/caraibes-lonu-appelle-a-aider-les-pays-affectes-par-les-ouragans-irma-et-maria-a-se-reconstruire\/"},"wordCount":185,"image":{"@id":"https:\/\/www.un.org\/pga\/72\/fr\/2017\/11\/21\/caraibes-lonu-appelle-a-aider-les-pays-affectes-par-les-ouragans-irma-et-maria-a-se-reconstruire\/#primaryimage"},"thumbnailUrl":"https:\/\/www.un.org\/pga\/wp-content\/uploads\/sites\/51\/2017\/11\/Barbuda_737382_SG_Trip.jpg","articleSection":["News And Updates"],"inLanguage":"fr-FR"},{"@type":"WebPage","@id":"https:\/\/www.un.org\/pga\/72\/fr\/2017\/11\/21\/caraibes-lonu-appelle-a-aider-les-pays-affectes-par-les-ouragans-irma-et-maria-a-se-reconstruire\/","url":"https:\/\/www.un.org\/pga\/72\/fr\/2017\/11\/21\/caraibes-lonu-appelle-a-aider-les-pays-affectes-par-les-ouragans-irma-et-maria-a-se-reconstruire\/","name":"Cara\u00efbes : l'ONU appelle \u00e0 aider les pays affect\u00e9s par les ouragans Irma et Maria \u00e0 se reconstruire - Assembl\u00e9e g\u00e9n\u00e9rale des Nations Unies","isPartOf":{"@id":"https:\/\/www.un.org\/pga\/72\/#website"},"primaryImageOfPage":{"@id":"https:\/\/www.un.org\/pga\/72\/fr\/2017\/11\/21\/caraibes-lonu-appelle-a-aider-les-pays-affectes-par-les-ouragans-irma-et-maria-a-se-reconstruire\/#primaryimage"},"image":{"@id":"https:\/\/www.un.org\/pga\/72\/fr\/2017\/11\/21\/caraibes-lonu-appelle-a-aider-les-pays-affectes-par-les-ouragans-irma-et-maria-a-se-reconstruire\/#primaryimage"},"thumbnailUrl":"https:\/\/www.un.org\/pga\/wp-content\/uploads\/sites\/51\/2017\/11\/Barbuda_737382_SG_Trip.jpg","datePublished":"2017-11-21T17:39:11+00:00","dateModified":"2017-11-22T17:44:14+00:00","author":{"@id":"https:\/\/www.un.org\/pga\/72\/#\/schema\/person\/a8ead7780726e582c2b9afb7daa2d930"},"breadcrumb":{"@id":"https:\/\/www.un.org\/pga\/72\/fr\/2017\/11\/21\/caraibes-lonu-appelle-a-aider-les-pays-affectes-par-les-ouragans-irma-et-maria-a-se-reconstruire\/#breadcrumb"},"inLanguage":"fr-FR","potentialAction":[{"@type":"ReadAction","target":["https:\/\/www.un.org\/pga\/72\/fr\/2017\/11\/21\/caraibes-lonu-appelle-a-aider-les-pays-affectes-par-les-ouragans-irma-et-maria-a-se-reconstruire\/"]}]},{"@type":"ImageObject","inLanguage":"fr-FR","@id":"https:\/\/www.un.org\/pga\/72\/fr\/2017\/11\/21\/caraibes-lonu-appelle-a-aider-les-pays-affectes-par-les-ouragans-irma-et-maria-a-se-reconstruire\/#primaryimage","url":"https:\/\/www.un.org\/pga\/wp-content\/uploads\/sites\/51\/2017\/11\/Barbuda_737382_SG_Trip.jpg","contentUrl":"https:\/\/www.un.org\/pga\/wp-content\/uploads\/sites\/51\/2017\/11\/Barbuda_737382_SG_Trip.jpg","width":1024,"height":683,"caption":"La ville de Codrington \u00e0 Barbuda ravag\u00e9e par des ouragans en 2017. Photo ONU\/Rick Bajornas"},{"@type":"BreadcrumbList","@id":"https:\/\/www.un.org\/pga\/72\/fr\/2017\/11\/21\/caraibes-lonu-appelle-a-aider-les-pays-affectes-par-les-ouragans-irma-et-maria-a-se-reconstruire\/#breadcrumb","itemListElement":[{"@type":"ListItem","position":1,"name":"Home","item":"https:\/\/www.un.org\/pga\/72\/fr\/"},{"@type":"ListItem","position":2,"name":"Cara\u00efbes : l&rsquo;ONU appelle \u00e0 aider les pays affect\u00e9s par les ouragans Irma et Maria \u00e0 se reconstruire"}]},{"@type":"WebSite","@id":"https:\/\/www.un.org\/pga\/72\/#website","url":"https:\/\/www.un.org\/pga\/72\/","name":"Assembl\u00e9e g\u00e9n\u00e9rale des Nations Unies","description":"Pr\u00e9sident de la 72e session","potentialAction":[{"@type":"SearchAction","target":{"@type":"EntryPoint","urlTemplate":"https:\/\/www.un.org\/pga\/72\/?s={search_term_string}"},"query-input":{"@type":"PropertyValueSpecification","valueRequired":true,"valueName":"search_term_string"}}],"inLanguage":"fr-FR"},{"@type":"Person","@id":"https:\/\/www.un.org\/pga\/72\/#\/schema\/person\/a8ead7780726e582c2b9afb7daa2d930","name":"Sophie Farigoul","image":{"@type":"ImageObject","inLanguage":"fr-FR","@id":"https:\/\/secure.gravatar.com\/avatar\/108bf7056e36e7bc4c0904c6486b1358f9e93fcd7714ef259fc4b7db4d822b40?s=96&d=mm&r=g","url":"https:\/\/secure.gravatar.com\/avatar\/108bf7056e36e7bc4c0904c6486b1358f9e93fcd7714ef259fc4b7db4d822b40?s=96&d=mm&r=g","contentUrl":"https:\/\/secure.gravatar.com\/avatar\/108bf7056e36e7bc4c0904c6486b1358f9e93fcd7714ef259fc4b7db4d822b40?s=96&d=mm&r=g","caption":"Sophie Farigoul"},"url":"https:\/\/www.un.org\/pga\/72\/fr\/author\/farigoulun-org\/"}]}},"_links":{"self":[{"href":"https:\/\/www.un.org\/pga\/72\/fr\/wp-json\/wp\/v2\/posts\/131028","targetHints":{"allow":["GET"]}}],"collection":[{"href":"https:\/\/www.un.org\/pga\/72\/fr\/wp-json\/wp\/v2\/posts"}],"about":[{"href":"https:\/\/www.un.org\/pga\/72\/fr\/wp-json\/wp\/v2\/types\/post"}],"author":[{"embeddable":true,"href":"https:\/\/www.un.org\/pga\/72\/fr\/wp-json\/wp\/v2\/users\/210"}],"replies":[{"embeddable":true,"href":"https:\/\/www.un.org\/pga\/72\/fr\/wp-json\/wp\/v2\/comments?post=131028"}],"version-history":[{"count":0,"href":"https:\/\/www.un.org\/pga\/72\/fr\/wp-json\/wp\/v2\/posts\/131028\/revisions"}],"wp:featuredmedia":[{"embeddable":true,"href":"https:\/\/www.un.org\/pga\/72\/fr\/wp-json\/wp\/v2\/media\/131029"}],"wp:attachment":[{"href":"https:\/\/www.un.org\/pga\/72\/fr\/wp-json\/wp\/v2\/media?parent=131028"}],"wp:term":[{"taxonomy":"category","embeddable":true,"href":"https:\/\/www.un.org\/pga\/72\/fr\/wp-json\/wp\/v2\/categories?post=131028"},{"taxonomy":"post_tag","embeddable":true,"href":"https:\/\/www.un.org\/pga\/72\/fr\/wp-json\/wp\/v2\/tags?post=131028"}],"curies":[{"name":"wp","href":"https:\/\/api.w.org\/{rel}","templated":true}]}}