  {"id":72028,"date":"2016-09-22T09:15:31","date_gmt":"2016-09-22T13:15:31","guid":{"rendered":"http:\/\/www.un.org\/pga\/71\/?p=72028"},"modified":"2016-09-22T11:25:31","modified_gmt":"2016-09-22T15:25:31","slug":"high-level-side-event-on-the-world-humanitarian-summit-beyond-the-whs-advancing-the-agenda-for-humanity","status":"publish","type":"post","link":"https:\/\/www.un.org\/pga\/71\/2016\/09\/22\/high-level-side-event-on-the-world-humanitarian-summit-beyond-the-whs-advancing-the-agenda-for-humanity\/","title":{"rendered":"High Level Side Event on the World Humanitarian Summit  Beyond the WHS: Advancing the Agenda for Humanity"},"content":{"rendered":"<h2 style=\"text-align: justify\"><strong>Remarks by H.E. Mr Peter Thomson, \u00a0<\/strong><strong>President of the 71st Session of the General Assembly at\u00a0<\/strong><strong>High Level Side Event on the World Humanitarian Summit &#8211; <em>&#8220;<\/em><\/strong><em><strong>Beyond the WHS: Advancing the Agenda for Humanity&#8221;<\/strong><\/em><\/h2>\n<h3><strong>22 September 2016<\/strong><\/h3>\n<p>&nbsp;<\/p>\n<p><em>\u00a0<\/em><\/p>\n<div id=\"attachment_72356\" style=\"width: 410px\" class=\"wp-caption alignleft\"><a href=\"http:\/\/www.un.org\/pga\/71\/wp-content\/uploads\/sites\/40\/2016\/09\/IMG_3674.jpg\"><img loading=\"lazy\" decoding=\"async\" aria-describedby=\"caption-attachment-72356\" class=\"wp-image-72356\" src=\"http:\/\/www.un.org\/pga\/71\/wp-content\/uploads\/sites\/40\/2016\/09\/IMG_3674-300x195.jpg\" alt=\"Remarks at WHS Side-Event\" width=\"400\" height=\"260\" srcset=\"https:\/\/www.un.org\/pga\/wp-content\/uploads\/sites\/40\/2016\/09\/IMG_3674-300x195.jpg 300w, https:\/\/www.un.org\/pga\/wp-content\/uploads\/sites\/40\/2016\/09\/IMG_3674-150x98.jpg 150w, https:\/\/www.un.org\/pga\/wp-content\/uploads\/sites\/40\/2016\/09\/IMG_3674-768x499.jpg 768w, https:\/\/www.un.org\/pga\/wp-content\/uploads\/sites\/40\/2016\/09\/IMG_3674-1024x666.jpg 1024w, https:\/\/www.un.org\/pga\/wp-content\/uploads\/sites\/40\/2016\/09\/IMG_3674.jpg 1280w\" sizes=\"auto, (max-width: 400px) 100vw, 400px\" \/><\/a><p id=\"caption-attachment-72356\" class=\"wp-caption-text\">\u00a9OPGA\/Sen<\/p><\/div>\n<p style=\"text-align: justify\"><em>Your Excellency Mr. Ban Ki-moon, Secretary-General, Your Excellency Mr. Mevl\u00fct \u00c7avu\u015fo\u011flu Minister of Foreign Affairs, Turkey, Honourable Minsters<\/em><\/p>\n<p style=\"text-align: justify\"><em>Excellencies, Ladies and gentleman, <\/em><\/p>\n<p style=\"text-align: justify\">I am pleased to join you today for the presentation of the Secretary-General\u2019s Report on \u201cOutcome of the World Humanitarian Summit\u201d.<\/p>\n<p style=\"text-align: justify\">Let me begin by congratulating the Secretary-General, and the people and government of Turkey for their leadership in convening the World Humanitarian Summit.<\/p>\n<p style=\"text-align: justify\">The Summit came at a time when the international community was urgently looking to find new ways to resolve conflicts, better manage migrant and refugee flows, and respond to escalating humanitarian needs.<\/p>\n<p style=\"text-align: justify\">The high-levels of participation by Member States, the ±¬ÁÏÍø system, international organisations, civil society, and private sector, were testament to the urgency of the issues being addressed at the Summit.<\/p>\n<p style=\"text-align: justify\">I urge Member States and others stakeholds to deliver on the policy, legislative and operational commitments that they made.<\/p>\n<p style=\"text-align: justify\">Taking forward the outcomes of the World Humanitarian Summit and the Agenda for Humanity will need continued leadership by Member States, and the ±¬ÁÏÍø system to translate these words into action.<\/p>\n<p style=\"text-align: justify\">It will also be important to continue to our discussions on key outcomes and issues emanating from the Summit.\u00a0 The High Level Meeting on\u00a0Refugees and Migrants, held on Monday, 19 September, has already built on some of these outcomes.\u00a0 I congratulate once again the Secretary-General for the IOM-±¬ÁÏÍø agreement.<\/p>\n<p style=\"text-align: justify\">Your efforts to bring these strands together to find solutions to improve humanitarian response, and reduce peoples\u2019 underlying needs, risks and vulnerabilities, were urgently needed.<\/p>\n<p style=\"text-align: justify\">Going forward, it is critical that we continue to explore ways to strengthen the links between disaster response, development, climate change and security concerns.<\/p>\n<p style=\"text-align: justify\"><em>Excellencies,<\/em><\/p>\n<p style=\"text-align: justify\">We need look to enhance our efforts to prevent and resolve conflicts, meet the gap in humanitarian financing, and increase the efficiency and system-wide coherence in humanitarian action.<\/p>\n<p style=\"text-align: justify\">The 2030 Agenda provides a universal and transformative masterplan for people and planet and which, if implemented effectively, will bring about the long-term solutions required. This includes by ending poverty, tackling climate change, and promoting justice, based on the principle of leaving no-one behind.<\/p>\n<p style=\"text-align: justify\">Several outcomes of the Summit are linked to critical issues on the General Assembly agenda, and on which we will need to continue to focus our attention and follow up.<\/p>\n<p style=\"text-align: justify\">As a first step, I will appoint co-facilitators to take forward the Global Compact on Migration.<\/p>\n<p style=\"text-align: justify\">We will also consider the Secretary-General\u2019s report on achieving greater efficiency, operational effectiveness, and system-wide coherence, as well as on ways to strengthen ±¬ÁÏÍø engagement with International Financial Institutions, and the private sector, with a view to implementing fully the commitments outlined in the New York Declaration for Refugees and Migrants.<\/p>\n<p style=\"text-align: justify\">I look forward to working with all of you to continue to advance the outcomes of the Summit throughout the 71<sup>st<\/sup> Session.<\/p>\n<p style=\"text-align: justify\"><div class=\"woo-sc-divider\"><\/div><\/p>\n","protected":false},"excerpt":{"rendered":"<p>Remarks by H.E. Mr Peter Thomson, \u00a0President of the 71st Session of the General Assembly at\u00a0High Level Side Event on the World Humanitarian Summit &#8211; &#8220;Beyond the WHS: Advancing the [&hellip;]<\/p>\n","protected":false},"author":202,"featured_media":72356,"comment_status":"closed","ping_status":"closed","sticky":false,"template":"","format":"standard","meta":{"footnotes":"","_links_to":"","_links_to_target":""},"categories":[42],"tags":[526,3440,3180,496,1914],"class_list":["post-72028","post","type-post","status-publish","format-standard","has-post-thumbnail","hentry","category-statements","tag-human-rights","tag-humanity","tag-latest-news","tag-side-event","tag-world-humanitarian-summit"],"yoast_head":"<!-- This site is optimized with the Yoast SEO plugin v28.3 - https:\/\/yoast.com\/product\/yoast-seo-wordpress\/ -->\n<title>High Level Side Event on the World Humanitarian Summit Beyond the WHS: Advancing the Agenda for Humanity - General Assembly of the United Nations<\/title>\n<meta name=\"robots\" content=\"index, follow, max-snippet:-1, max-image-preview:large, max-video-preview:-1\" \/>\n<link rel=\"canonical\" href=\"https:\/\/www.un.org\/pga\/71\/2016\/09\/22\/high-level-side-event-on-the-world-humanitarian-summit-beyond-the-whs-advancing-the-agenda-for-humanity\/\" \/>\n<meta property=\"og:locale\" content=\"en_US\" \/>\n<meta property=\"og:type\" content=\"article\" \/>\n<meta property=\"og:title\" content=\"High Level Side Event on the World Humanitarian Summit Beyond the WHS: Advancing the Agenda for Humanity - General Assembly of the United Nations\" \/>\n<meta property=\"og:description\" content=\"Remarks by H.E. Mr Peter Thomson, \u00a0President of the 71st Session of the General Assembly at\u00a0High Level Side Event on the World Humanitarian Summit &#8211; &#8220;Beyond the WHS: Advancing the [&hellip;]\" \/>\n<meta property=\"og:url\" content=\"https:\/\/www.un.org\/pga\/71\/2016\/09\/22\/high-level-side-event-on-the-world-humanitarian-summit-beyond-the-whs-advancing-the-agenda-for-humanity\/\" \/>\n<meta property=\"og:site_name\" content=\"General Assembly of the United Nations\" \/>\n<meta property=\"article:published_time\" content=\"2016-09-22T13:15:31+00:00\" \/>\n<meta property=\"article:modified_time\" content=\"2016-09-22T15:25:31+00:00\" \/>\n<meta property=\"og:image\" content=\"https:\/\/www.un.org\/pga\/wp-content\/uploads\/sites\/40\/2016\/09\/IMG_3674.jpg\" \/>\n\t<meta property=\"og:image:width\" content=\"1280\" \/>\n\t<meta property=\"og:image:height\" content=\"832\" \/>\n\t<meta property=\"og:image:type\" content=\"image\/jpeg\" \/>\n<meta name=\"author\" content=\"Katharina Kandt\" \/>\n<meta name=\"twitter:card\" content=\"summary_large_image\" \/>\n<meta name=\"twitter:label1\" content=\"Written by\" \/>\n\t<meta name=\"twitter:data1\" content=\"Katharina Kandt\" \/>\n\t<meta name=\"twitter:label2\" content=\"Est. reading time\" \/>\n\t<meta name=\"twitter:data2\" content=\"3 minutes\" \/>\n<script type=\"application\/ld+json\" class=\"yoast-schema-graph\">{\"@context\":\"https:\\\/\\\/schema.org\",\"@graph\":[{\"@type\":\"Article\",\"@id\":\"https:\\\/\\\/www.un.org\\\/pga\\\/71\\\/2016\\\/09\\\/22\\\/high-level-side-event-on-the-world-humanitarian-summit-beyond-the-whs-advancing-the-agenda-for-humanity\\\/#article\",\"isPartOf\":{\"@id\":\"https:\\\/\\\/www.un.org\\\/pga\\\/71\\\/2016\\\/09\\\/22\\\/high-level-side-event-on-the-world-humanitarian-summit-beyond-the-whs-advancing-the-agenda-for-humanity\\\/\"},\"author\":{\"name\":\"Katharina Kandt\",\"@id\":\"https:\\\/\\\/www.un.org\\\/pga\\\/71\\\/#\\\/schema\\\/person\\\/06bf09e43d46846c087701ec99ac8412\"},\"headline\":\"High Level Side Event on the World Humanitarian Summit Beyond the WHS: Advancing the Agenda for Humanity\",\"datePublished\":\"2016-09-22T13:15:31+00:00\",\"dateModified\":\"2016-09-22T15:25:31+00:00\",\"mainEntityOfPage\":{\"@id\":\"https:\\\/\\\/www.un.org\\\/pga\\\/71\\\/2016\\\/09\\\/22\\\/high-level-side-event-on-the-world-humanitarian-summit-beyond-the-whs-advancing-the-agenda-for-humanity\\\/\"},\"wordCount\":536,\"publisher\":{\"@id\":\"https:\\\/\\\/www.un.org\\\/pga\\\/71\\\/#organization\"},\"image\":{\"@id\":\"https:\\\/\\\/www.un.org\\\/pga\\\/71\\\/2016\\\/09\\\/22\\\/high-level-side-event-on-the-world-humanitarian-summit-beyond-the-whs-advancing-the-agenda-for-humanity\\\/#primaryimage\"},\"thumbnailUrl\":\"https:\\\/\\\/www.un.org\\\/pga\\\/wp-content\\\/uploads\\\/sites\\\/40\\\/2016\\\/09\\\/IMG_3674.jpg\",\"keywords\":[\"human rights\",\"humanity\",\"latest news\",\"side event\",\"world humanitarian summit\"],\"articleSection\":[\"Statements\"],\"inLanguage\":\"en-US\"},{\"@type\":\"WebPage\",\"@id\":\"https:\\\/\\\/www.un.org\\\/pga\\\/71\\\/2016\\\/09\\\/22\\\/high-level-side-event-on-the-world-humanitarian-summit-beyond-the-whs-advancing-the-agenda-for-humanity\\\/\",\"url\":\"https:\\\/\\\/www.un.org\\\/pga\\\/71\\\/2016\\\/09\\\/22\\\/high-level-side-event-on-the-world-humanitarian-summit-beyond-the-whs-advancing-the-agenda-for-humanity\\\/\",\"name\":\"High Level Side Event on the World Humanitarian Summit Beyond the WHS: Advancing the Agenda for Humanity - General Assembly of the United Nations\",\"isPartOf\":{\"@id\":\"https:\\\/\\\/www.un.org\\\/pga\\\/71\\\/#website\"},\"primaryImageOfPage\":{\"@id\":\"https:\\\/\\\/www.un.org\\\/pga\\\/71\\\/2016\\\/09\\\/22\\\/high-level-side-event-on-the-world-humanitarian-summit-beyond-the-whs-advancing-the-agenda-for-humanity\\\/#primaryimage\"},\"image\":{\"@id\":\"https:\\\/\\\/www.un.org\\\/pga\\\/71\\\/2016\\\/09\\\/22\\\/high-level-side-event-on-the-world-humanitarian-summit-beyond-the-whs-advancing-the-agenda-for-humanity\\\/#primaryimage\"},\"thumbnailUrl\":\"https:\\\/\\\/www.un.org\\\/pga\\\/wp-content\\\/uploads\\\/sites\\\/40\\\/2016\\\/09\\\/IMG_3674.jpg\",\"datePublished\":\"2016-09-22T13:15:31+00:00\",\"dateModified\":\"2016-09-22T15:25:31+00:00\",\"breadcrumb\":{\"@id\":\"https:\\\/\\\/www.un.org\\\/pga\\\/71\\\/2016\\\/09\\\/22\\\/high-level-side-event-on-the-world-humanitarian-summit-beyond-the-whs-advancing-the-agenda-for-humanity\\\/#breadcrumb\"},\"inLanguage\":\"en-US\",\"potentialAction\":[{\"@type\":\"ReadAction\",\"target\":[\"https:\\\/\\\/www.un.org\\\/pga\\\/71\\\/2016\\\/09\\\/22\\\/high-level-side-event-on-the-world-humanitarian-summit-beyond-the-whs-advancing-the-agenda-for-humanity\\\/\"]}]},{\"@type\":\"ImageObject\",\"inLanguage\":\"en-US\",\"@id\":\"https:\\\/\\\/www.un.org\\\/pga\\\/71\\\/2016\\\/09\\\/22\\\/high-level-side-event-on-the-world-humanitarian-summit-beyond-the-whs-advancing-the-agenda-for-humanity\\\/#primaryimage\",\"url\":\"https:\\\/\\\/www.un.org\\\/pga\\\/wp-content\\\/uploads\\\/sites\\\/40\\\/2016\\\/09\\\/IMG_3674.jpg\",\"contentUrl\":\"https:\\\/\\\/www.un.org\\\/pga\\\/wp-content\\\/uploads\\\/sites\\\/40\\\/2016\\\/09\\\/IMG_3674.jpg\",\"width\":1280,\"height\":832,\"caption\":\"\u00a9OPGA\\\/Sen\"},{\"@type\":\"BreadcrumbList\",\"@id\":\"https:\\\/\\\/www.un.org\\\/pga\\\/71\\\/2016\\\/09\\\/22\\\/high-level-side-event-on-the-world-humanitarian-summit-beyond-the-whs-advancing-the-agenda-for-humanity\\\/#breadcrumb\",\"itemListElement\":[{\"@type\":\"ListItem\",\"position\":1,\"name\":\"Home\",\"item\":\"https:\\\/\\\/www.un.org\\\/pga\\\/71\\\/\"},{\"@type\":\"ListItem\",\"position\":2,\"name\":\"High Level Side Event on the World Humanitarian Summit Beyond the WHS: Advancing the Agenda for Humanity\"}]},{\"@type\":\"WebSite\",\"@id\":\"https:\\\/\\\/www.un.org\\\/pga\\\/71\\\/#website\",\"url\":\"https:\\\/\\\/www.un.org\\\/pga\\\/71\\\/\",\"name\":\"71st Session General Assembly of the United Nations\",\"description\":\"President of the 71st session\",\"publisher\":{\"@id\":\"https:\\\/\\\/www.un.org\\\/pga\\\/71\\\/#organization\"},\"potentialAction\":[{\"@type\":\"SearchAction\",\"target\":{\"@type\":\"EntryPoint\",\"urlTemplate\":\"https:\\\/\\\/www.un.org\\\/pga\\\/71\\\/?s={search_term_string}\"},\"query-input\":{\"@type\":\"PropertyValueSpecification\",\"valueRequired\":true,\"valueName\":\"search_term_string\"}}],\"inLanguage\":\"en-US\"},{\"@type\":\"Organization\",\"@id\":\"https:\\\/\\\/www.un.org\\\/pga\\\/71\\\/#organization\",\"name\":\"General Assembly of the United Nations\",\"url\":\"https:\\\/\\\/www.un.org\\\/pga\\\/71\\\/\",\"logo\":{\"@type\":\"ImageObject\",\"inLanguage\":\"en-US\",\"@id\":\"https:\\\/\\\/www.un.org\\\/pga\\\/71\\\/#\\\/schema\\\/logo\\\/image\\\/\",\"url\":\"https:\\\/\\\/www.un.org\\\/pga\\\/wp-content\\\/uploads\\\/sites\\\/40\\\/2016\\\/09\\\/pga71logo_without-tagline.jpg\",\"contentUrl\":\"https:\\\/\\\/www.un.org\\\/pga\\\/wp-content\\\/uploads\\\/sites\\\/40\\\/2016\\\/09\\\/pga71logo_without-tagline.jpg\",\"width\":400,\"height\":456,\"caption\":\"General Assembly of the United Nations\"},\"image\":{\"@id\":\"https:\\\/\\\/www.un.org\\\/pga\\\/71\\\/#\\\/schema\\\/logo\\\/image\\\/\"}},{\"@type\":\"Person\",\"@id\":\"https:\\\/\\\/www.un.org\\\/pga\\\/71\\\/#\\\/schema\\\/person\\\/06bf09e43d46846c087701ec99ac8412\",\"name\":\"Katharina Kandt\",\"image\":{\"@type\":\"ImageObject\",\"inLanguage\":\"en-US\",\"@id\":\"https:\\\/\\\/secure.gravatar.com\\\/avatar\\\/5e28c19bf52d2ea02ca4d78c4548f4e118fe08e94744f59f7938769a04ae856e?s=96&d=mm&r=g\",\"url\":\"https:\\\/\\\/secure.gravatar.com\\\/avatar\\\/5e28c19bf52d2ea02ca4d78c4548f4e118fe08e94744f59f7938769a04ae856e?s=96&d=mm&r=g\",\"contentUrl\":\"https:\\\/\\\/secure.gravatar.com\\\/avatar\\\/5e28c19bf52d2ea02ca4d78c4548f4e118fe08e94744f59f7938769a04ae856e?s=96&d=mm&r=g\",\"caption\":\"Katharina Kandt\"},\"url\":\"https:\\\/\\\/www.un.org\\\/pga\\\/71\\\/author\\\/kandtun-org\\\/\"}]}<\/script>\n<!-- \/ Yoast SEO plugin. -->","yoast_head_json":{"title":"High Level Side Event on the World Humanitarian Summit Beyond the WHS: Advancing the Agenda for Humanity - General Assembly of the United Nations","robots":{"index":"index","follow":"follow","max-snippet":"max-snippet:-1","max-image-preview":"max-image-preview:large","max-video-preview":"max-video-preview:-1"},"canonical":"https:\/\/www.un.org\/pga\/71\/2016\/09\/22\/high-level-side-event-on-the-world-humanitarian-summit-beyond-the-whs-advancing-the-agenda-for-humanity\/","og_locale":"en_US","og_type":"article","og_title":"High Level Side Event on the World Humanitarian Summit Beyond the WHS: Advancing the Agenda for Humanity - General Assembly of the United Nations","og_description":"Remarks by H.E. Mr Peter Thomson, \u00a0President of the 71st Session of the General Assembly at\u00a0High Level Side Event on the World Humanitarian Summit &#8211; &#8220;Beyond the WHS: Advancing the [&hellip;]","og_url":"https:\/\/www.un.org\/pga\/71\/2016\/09\/22\/high-level-side-event-on-the-world-humanitarian-summit-beyond-the-whs-advancing-the-agenda-for-humanity\/","og_site_name":"General Assembly of the United Nations","article_published_time":"2016-09-22T13:15:31+00:00","article_modified_time":"2016-09-22T15:25:31+00:00","og_image":[{"width":1280,"height":832,"url":"https:\/\/www.un.org\/pga\/wp-content\/uploads\/sites\/40\/2016\/09\/IMG_3674.jpg","type":"image\/jpeg"}],"author":"Katharina Kandt","twitter_card":"summary_large_image","twitter_misc":{"Written by":"Katharina Kandt","Est. reading time":"3 minutes"},"schema":{"@context":"https:\/\/schema.org","@graph":[{"@type":"Article","@id":"https:\/\/www.un.org\/pga\/71\/2016\/09\/22\/high-level-side-event-on-the-world-humanitarian-summit-beyond-the-whs-advancing-the-agenda-for-humanity\/#article","isPartOf":{"@id":"https:\/\/www.un.org\/pga\/71\/2016\/09\/22\/high-level-side-event-on-the-world-humanitarian-summit-beyond-the-whs-advancing-the-agenda-for-humanity\/"},"author":{"name":"Katharina Kandt","@id":"https:\/\/www.un.org\/pga\/71\/#\/schema\/person\/06bf09e43d46846c087701ec99ac8412"},"headline":"High Level Side Event on the World Humanitarian Summit Beyond the WHS: Advancing the Agenda for Humanity","datePublished":"2016-09-22T13:15:31+00:00","dateModified":"2016-09-22T15:25:31+00:00","mainEntityOfPage":{"@id":"https:\/\/www.un.org\/pga\/71\/2016\/09\/22\/high-level-side-event-on-the-world-humanitarian-summit-beyond-the-whs-advancing-the-agenda-for-humanity\/"},"wordCount":536,"publisher":{"@id":"https:\/\/www.un.org\/pga\/71\/#organization"},"image":{"@id":"https:\/\/www.un.org\/pga\/71\/2016\/09\/22\/high-level-side-event-on-the-world-humanitarian-summit-beyond-the-whs-advancing-the-agenda-for-humanity\/#primaryimage"},"thumbnailUrl":"https:\/\/www.un.org\/pga\/wp-content\/uploads\/sites\/40\/2016\/09\/IMG_3674.jpg","keywords":["human rights","humanity","latest news","side event","world humanitarian summit"],"articleSection":["Statements"],"inLanguage":"en-US"},{"@type":"WebPage","@id":"https:\/\/www.un.org\/pga\/71\/2016\/09\/22\/high-level-side-event-on-the-world-humanitarian-summit-beyond-the-whs-advancing-the-agenda-for-humanity\/","url":"https:\/\/www.un.org\/pga\/71\/2016\/09\/22\/high-level-side-event-on-the-world-humanitarian-summit-beyond-the-whs-advancing-the-agenda-for-humanity\/","name":"High Level Side Event on the World Humanitarian Summit Beyond the WHS: Advancing the Agenda for Humanity - General Assembly of the United Nations","isPartOf":{"@id":"https:\/\/www.un.org\/pga\/71\/#website"},"primaryImageOfPage":{"@id":"https:\/\/www.un.org\/pga\/71\/2016\/09\/22\/high-level-side-event-on-the-world-humanitarian-summit-beyond-the-whs-advancing-the-agenda-for-humanity\/#primaryimage"},"image":{"@id":"https:\/\/www.un.org\/pga\/71\/2016\/09\/22\/high-level-side-event-on-the-world-humanitarian-summit-beyond-the-whs-advancing-the-agenda-for-humanity\/#primaryimage"},"thumbnailUrl":"https:\/\/www.un.org\/pga\/wp-content\/uploads\/sites\/40\/2016\/09\/IMG_3674.jpg","datePublished":"2016-09-22T13:15:31+00:00","dateModified":"2016-09-22T15:25:31+00:00","breadcrumb":{"@id":"https:\/\/www.un.org\/pga\/71\/2016\/09\/22\/high-level-side-event-on-the-world-humanitarian-summit-beyond-the-whs-advancing-the-agenda-for-humanity\/#breadcrumb"},"inLanguage":"en-US","potentialAction":[{"@type":"ReadAction","target":["https:\/\/www.un.org\/pga\/71\/2016\/09\/22\/high-level-side-event-on-the-world-humanitarian-summit-beyond-the-whs-advancing-the-agenda-for-humanity\/"]}]},{"@type":"ImageObject","inLanguage":"en-US","@id":"https:\/\/www.un.org\/pga\/71\/2016\/09\/22\/high-level-side-event-on-the-world-humanitarian-summit-beyond-the-whs-advancing-the-agenda-for-humanity\/#primaryimage","url":"https:\/\/www.un.org\/pga\/wp-content\/uploads\/sites\/40\/2016\/09\/IMG_3674.jpg","contentUrl":"https:\/\/www.un.org\/pga\/wp-content\/uploads\/sites\/40\/2016\/09\/IMG_3674.jpg","width":1280,"height":832,"caption":"\u00a9OPGA\/Sen"},{"@type":"BreadcrumbList","@id":"https:\/\/www.un.org\/pga\/71\/2016\/09\/22\/high-level-side-event-on-the-world-humanitarian-summit-beyond-the-whs-advancing-the-agenda-for-humanity\/#breadcrumb","itemListElement":[{"@type":"ListItem","position":1,"name":"Home","item":"https:\/\/www.un.org\/pga\/71\/"},{"@type":"ListItem","position":2,"name":"High Level Side Event on the World Humanitarian Summit Beyond the WHS: Advancing the Agenda for Humanity"}]},{"@type":"WebSite","@id":"https:\/\/www.un.org\/pga\/71\/#website","url":"https:\/\/www.un.org\/pga\/71\/","name":"71st Session General Assembly of the United Nations","description":"President of the 71st session","publisher":{"@id":"https:\/\/www.un.org\/pga\/71\/#organization"},"potentialAction":[{"@type":"SearchAction","target":{"@type":"EntryPoint","urlTemplate":"https:\/\/www.un.org\/pga\/71\/?s={search_term_string}"},"query-input":{"@type":"PropertyValueSpecification","valueRequired":true,"valueName":"search_term_string"}}],"inLanguage":"en-US"},{"@type":"Organization","@id":"https:\/\/www.un.org\/pga\/71\/#organization","name":"General Assembly of the United Nations","url":"https:\/\/www.un.org\/pga\/71\/","logo":{"@type":"ImageObject","inLanguage":"en-US","@id":"https:\/\/www.un.org\/pga\/71\/#\/schema\/logo\/image\/","url":"https:\/\/www.un.org\/pga\/wp-content\/uploads\/sites\/40\/2016\/09\/pga71logo_without-tagline.jpg","contentUrl":"https:\/\/www.un.org\/pga\/wp-content\/uploads\/sites\/40\/2016\/09\/pga71logo_without-tagline.jpg","width":400,"height":456,"caption":"General Assembly of the United Nations"},"image":{"@id":"https:\/\/www.un.org\/pga\/71\/#\/schema\/logo\/image\/"}},{"@type":"Person","@id":"https:\/\/www.un.org\/pga\/71\/#\/schema\/person\/06bf09e43d46846c087701ec99ac8412","name":"Katharina Kandt","image":{"@type":"ImageObject","inLanguage":"en-US","@id":"https:\/\/secure.gravatar.com\/avatar\/5e28c19bf52d2ea02ca4d78c4548f4e118fe08e94744f59f7938769a04ae856e?s=96&d=mm&r=g","url":"https:\/\/secure.gravatar.com\/avatar\/5e28c19bf52d2ea02ca4d78c4548f4e118fe08e94744f59f7938769a04ae856e?s=96&d=mm&r=g","contentUrl":"https:\/\/secure.gravatar.com\/avatar\/5e28c19bf52d2ea02ca4d78c4548f4e118fe08e94744f59f7938769a04ae856e?s=96&d=mm&r=g","caption":"Katharina Kandt"},"url":"https:\/\/www.un.org\/pga\/71\/author\/kandtun-org\/"}]}},"_links":{"self":[{"href":"https:\/\/www.un.org\/pga\/71\/wp-json\/wp\/v2\/posts\/72028","targetHints":{"allow":["GET"]}}],"collection":[{"href":"https:\/\/www.un.org\/pga\/71\/wp-json\/wp\/v2\/posts"}],"about":[{"href":"https:\/\/www.un.org\/pga\/71\/wp-json\/wp\/v2\/types\/post"}],"author":[{"embeddable":true,"href":"https:\/\/www.un.org\/pga\/71\/wp-json\/wp\/v2\/users\/202"}],"replies":[{"embeddable":true,"href":"https:\/\/www.un.org\/pga\/71\/wp-json\/wp\/v2\/comments?post=72028"}],"version-history":[{"count":0,"href":"https:\/\/www.un.org\/pga\/71\/wp-json\/wp\/v2\/posts\/72028\/revisions"}],"wp:featuredmedia":[{"embeddable":true,"href":"https:\/\/www.un.org\/pga\/71\/wp-json\/wp\/v2\/media\/72356"}],"wp:attachment":[{"href":"https:\/\/www.un.org\/pga\/71\/wp-json\/wp\/v2\/media?parent=72028"}],"wp:term":[{"taxonomy":"category","embeddable":true,"href":"https:\/\/www.un.org\/pga\/71\/wp-json\/wp\/v2\/categories?post=72028"},{"taxonomy":"post_tag","embeddable":true,"href":"https:\/\/www.un.org\/pga\/71\/wp-json\/wp\/v2\/tags?post=72028"}],"curies":[{"name":"wp","href":"https:\/\/api.w.org\/{rel}","templated":true}]}}