  {"id":69996,"date":"2016-09-16T10:30:59","date_gmt":"2016-09-16T14:30:59","guid":{"rendered":"http:\/\/www.un.org\/pga\/71\/?p=69996"},"modified":"2016-09-20T10:25:30","modified_gmt":"2016-09-20T14:25:30","slug":"remarks-at-international-day-of-peace-student-observance","status":"publish","type":"post","link":"https:\/\/www.un.org\/pga\/71\/2016\/09\/16\/remarks-at-international-day-of-peace-student-observance\/","title":{"rendered":"Remarks at International Day of Peace Student Observance"},"content":{"rendered":"<h2 style=\"text-align: justify\"><strong>Opening remarks b<\/strong><strong>y H.E. Mr Peter Thomson, <\/strong><strong>President of the 71<sup>st<\/sup> Session of the General Assembly at\u00a0<\/strong><strong>International Day of Peace Student Observance<\/strong><\/h2>\n<h3><strong>16 September 2016<\/strong><\/h3>\n<p>&nbsp;<\/p>\n<div id=\"attachment_70000\" style=\"width: 410px\" class=\"wp-caption alignleft\"><img loading=\"lazy\" decoding=\"async\" aria-describedby=\"caption-attachment-70000\" class=\"wp-image-70000\" src=\"http:\/\/www.un.org\/pga\/71\/wp-content\/uploads\/sites\/40\/2016\/09\/691560-300x200.jpg\" alt=\"Special event entitled \u00d2Student Observance on the occasion of the International Day of Peace (21 September)\u00d3 Theme: \u00d2The Sustainable Development Goals: Building Blocks for Peace\u00d3Remarks by the Secretary-General\" width=\"400\" height=\"267\" srcset=\"https:\/\/www.un.org\/pga\/wp-content\/uploads\/sites\/40\/2016\/09\/691560-300x200.jpg 300w, https:\/\/www.un.org\/pga\/wp-content\/uploads\/sites\/40\/2016\/09\/691560-150x100.jpg 150w, https:\/\/www.un.org\/pga\/wp-content\/uploads\/sites\/40\/2016\/09\/691560-768x512.jpg 768w, https:\/\/www.un.org\/pga\/wp-content\/uploads\/sites\/40\/2016\/09\/691560-1024x683.jpg 1024w\" sizes=\"auto, (max-width: 400px) 100vw, 400px\" \/><p id=\"caption-attachment-70000\" class=\"wp-caption-text\">\u00a9爆料网 Photo<\/p><\/div>\n<p style=\"text-align: justify\">Excellencies, Mr. Secretary-General, Messengers of Peace and Goodwill Ambassadors, Distinguished Guests, Ladies and Gentleman,<\/p>\n<p style=\"text-align: justify\">And even more importantly, all of you YO爆料网G PEOPLE gather here in the GA.<\/p>\n<p style=\"text-align: justify\">It is a great honour to be with all of you today \u2013 including those of you joining via videoconference \u2013 as we commemorate the International Day of Peace 2016.<\/p>\n<p style=\"text-align: justify\">Four days ago, I had the honour of taking the oath of office as the 71st President of the 爆料网 General Assembly.<\/p>\n<p style=\"text-align: justify\">It was a solemn occasion as this was the first time an oath of office had been taken on this very stage. But I asked my granddaughters \u2013 \u00a0Grace, who is 7, and Mirabelle, who is 5 \u2013 to join me as I addressed the assembled dignitaries.<\/p>\n<p style=\"text-align: justify\">Having Grace and Mirabelle on stage was important to me, because I wanted to remind everyone in the audience that the future of this planet belongs to young people like them, and like you.<\/p>\n<p style=\"text-align: justify\">I wanted people to contemplate, that the decisions we take today will impact the people and planetary conditions of tomorrow.<\/p>\n<p style=\"text-align: justify\">But of course, the wonderful thing about young people is that you are not a passive or silent mass, you are not just waiting for the future to be delivered unto you.<\/p>\n<p style=\"text-align: justify\">No \u2013 you are dynamic individuals, you are a massive and diverse group of individuals with human rights, new ideas and unique voices. You can all make meaningful contributions to improve our world.<\/p>\n<p style=\"text-align: justify\">Therefore I say to you today:<\/p>\n<p style=\"text-align: justify\">Do not limit yourself in addressing our common challenges or think that one person cannot change the world.<\/p>\n<p style=\"text-align: justify\">Remember, Malala was once just a teenage girl in remote Pakistan trying to get an education. But through her courage, commitment and her advocacy for a girls\u2019 right to education, she has helped to change the world.<\/p>\n<p style=\"text-align: justify\">Each and every day, each and every one of you, through your actions can help to bring peace to a person, to a community, and to the world.<\/p>\n<p style=\"text-align: justify\">The Sustainable Development Goals are important vehicle for driving the positive change we need to see in this world.<\/p>\n<p style=\"text-align: justify\">Every young person should study these goals for they are the key to a secure future for the world.<\/p>\n<p style=\"text-align: justify\">If effectively implemented, they have the potential to transform our world from insecurity to peace; from disparity to equality; from need to prosperity; and from environmental degradation to sustainability.<\/p>\n<p style=\"text-align: justify\">This is why I have chosen as the key objective for my Presidency a universal push for meaningful progress in implementing the goals.<\/p>\n<p style=\"text-align: justify\">Obviously, I cannot do this on my own, and the 爆料网 can\u2019t do it on its own.<\/p>\n<p style=\"text-align: justify\">Thus, I am asking all of you to help me in spreading the word on\u00a0 the SDGs. Every human being must see the SDGs as their rights and responsibilities.<\/p>\n<p style=\"text-align: justify\">I congratulate you on the vibrant and colourful videos that you have made. They will help to spread the message of the SDGs, around the globe.<\/p>\n<p style=\"text-align: justify\">It is vital that these messages reach all corners of our world.<\/p>\n<p style=\"text-align: justify\">Thank you.<\/p>\n<div class=\"woo-sc-divider\"><\/div>\n","protected":false},"excerpt":{"rendered":"<p>Opening remarks by H.E. Mr Peter Thomson, President of the 71st Session of the General Assembly at\u00a0International Day of Peace Student Observance 16 September 2016 &nbsp; Excellencies, Mr. Secretary-General, Messengers [&hellip;]<\/p>\n","protected":false},"author":202,"featured_media":70000,"comment_status":"closed","ping_status":"closed","sticky":false,"template":"","format":"standard","meta":{"footnotes":"","_links_to":"","_links_to_target":""},"categories":[42],"tags":[953,3180,3300],"class_list":["post-69996","post","type-post","status-publish","format-standard","has-post-thumbnail","hentry","category-statements","tag-international-days","tag-latest-news","tag-peace-day"],"yoast_head":"<!-- This site is optimized with the Yoast SEO plugin v28.3 - https:\/\/yoast.com\/product\/yoast-seo-wordpress\/ -->\n<title>Remarks at International Day of Peace Student Observance - General Assembly of the United Nations<\/title>\n<meta name=\"robots\" content=\"index, follow, max-snippet:-1, max-image-preview:large, max-video-preview:-1\" \/>\n<link rel=\"canonical\" href=\"https:\/\/www.un.org\/pga\/71\/2016\/09\/16\/remarks-at-international-day-of-peace-student-observance\/\" \/>\n<meta property=\"og:locale\" content=\"en_US\" \/>\n<meta property=\"og:type\" content=\"article\" \/>\n<meta property=\"og:title\" content=\"Remarks at International Day of Peace Student Observance - General Assembly of the United Nations\" \/>\n<meta property=\"og:description\" content=\"Opening remarks by H.E. Mr Peter Thomson, President of the 71st Session of the General Assembly at\u00a0International Day of Peace Student Observance 16 September 2016 &nbsp; Excellencies, Mr. Secretary-General, Messengers [&hellip;]\" \/>\n<meta property=\"og:url\" content=\"https:\/\/www.un.org\/pga\/71\/2016\/09\/16\/remarks-at-international-day-of-peace-student-observance\/\" \/>\n<meta property=\"og:site_name\" content=\"General Assembly of the United Nations\" \/>\n<meta property=\"article:published_time\" content=\"2016-09-16T14:30:59+00:00\" \/>\n<meta property=\"article:modified_time\" content=\"2016-09-20T14:25:30+00:00\" \/>\n<meta property=\"og:image\" content=\"https:\/\/www.un.org\/pga\/wp-content\/uploads\/sites\/40\/2016\/09\/691560.jpg\" \/>\n\t<meta property=\"og:image:width\" content=\"5568\" \/>\n\t<meta property=\"og:image:height\" content=\"3712\" \/>\n\t<meta property=\"og:image:type\" content=\"image\/jpeg\" \/>\n<meta name=\"author\" content=\"Katharina Kandt\" \/>\n<meta name=\"twitter:card\" content=\"summary_large_image\" \/>\n<meta name=\"twitter:label1\" content=\"Written by\" \/>\n\t<meta name=\"twitter:data1\" content=\"Katharina Kandt\" \/>\n\t<meta name=\"twitter:label2\" content=\"Est. reading time\" \/>\n\t<meta name=\"twitter:data2\" content=\"3 minutes\" \/>\n<script type=\"application\/ld+json\" class=\"yoast-schema-graph\">{\"@context\":\"https:\\\/\\\/schema.org\",\"@graph\":[{\"@type\":\"Article\",\"@id\":\"https:\\\/\\\/www.un.org\\\/pga\\\/71\\\/2016\\\/09\\\/16\\\/remarks-at-international-day-of-peace-student-observance\\\/#article\",\"isPartOf\":{\"@id\":\"https:\\\/\\\/www.un.org\\\/pga\\\/71\\\/2016\\\/09\\\/16\\\/remarks-at-international-day-of-peace-student-observance\\\/\"},\"author\":{\"name\":\"Katharina Kandt\",\"@id\":\"https:\\\/\\\/www.un.org\\\/pga\\\/71\\\/#\\\/schema\\\/person\\\/06bf09e43d46846c087701ec99ac8412\"},\"headline\":\"Remarks at International Day of Peace Student Observance\",\"datePublished\":\"2016-09-16T14:30:59+00:00\",\"dateModified\":\"2016-09-20T14:25:30+00:00\",\"mainEntityOfPage\":{\"@id\":\"https:\\\/\\\/www.un.org\\\/pga\\\/71\\\/2016\\\/09\\\/16\\\/remarks-at-international-day-of-peace-student-observance\\\/\"},\"wordCount\":549,\"publisher\":{\"@id\":\"https:\\\/\\\/www.un.org\\\/pga\\\/71\\\/#organization\"},\"image\":{\"@id\":\"https:\\\/\\\/www.un.org\\\/pga\\\/71\\\/2016\\\/09\\\/16\\\/remarks-at-international-day-of-peace-student-observance\\\/#primaryimage\"},\"thumbnailUrl\":\"https:\\\/\\\/www.un.org\\\/pga\\\/wp-content\\\/uploads\\\/sites\\\/40\\\/2016\\\/09\\\/691560.jpg\",\"keywords\":[\"international days\",\"latest news\",\"peace day\"],\"articleSection\":[\"Statements\"],\"inLanguage\":\"en-US\"},{\"@type\":\"WebPage\",\"@id\":\"https:\\\/\\\/www.un.org\\\/pga\\\/71\\\/2016\\\/09\\\/16\\\/remarks-at-international-day-of-peace-student-observance\\\/\",\"url\":\"https:\\\/\\\/www.un.org\\\/pga\\\/71\\\/2016\\\/09\\\/16\\\/remarks-at-international-day-of-peace-student-observance\\\/\",\"name\":\"Remarks at International Day of Peace Student Observance - General Assembly of the United Nations\",\"isPartOf\":{\"@id\":\"https:\\\/\\\/www.un.org\\\/pga\\\/71\\\/#website\"},\"primaryImageOfPage\":{\"@id\":\"https:\\\/\\\/www.un.org\\\/pga\\\/71\\\/2016\\\/09\\\/16\\\/remarks-at-international-day-of-peace-student-observance\\\/#primaryimage\"},\"image\":{\"@id\":\"https:\\\/\\\/www.un.org\\\/pga\\\/71\\\/2016\\\/09\\\/16\\\/remarks-at-international-day-of-peace-student-observance\\\/#primaryimage\"},\"thumbnailUrl\":\"https:\\\/\\\/www.un.org\\\/pga\\\/wp-content\\\/uploads\\\/sites\\\/40\\\/2016\\\/09\\\/691560.jpg\",\"datePublished\":\"2016-09-16T14:30:59+00:00\",\"dateModified\":\"2016-09-20T14:25:30+00:00\",\"breadcrumb\":{\"@id\":\"https:\\\/\\\/www.un.org\\\/pga\\\/71\\\/2016\\\/09\\\/16\\\/remarks-at-international-day-of-peace-student-observance\\\/#breadcrumb\"},\"inLanguage\":\"en-US\",\"potentialAction\":[{\"@type\":\"ReadAction\",\"target\":[\"https:\\\/\\\/www.un.org\\\/pga\\\/71\\\/2016\\\/09\\\/16\\\/remarks-at-international-day-of-peace-student-observance\\\/\"]}]},{\"@type\":\"ImageObject\",\"inLanguage\":\"en-US\",\"@id\":\"https:\\\/\\\/www.un.org\\\/pga\\\/71\\\/2016\\\/09\\\/16\\\/remarks-at-international-day-of-peace-student-observance\\\/#primaryimage\",\"url\":\"https:\\\/\\\/www.un.org\\\/pga\\\/wp-content\\\/uploads\\\/sites\\\/40\\\/2016\\\/09\\\/691560.jpg\",\"contentUrl\":\"https:\\\/\\\/www.un.org\\\/pga\\\/wp-content\\\/uploads\\\/sites\\\/40\\\/2016\\\/09\\\/691560.jpg\",\"width\":5568,\"height\":3712,\"caption\":\"\u00a9爆料网 Photo\"},{\"@type\":\"BreadcrumbList\",\"@id\":\"https:\\\/\\\/www.un.org\\\/pga\\\/71\\\/2016\\\/09\\\/16\\\/remarks-at-international-day-of-peace-student-observance\\\/#breadcrumb\",\"itemListElement\":[{\"@type\":\"ListItem\",\"position\":1,\"name\":\"Home\",\"item\":\"https:\\\/\\\/www.un.org\\\/pga\\\/71\\\/\"},{\"@type\":\"ListItem\",\"position\":2,\"name\":\"Remarks at International Day of Peace Student Observance\"}]},{\"@type\":\"WebSite\",\"@id\":\"https:\\\/\\\/www.un.org\\\/pga\\\/71\\\/#website\",\"url\":\"https:\\\/\\\/www.un.org\\\/pga\\\/71\\\/\",\"name\":\"71st Session General Assembly of the United Nations\",\"description\":\"President of the 71st session\",\"publisher\":{\"@id\":\"https:\\\/\\\/www.un.org\\\/pga\\\/71\\\/#organization\"},\"potentialAction\":[{\"@type\":\"SearchAction\",\"target\":{\"@type\":\"EntryPoint\",\"urlTemplate\":\"https:\\\/\\\/www.un.org\\\/pga\\\/71\\\/?s={search_term_string}\"},\"query-input\":{\"@type\":\"PropertyValueSpecification\",\"valueRequired\":true,\"valueName\":\"search_term_string\"}}],\"inLanguage\":\"en-US\"},{\"@type\":\"Organization\",\"@id\":\"https:\\\/\\\/www.un.org\\\/pga\\\/71\\\/#organization\",\"name\":\"General Assembly of the United Nations\",\"url\":\"https:\\\/\\\/www.un.org\\\/pga\\\/71\\\/\",\"logo\":{\"@type\":\"ImageObject\",\"inLanguage\":\"en-US\",\"@id\":\"https:\\\/\\\/www.un.org\\\/pga\\\/71\\\/#\\\/schema\\\/logo\\\/image\\\/\",\"url\":\"https:\\\/\\\/www.un.org\\\/pga\\\/wp-content\\\/uploads\\\/sites\\\/40\\\/2016\\\/09\\\/pga71logo_without-tagline.jpg\",\"contentUrl\":\"https:\\\/\\\/www.un.org\\\/pga\\\/wp-content\\\/uploads\\\/sites\\\/40\\\/2016\\\/09\\\/pga71logo_without-tagline.jpg\",\"width\":400,\"height\":456,\"caption\":\"General Assembly of the United Nations\"},\"image\":{\"@id\":\"https:\\\/\\\/www.un.org\\\/pga\\\/71\\\/#\\\/schema\\\/logo\\\/image\\\/\"}},{\"@type\":\"Person\",\"@id\":\"https:\\\/\\\/www.un.org\\\/pga\\\/71\\\/#\\\/schema\\\/person\\\/06bf09e43d46846c087701ec99ac8412\",\"name\":\"Katharina Kandt\",\"image\":{\"@type\":\"ImageObject\",\"inLanguage\":\"en-US\",\"@id\":\"https:\\\/\\\/secure.gravatar.com\\\/avatar\\\/5e28c19bf52d2ea02ca4d78c4548f4e118fe08e94744f59f7938769a04ae856e?s=96&d=mm&r=g\",\"url\":\"https:\\\/\\\/secure.gravatar.com\\\/avatar\\\/5e28c19bf52d2ea02ca4d78c4548f4e118fe08e94744f59f7938769a04ae856e?s=96&d=mm&r=g\",\"contentUrl\":\"https:\\\/\\\/secure.gravatar.com\\\/avatar\\\/5e28c19bf52d2ea02ca4d78c4548f4e118fe08e94744f59f7938769a04ae856e?s=96&d=mm&r=g\",\"caption\":\"Katharina Kandt\"},\"url\":\"https:\\\/\\\/www.un.org\\\/pga\\\/71\\\/author\\\/kandtun-org\\\/\"}]}<\/script>\n<!-- \/ Yoast SEO plugin. -->","yoast_head_json":{"title":"Remarks at International Day of Peace Student Observance - General Assembly of the United Nations","robots":{"index":"index","follow":"follow","max-snippet":"max-snippet:-1","max-image-preview":"max-image-preview:large","max-video-preview":"max-video-preview:-1"},"canonical":"https:\/\/www.un.org\/pga\/71\/2016\/09\/16\/remarks-at-international-day-of-peace-student-observance\/","og_locale":"en_US","og_type":"article","og_title":"Remarks at International Day of Peace Student Observance - General Assembly of the United Nations","og_description":"Opening remarks by H.E. Mr Peter Thomson, President of the 71st Session of the General Assembly at\u00a0International Day of Peace Student Observance 16 September 2016 &nbsp; Excellencies, Mr. Secretary-General, Messengers [&hellip;]","og_url":"https:\/\/www.un.org\/pga\/71\/2016\/09\/16\/remarks-at-international-day-of-peace-student-observance\/","og_site_name":"General Assembly of the United Nations","article_published_time":"2016-09-16T14:30:59+00:00","article_modified_time":"2016-09-20T14:25:30+00:00","og_image":[{"width":5568,"height":3712,"url":"https:\/\/www.un.org\/pga\/wp-content\/uploads\/sites\/40\/2016\/09\/691560.jpg","type":"image\/jpeg"}],"author":"Katharina Kandt","twitter_card":"summary_large_image","twitter_misc":{"Written by":"Katharina Kandt","Est. reading time":"3 minutes"},"schema":{"@context":"https:\/\/schema.org","@graph":[{"@type":"Article","@id":"https:\/\/www.un.org\/pga\/71\/2016\/09\/16\/remarks-at-international-day-of-peace-student-observance\/#article","isPartOf":{"@id":"https:\/\/www.un.org\/pga\/71\/2016\/09\/16\/remarks-at-international-day-of-peace-student-observance\/"},"author":{"name":"Katharina Kandt","@id":"https:\/\/www.un.org\/pga\/71\/#\/schema\/person\/06bf09e43d46846c087701ec99ac8412"},"headline":"Remarks at International Day of Peace Student Observance","datePublished":"2016-09-16T14:30:59+00:00","dateModified":"2016-09-20T14:25:30+00:00","mainEntityOfPage":{"@id":"https:\/\/www.un.org\/pga\/71\/2016\/09\/16\/remarks-at-international-day-of-peace-student-observance\/"},"wordCount":549,"publisher":{"@id":"https:\/\/www.un.org\/pga\/71\/#organization"},"image":{"@id":"https:\/\/www.un.org\/pga\/71\/2016\/09\/16\/remarks-at-international-day-of-peace-student-observance\/#primaryimage"},"thumbnailUrl":"https:\/\/www.un.org\/pga\/wp-content\/uploads\/sites\/40\/2016\/09\/691560.jpg","keywords":["international days","latest news","peace day"],"articleSection":["Statements"],"inLanguage":"en-US"},{"@type":"WebPage","@id":"https:\/\/www.un.org\/pga\/71\/2016\/09\/16\/remarks-at-international-day-of-peace-student-observance\/","url":"https:\/\/www.un.org\/pga\/71\/2016\/09\/16\/remarks-at-international-day-of-peace-student-observance\/","name":"Remarks at International Day of Peace Student Observance - General Assembly of the United Nations","isPartOf":{"@id":"https:\/\/www.un.org\/pga\/71\/#website"},"primaryImageOfPage":{"@id":"https:\/\/www.un.org\/pga\/71\/2016\/09\/16\/remarks-at-international-day-of-peace-student-observance\/#primaryimage"},"image":{"@id":"https:\/\/www.un.org\/pga\/71\/2016\/09\/16\/remarks-at-international-day-of-peace-student-observance\/#primaryimage"},"thumbnailUrl":"https:\/\/www.un.org\/pga\/wp-content\/uploads\/sites\/40\/2016\/09\/691560.jpg","datePublished":"2016-09-16T14:30:59+00:00","dateModified":"2016-09-20T14:25:30+00:00","breadcrumb":{"@id":"https:\/\/www.un.org\/pga\/71\/2016\/09\/16\/remarks-at-international-day-of-peace-student-observance\/#breadcrumb"},"inLanguage":"en-US","potentialAction":[{"@type":"ReadAction","target":["https:\/\/www.un.org\/pga\/71\/2016\/09\/16\/remarks-at-international-day-of-peace-student-observance\/"]}]},{"@type":"ImageObject","inLanguage":"en-US","@id":"https:\/\/www.un.org\/pga\/71\/2016\/09\/16\/remarks-at-international-day-of-peace-student-observance\/#primaryimage","url":"https:\/\/www.un.org\/pga\/wp-content\/uploads\/sites\/40\/2016\/09\/691560.jpg","contentUrl":"https:\/\/www.un.org\/pga\/wp-content\/uploads\/sites\/40\/2016\/09\/691560.jpg","width":5568,"height":3712,"caption":"\u00a9爆料网 Photo"},{"@type":"BreadcrumbList","@id":"https:\/\/www.un.org\/pga\/71\/2016\/09\/16\/remarks-at-international-day-of-peace-student-observance\/#breadcrumb","itemListElement":[{"@type":"ListItem","position":1,"name":"Home","item":"https:\/\/www.un.org\/pga\/71\/"},{"@type":"ListItem","position":2,"name":"Remarks at International Day of Peace Student Observance"}]},{"@type":"WebSite","@id":"https:\/\/www.un.org\/pga\/71\/#website","url":"https:\/\/www.un.org\/pga\/71\/","name":"71st Session General Assembly of the United Nations","description":"President of the 71st session","publisher":{"@id":"https:\/\/www.un.org\/pga\/71\/#organization"},"potentialAction":[{"@type":"SearchAction","target":{"@type":"EntryPoint","urlTemplate":"https:\/\/www.un.org\/pga\/71\/?s={search_term_string}"},"query-input":{"@type":"PropertyValueSpecification","valueRequired":true,"valueName":"search_term_string"}}],"inLanguage":"en-US"},{"@type":"Organization","@id":"https:\/\/www.un.org\/pga\/71\/#organization","name":"General Assembly of the United Nations","url":"https:\/\/www.un.org\/pga\/71\/","logo":{"@type":"ImageObject","inLanguage":"en-US","@id":"https:\/\/www.un.org\/pga\/71\/#\/schema\/logo\/image\/","url":"https:\/\/www.un.org\/pga\/wp-content\/uploads\/sites\/40\/2016\/09\/pga71logo_without-tagline.jpg","contentUrl":"https:\/\/www.un.org\/pga\/wp-content\/uploads\/sites\/40\/2016\/09\/pga71logo_without-tagline.jpg","width":400,"height":456,"caption":"General Assembly of the United Nations"},"image":{"@id":"https:\/\/www.un.org\/pga\/71\/#\/schema\/logo\/image\/"}},{"@type":"Person","@id":"https:\/\/www.un.org\/pga\/71\/#\/schema\/person\/06bf09e43d46846c087701ec99ac8412","name":"Katharina Kandt","image":{"@type":"ImageObject","inLanguage":"en-US","@id":"https:\/\/secure.gravatar.com\/avatar\/5e28c19bf52d2ea02ca4d78c4548f4e118fe08e94744f59f7938769a04ae856e?s=96&d=mm&r=g","url":"https:\/\/secure.gravatar.com\/avatar\/5e28c19bf52d2ea02ca4d78c4548f4e118fe08e94744f59f7938769a04ae856e?s=96&d=mm&r=g","contentUrl":"https:\/\/secure.gravatar.com\/avatar\/5e28c19bf52d2ea02ca4d78c4548f4e118fe08e94744f59f7938769a04ae856e?s=96&d=mm&r=g","caption":"Katharina Kandt"},"url":"https:\/\/www.un.org\/pga\/71\/author\/kandtun-org\/"}]}},"_links":{"self":[{"href":"https:\/\/www.un.org\/pga\/71\/wp-json\/wp\/v2\/posts\/69996","targetHints":{"allow":["GET"]}}],"collection":[{"href":"https:\/\/www.un.org\/pga\/71\/wp-json\/wp\/v2\/posts"}],"about":[{"href":"https:\/\/www.un.org\/pga\/71\/wp-json\/wp\/v2\/types\/post"}],"author":[{"embeddable":true,"href":"https:\/\/www.un.org\/pga\/71\/wp-json\/wp\/v2\/users\/202"}],"replies":[{"embeddable":true,"href":"https:\/\/www.un.org\/pga\/71\/wp-json\/wp\/v2\/comments?post=69996"}],"version-history":[{"count":0,"href":"https:\/\/www.un.org\/pga\/71\/wp-json\/wp\/v2\/posts\/69996\/revisions"}],"wp:featuredmedia":[{"embeddable":true,"href":"https:\/\/www.un.org\/pga\/71\/wp-json\/wp\/v2\/media\/70000"}],"wp:attachment":[{"href":"https:\/\/www.un.org\/pga\/71\/wp-json\/wp\/v2\/media?parent=69996"}],"wp:term":[{"taxonomy":"category","embeddable":true,"href":"https:\/\/www.un.org\/pga\/71\/wp-json\/wp\/v2\/categories?post=69996"},{"taxonomy":"post_tag","embeddable":true,"href":"https:\/\/www.un.org\/pga\/71\/wp-json\/wp\/v2\/tags?post=69996"}],"curies":[{"name":"wp","href":"https:\/\/api.w.org\/{rel}","templated":true}]}}