  {"id":69124,"date":"2016-09-15T15:00:29","date_gmt":"2016-09-15T19:00:29","guid":{"rendered":"http:\/\/www.un.org\/pga\/71\/?p=69124"},"modified":"2016-09-18T15:32:37","modified_gmt":"2016-09-18T19:32:37","slug":"meeting-with-chair-of-third-committee","status":"publish","type":"post","link":"https:\/\/www.un.org\/pga\/71\/2016\/09\/15\/meeting-with-chair-of-third-committee\/","title":{"rendered":"Meeting with Chair of Third Committee"},"content":{"rendered":"<div id=\"attachment_69128\" style=\"width: 310px\" class=\"wp-caption alignleft\"><img loading=\"lazy\" decoding=\"async\" aria-describedby=\"caption-attachment-69128\" class=\"size-medium wp-image-69128\" src=\"http:\/\/www.un.org\/pga\/71\/wp-content\/uploads\/sites\/40\/2016\/09\/3C-300x237.jpg\" alt=\"The President of the ±¬ÁÏÍø General Assembly met with Chair of the Third Committee, H.E. Ms. Mar\u00eda Emma Mej\u00eda V\u00e9lez, Permanent Representative of Colombia\" width=\"300\" height=\"237\" srcset=\"https:\/\/www.un.org\/pga\/wp-content\/uploads\/sites\/40\/2016\/09\/3C-300x237.jpg 300w, https:\/\/www.un.org\/pga\/wp-content\/uploads\/sites\/40\/2016\/09\/3C-150x119.jpg 150w, https:\/\/www.un.org\/pga\/wp-content\/uploads\/sites\/40\/2016\/09\/3C-768x608.jpg 768w, https:\/\/www.un.org\/pga\/wp-content\/uploads\/sites\/40\/2016\/09\/3C.jpg 872w\" sizes=\"auto, (max-width: 300px) 100vw, 300px\" \/><p id=\"caption-attachment-69128\" class=\"wp-caption-text\">\u00a9OPGA\/Sousa<\/p><\/div>\n<p style=\"text-align: justify\">The President of the General Assembly, H.E. Mr. Peter Thomson met with the Chair of the Third Committee, H.E. Ms. Mar\u00eda Emma Mej\u00eda V\u00e9lez, Permanent Representative of Colombia to the ±¬ÁÏÍø. They exchanged views on the agenda and the working methods of the Third Committee, as well as on mandated events. They agreed that ways should be explored on how to align the agenda of the General Assembly with the 2030 Agenda, with an emphasis on addressing synergies, coherence and complementarity, including between all main General Assembly Committees and between the GA and ECOSOC. The President of the General Assembly and the Chair of the Third \u00a0Committee confirmed their intention to continue their dialogue and mutual support throughout the 71st GA session.<\/p>\n","protected":false},"excerpt":{"rendered":"<p>The President of the General Assembly, H.E. Mr. Peter Thomson met with the Chair of the Third Committee, H.E. Ms. Mar\u00eda Emma Mej\u00eda V\u00e9lez, Permanent Representative of Colombia to the [&hellip;]<\/p>\n","protected":false},"author":202,"featured_media":69128,"comment_status":"closed","ping_status":"closed","sticky":false,"template":"","format":"standard","meta":{"footnotes":"","_links_to":"","_links_to_target":""},"categories":[165],"tags":[3260,341,2811,3180,1181],"class_list":["post-69124","post","type-post","status-publish","format-standard","has-post-thumbnail","hentry","category-news-stories","tag-3c","tag-bilateral","tag-colombia","tag-latest-news","tag-third-committee"],"yoast_head":"<!-- This site is optimized with the Yoast SEO plugin v28.3 - https:\/\/yoast.com\/product\/yoast-seo-wordpress\/ -->\n<title>Meeting with Chair of Third Committee - General Assembly of the United Nations<\/title>\n<meta name=\"robots\" content=\"index, follow, max-snippet:-1, max-image-preview:large, max-video-preview:-1\" \/>\n<link rel=\"canonical\" href=\"https:\/\/www.un.org\/pga\/71\/2016\/09\/15\/meeting-with-chair-of-third-committee\/\" \/>\n<meta property=\"og:locale\" content=\"en_US\" \/>\n<meta property=\"og:type\" content=\"article\" \/>\n<meta property=\"og:title\" content=\"Meeting with Chair of Third Committee - General Assembly of the United Nations\" \/>\n<meta property=\"og:description\" content=\"The President of the General Assembly, H.E. Mr. Peter Thomson met with the Chair of the Third Committee, H.E. Ms. Mar\u00eda Emma Mej\u00eda V\u00e9lez, Permanent Representative of Colombia to the [&hellip;]\" \/>\n<meta property=\"og:url\" content=\"https:\/\/www.un.org\/pga\/71\/2016\/09\/15\/meeting-with-chair-of-third-committee\/\" \/>\n<meta property=\"og:site_name\" content=\"General Assembly of the United Nations\" \/>\n<meta property=\"article:published_time\" content=\"2016-09-15T19:00:29+00:00\" \/>\n<meta property=\"article:modified_time\" content=\"2016-09-18T19:32:37+00:00\" \/>\n<meta property=\"og:image\" content=\"https:\/\/www.un.org\/pga\/wp-content\/uploads\/sites\/40\/2016\/09\/3C.jpg\" \/>\n\t<meta property=\"og:image:width\" content=\"872\" \/>\n\t<meta property=\"og:image:height\" content=\"690\" \/>\n\t<meta property=\"og:image:type\" content=\"image\/jpeg\" \/>\n<meta name=\"author\" content=\"Katharina Kandt\" \/>\n<meta name=\"twitter:card\" content=\"summary_large_image\" \/>\n<meta name=\"twitter:label1\" content=\"Written by\" \/>\n\t<meta name=\"twitter:data1\" content=\"Katharina Kandt\" \/>\n\t<meta name=\"twitter:label2\" content=\"Est. reading time\" \/>\n\t<meta name=\"twitter:data2\" content=\"1 minute\" \/>\n<script type=\"application\/ld+json\" class=\"yoast-schema-graph\">{\"@context\":\"https:\\\/\\\/schema.org\",\"@graph\":[{\"@type\":\"Article\",\"@id\":\"https:\\\/\\\/www.un.org\\\/pga\\\/71\\\/2016\\\/09\\\/15\\\/meeting-with-chair-of-third-committee\\\/#article\",\"isPartOf\":{\"@id\":\"https:\\\/\\\/www.un.org\\\/pga\\\/71\\\/2016\\\/09\\\/15\\\/meeting-with-chair-of-third-committee\\\/\"},\"author\":{\"name\":\"Katharina Kandt\",\"@id\":\"https:\\\/\\\/www.un.org\\\/pga\\\/71\\\/#\\\/schema\\\/person\\\/06bf09e43d46846c087701ec99ac8412\"},\"headline\":\"Meeting with Chair of Third Committee\",\"datePublished\":\"2016-09-15T19:00:29+00:00\",\"dateModified\":\"2016-09-18T19:32:37+00:00\",\"mainEntityOfPage\":{\"@id\":\"https:\\\/\\\/www.un.org\\\/pga\\\/71\\\/2016\\\/09\\\/15\\\/meeting-with-chair-of-third-committee\\\/\"},\"wordCount\":141,\"publisher\":{\"@id\":\"https:\\\/\\\/www.un.org\\\/pga\\\/71\\\/#organization\"},\"image\":{\"@id\":\"https:\\\/\\\/www.un.org\\\/pga\\\/71\\\/2016\\\/09\\\/15\\\/meeting-with-chair-of-third-committee\\\/#primaryimage\"},\"thumbnailUrl\":\"https:\\\/\\\/www.un.org\\\/pga\\\/wp-content\\\/uploads\\\/sites\\\/40\\\/2016\\\/09\\\/3C.jpg\",\"keywords\":[\"3C\",\"bilateral\",\"Colombia\",\"latest news\",\"third committee\"],\"articleSection\":[\"News stories\"],\"inLanguage\":\"en-US\"},{\"@type\":\"WebPage\",\"@id\":\"https:\\\/\\\/www.un.org\\\/pga\\\/71\\\/2016\\\/09\\\/15\\\/meeting-with-chair-of-third-committee\\\/\",\"url\":\"https:\\\/\\\/www.un.org\\\/pga\\\/71\\\/2016\\\/09\\\/15\\\/meeting-with-chair-of-third-committee\\\/\",\"name\":\"Meeting with Chair of Third Committee - General Assembly of the United Nations\",\"isPartOf\":{\"@id\":\"https:\\\/\\\/www.un.org\\\/pga\\\/71\\\/#website\"},\"primaryImageOfPage\":{\"@id\":\"https:\\\/\\\/www.un.org\\\/pga\\\/71\\\/2016\\\/09\\\/15\\\/meeting-with-chair-of-third-committee\\\/#primaryimage\"},\"image\":{\"@id\":\"https:\\\/\\\/www.un.org\\\/pga\\\/71\\\/2016\\\/09\\\/15\\\/meeting-with-chair-of-third-committee\\\/#primaryimage\"},\"thumbnailUrl\":\"https:\\\/\\\/www.un.org\\\/pga\\\/wp-content\\\/uploads\\\/sites\\\/40\\\/2016\\\/09\\\/3C.jpg\",\"datePublished\":\"2016-09-15T19:00:29+00:00\",\"dateModified\":\"2016-09-18T19:32:37+00:00\",\"breadcrumb\":{\"@id\":\"https:\\\/\\\/www.un.org\\\/pga\\\/71\\\/2016\\\/09\\\/15\\\/meeting-with-chair-of-third-committee\\\/#breadcrumb\"},\"inLanguage\":\"en-US\",\"potentialAction\":[{\"@type\":\"ReadAction\",\"target\":[\"https:\\\/\\\/www.un.org\\\/pga\\\/71\\\/2016\\\/09\\\/15\\\/meeting-with-chair-of-third-committee\\\/\"]}]},{\"@type\":\"ImageObject\",\"inLanguage\":\"en-US\",\"@id\":\"https:\\\/\\\/www.un.org\\\/pga\\\/71\\\/2016\\\/09\\\/15\\\/meeting-with-chair-of-third-committee\\\/#primaryimage\",\"url\":\"https:\\\/\\\/www.un.org\\\/pga\\\/wp-content\\\/uploads\\\/sites\\\/40\\\/2016\\\/09\\\/3C.jpg\",\"contentUrl\":\"https:\\\/\\\/www.un.org\\\/pga\\\/wp-content\\\/uploads\\\/sites\\\/40\\\/2016\\\/09\\\/3C.jpg\",\"width\":872,\"height\":690,\"caption\":\"\u00a9OPGA\\\/Sousa\"},{\"@type\":\"BreadcrumbList\",\"@id\":\"https:\\\/\\\/www.un.org\\\/pga\\\/71\\\/2016\\\/09\\\/15\\\/meeting-with-chair-of-third-committee\\\/#breadcrumb\",\"itemListElement\":[{\"@type\":\"ListItem\",\"position\":1,\"name\":\"Home\",\"item\":\"https:\\\/\\\/www.un.org\\\/pga\\\/71\\\/\"},{\"@type\":\"ListItem\",\"position\":2,\"name\":\"Meeting with Chair of Third Committee\"}]},{\"@type\":\"WebSite\",\"@id\":\"https:\\\/\\\/www.un.org\\\/pga\\\/71\\\/#website\",\"url\":\"https:\\\/\\\/www.un.org\\\/pga\\\/71\\\/\",\"name\":\"71st Session General Assembly of the United Nations\",\"description\":\"President of the 71st session\",\"publisher\":{\"@id\":\"https:\\\/\\\/www.un.org\\\/pga\\\/71\\\/#organization\"},\"potentialAction\":[{\"@type\":\"SearchAction\",\"target\":{\"@type\":\"EntryPoint\",\"urlTemplate\":\"https:\\\/\\\/www.un.org\\\/pga\\\/71\\\/?s={search_term_string}\"},\"query-input\":{\"@type\":\"PropertyValueSpecification\",\"valueRequired\":true,\"valueName\":\"search_term_string\"}}],\"inLanguage\":\"en-US\"},{\"@type\":\"Organization\",\"@id\":\"https:\\\/\\\/www.un.org\\\/pga\\\/71\\\/#organization\",\"name\":\"General Assembly of the United Nations\",\"url\":\"https:\\\/\\\/www.un.org\\\/pga\\\/71\\\/\",\"logo\":{\"@type\":\"ImageObject\",\"inLanguage\":\"en-US\",\"@id\":\"https:\\\/\\\/www.un.org\\\/pga\\\/71\\\/#\\\/schema\\\/logo\\\/image\\\/\",\"url\":\"https:\\\/\\\/www.un.org\\\/pga\\\/wp-content\\\/uploads\\\/sites\\\/40\\\/2016\\\/09\\\/pga71logo_without-tagline.jpg\",\"contentUrl\":\"https:\\\/\\\/www.un.org\\\/pga\\\/wp-content\\\/uploads\\\/sites\\\/40\\\/2016\\\/09\\\/pga71logo_without-tagline.jpg\",\"width\":400,\"height\":456,\"caption\":\"General Assembly of the United Nations\"},\"image\":{\"@id\":\"https:\\\/\\\/www.un.org\\\/pga\\\/71\\\/#\\\/schema\\\/logo\\\/image\\\/\"}},{\"@type\":\"Person\",\"@id\":\"https:\\\/\\\/www.un.org\\\/pga\\\/71\\\/#\\\/schema\\\/person\\\/06bf09e43d46846c087701ec99ac8412\",\"name\":\"Katharina Kandt\",\"image\":{\"@type\":\"ImageObject\",\"inLanguage\":\"en-US\",\"@id\":\"https:\\\/\\\/secure.gravatar.com\\\/avatar\\\/5e28c19bf52d2ea02ca4d78c4548f4e118fe08e94744f59f7938769a04ae856e?s=96&d=mm&r=g\",\"url\":\"https:\\\/\\\/secure.gravatar.com\\\/avatar\\\/5e28c19bf52d2ea02ca4d78c4548f4e118fe08e94744f59f7938769a04ae856e?s=96&d=mm&r=g\",\"contentUrl\":\"https:\\\/\\\/secure.gravatar.com\\\/avatar\\\/5e28c19bf52d2ea02ca4d78c4548f4e118fe08e94744f59f7938769a04ae856e?s=96&d=mm&r=g\",\"caption\":\"Katharina Kandt\"},\"url\":\"https:\\\/\\\/www.un.org\\\/pga\\\/71\\\/author\\\/kandtun-org\\\/\"}]}<\/script>\n<!-- \/ Yoast SEO plugin. -->","yoast_head_json":{"title":"Meeting with Chair of Third Committee - General Assembly of the United Nations","robots":{"index":"index","follow":"follow","max-snippet":"max-snippet:-1","max-image-preview":"max-image-preview:large","max-video-preview":"max-video-preview:-1"},"canonical":"https:\/\/www.un.org\/pga\/71\/2016\/09\/15\/meeting-with-chair-of-third-committee\/","og_locale":"en_US","og_type":"article","og_title":"Meeting with Chair of Third Committee - General Assembly of the United Nations","og_description":"The President of the General Assembly, H.E. Mr. Peter Thomson met with the Chair of the Third Committee, H.E. Ms. Mar\u00eda Emma Mej\u00eda V\u00e9lez, Permanent Representative of Colombia to the [&hellip;]","og_url":"https:\/\/www.un.org\/pga\/71\/2016\/09\/15\/meeting-with-chair-of-third-committee\/","og_site_name":"General Assembly of the United Nations","article_published_time":"2016-09-15T19:00:29+00:00","article_modified_time":"2016-09-18T19:32:37+00:00","og_image":[{"width":872,"height":690,"url":"https:\/\/www.un.org\/pga\/wp-content\/uploads\/sites\/40\/2016\/09\/3C.jpg","type":"image\/jpeg"}],"author":"Katharina Kandt","twitter_card":"summary_large_image","twitter_misc":{"Written by":"Katharina Kandt","Est. reading time":"1 minute"},"schema":{"@context":"https:\/\/schema.org","@graph":[{"@type":"Article","@id":"https:\/\/www.un.org\/pga\/71\/2016\/09\/15\/meeting-with-chair-of-third-committee\/#article","isPartOf":{"@id":"https:\/\/www.un.org\/pga\/71\/2016\/09\/15\/meeting-with-chair-of-third-committee\/"},"author":{"name":"Katharina Kandt","@id":"https:\/\/www.un.org\/pga\/71\/#\/schema\/person\/06bf09e43d46846c087701ec99ac8412"},"headline":"Meeting with Chair of Third Committee","datePublished":"2016-09-15T19:00:29+00:00","dateModified":"2016-09-18T19:32:37+00:00","mainEntityOfPage":{"@id":"https:\/\/www.un.org\/pga\/71\/2016\/09\/15\/meeting-with-chair-of-third-committee\/"},"wordCount":141,"publisher":{"@id":"https:\/\/www.un.org\/pga\/71\/#organization"},"image":{"@id":"https:\/\/www.un.org\/pga\/71\/2016\/09\/15\/meeting-with-chair-of-third-committee\/#primaryimage"},"thumbnailUrl":"https:\/\/www.un.org\/pga\/wp-content\/uploads\/sites\/40\/2016\/09\/3C.jpg","keywords":["3C","bilateral","Colombia","latest news","third committee"],"articleSection":["News stories"],"inLanguage":"en-US"},{"@type":"WebPage","@id":"https:\/\/www.un.org\/pga\/71\/2016\/09\/15\/meeting-with-chair-of-third-committee\/","url":"https:\/\/www.un.org\/pga\/71\/2016\/09\/15\/meeting-with-chair-of-third-committee\/","name":"Meeting with Chair of Third Committee - General Assembly of the United Nations","isPartOf":{"@id":"https:\/\/www.un.org\/pga\/71\/#website"},"primaryImageOfPage":{"@id":"https:\/\/www.un.org\/pga\/71\/2016\/09\/15\/meeting-with-chair-of-third-committee\/#primaryimage"},"image":{"@id":"https:\/\/www.un.org\/pga\/71\/2016\/09\/15\/meeting-with-chair-of-third-committee\/#primaryimage"},"thumbnailUrl":"https:\/\/www.un.org\/pga\/wp-content\/uploads\/sites\/40\/2016\/09\/3C.jpg","datePublished":"2016-09-15T19:00:29+00:00","dateModified":"2016-09-18T19:32:37+00:00","breadcrumb":{"@id":"https:\/\/www.un.org\/pga\/71\/2016\/09\/15\/meeting-with-chair-of-third-committee\/#breadcrumb"},"inLanguage":"en-US","potentialAction":[{"@type":"ReadAction","target":["https:\/\/www.un.org\/pga\/71\/2016\/09\/15\/meeting-with-chair-of-third-committee\/"]}]},{"@type":"ImageObject","inLanguage":"en-US","@id":"https:\/\/www.un.org\/pga\/71\/2016\/09\/15\/meeting-with-chair-of-third-committee\/#primaryimage","url":"https:\/\/www.un.org\/pga\/wp-content\/uploads\/sites\/40\/2016\/09\/3C.jpg","contentUrl":"https:\/\/www.un.org\/pga\/wp-content\/uploads\/sites\/40\/2016\/09\/3C.jpg","width":872,"height":690,"caption":"\u00a9OPGA\/Sousa"},{"@type":"BreadcrumbList","@id":"https:\/\/www.un.org\/pga\/71\/2016\/09\/15\/meeting-with-chair-of-third-committee\/#breadcrumb","itemListElement":[{"@type":"ListItem","position":1,"name":"Home","item":"https:\/\/www.un.org\/pga\/71\/"},{"@type":"ListItem","position":2,"name":"Meeting with Chair of Third Committee"}]},{"@type":"WebSite","@id":"https:\/\/www.un.org\/pga\/71\/#website","url":"https:\/\/www.un.org\/pga\/71\/","name":"71st Session General Assembly of the United Nations","description":"President of the 71st session","publisher":{"@id":"https:\/\/www.un.org\/pga\/71\/#organization"},"potentialAction":[{"@type":"SearchAction","target":{"@type":"EntryPoint","urlTemplate":"https:\/\/www.un.org\/pga\/71\/?s={search_term_string}"},"query-input":{"@type":"PropertyValueSpecification","valueRequired":true,"valueName":"search_term_string"}}],"inLanguage":"en-US"},{"@type":"Organization","@id":"https:\/\/www.un.org\/pga\/71\/#organization","name":"General Assembly of the United Nations","url":"https:\/\/www.un.org\/pga\/71\/","logo":{"@type":"ImageObject","inLanguage":"en-US","@id":"https:\/\/www.un.org\/pga\/71\/#\/schema\/logo\/image\/","url":"https:\/\/www.un.org\/pga\/wp-content\/uploads\/sites\/40\/2016\/09\/pga71logo_without-tagline.jpg","contentUrl":"https:\/\/www.un.org\/pga\/wp-content\/uploads\/sites\/40\/2016\/09\/pga71logo_without-tagline.jpg","width":400,"height":456,"caption":"General Assembly of the United Nations"},"image":{"@id":"https:\/\/www.un.org\/pga\/71\/#\/schema\/logo\/image\/"}},{"@type":"Person","@id":"https:\/\/www.un.org\/pga\/71\/#\/schema\/person\/06bf09e43d46846c087701ec99ac8412","name":"Katharina Kandt","image":{"@type":"ImageObject","inLanguage":"en-US","@id":"https:\/\/secure.gravatar.com\/avatar\/5e28c19bf52d2ea02ca4d78c4548f4e118fe08e94744f59f7938769a04ae856e?s=96&d=mm&r=g","url":"https:\/\/secure.gravatar.com\/avatar\/5e28c19bf52d2ea02ca4d78c4548f4e118fe08e94744f59f7938769a04ae856e?s=96&d=mm&r=g","contentUrl":"https:\/\/secure.gravatar.com\/avatar\/5e28c19bf52d2ea02ca4d78c4548f4e118fe08e94744f59f7938769a04ae856e?s=96&d=mm&r=g","caption":"Katharina Kandt"},"url":"https:\/\/www.un.org\/pga\/71\/author\/kandtun-org\/"}]}},"_links":{"self":[{"href":"https:\/\/www.un.org\/pga\/71\/wp-json\/wp\/v2\/posts\/69124","targetHints":{"allow":["GET"]}}],"collection":[{"href":"https:\/\/www.un.org\/pga\/71\/wp-json\/wp\/v2\/posts"}],"about":[{"href":"https:\/\/www.un.org\/pga\/71\/wp-json\/wp\/v2\/types\/post"}],"author":[{"embeddable":true,"href":"https:\/\/www.un.org\/pga\/71\/wp-json\/wp\/v2\/users\/202"}],"replies":[{"embeddable":true,"href":"https:\/\/www.un.org\/pga\/71\/wp-json\/wp\/v2\/comments?post=69124"}],"version-history":[{"count":0,"href":"https:\/\/www.un.org\/pga\/71\/wp-json\/wp\/v2\/posts\/69124\/revisions"}],"wp:featuredmedia":[{"embeddable":true,"href":"https:\/\/www.un.org\/pga\/71\/wp-json\/wp\/v2\/media\/69128"}],"wp:attachment":[{"href":"https:\/\/www.un.org\/pga\/71\/wp-json\/wp\/v2\/media?parent=69124"}],"wp:term":[{"taxonomy":"category","embeddable":true,"href":"https:\/\/www.un.org\/pga\/71\/wp-json\/wp\/v2\/categories?post=69124"},{"taxonomy":"post_tag","embeddable":true,"href":"https:\/\/www.un.org\/pga\/71\/wp-json\/wp\/v2\/tags?post=69124"}],"curies":[{"name":"wp","href":"https:\/\/api.w.org\/{rel}","templated":true}]}}